{"id":6425,"date":"2013-03-29T10:30:33","date_gmt":"2013-03-29T09:30:33","guid":{"rendered":"https:\/\/wp.muchomaas.com\/sacre-foulard6425\/"},"modified":"2023-06-23T23:14:03","modified_gmt":"2023-06-23T21:14:03","slug":"sacre-foulard6425","status":"publish","type":"post","link":"https:\/\/archives.regards.fr\/?p=6425","title":{"rendered":"Sacr\u00e9 foulard"},"content":{"rendered":"<p class=\"post_excerpt\">C&#8217;est reparti! L&#8217;annulation, la semaine derni\u00e8re, par la cour de cassation du licenciement de la salari\u00e9e de la cr\u00e8che Baby-loup, licenci\u00e9e parce qu&#8217;elle avait refus\u00e9e d&#8217;\u00f4ter son voile, relance le d\u00e9bat sur voile et la\u00efcit\u00e9. \u00c0 l&#8217;annonce du jugement, plusieurs personnalit\u00e9s politiques, de la majorit\u00e9 comme de l&#8217;opposition, ont exprim\u00e9 leur souhait d&#8217;une loi interdisant le port du voile dans les lieux priv\u00e9s\u2026D\u00e9cid\u00e9ment, la la\u00efcit\u00e9 \u00e0 le dos large, il nous a donc sembl\u00e9 opportun de republier l&#8217;article de Cl\u00e9mentine Autain sur ce sujet, publi\u00e9 dans le <a href=\"https:\/\/wp.muchomaas.com\/trimestriel\/no1-hiver-2012-2013\/le-nouveau-regards-hiver-2013,5576\">premier num\u00e9ro<\/a> de notre trimestriel.<\/p>\n<p>S\u2019il est un d\u00e9bat qui a enflamm\u00e9 ces<br \/>\nderni\u00e8res ann\u00e9es le pays en g\u00e9n\u00e9ral<br \/>\net la gauche de gauche en particulier,<br \/>\nc\u2019est bien celui sur le foulard, le voile,<br \/>\nla burqa port\u00e9s par des femmes<br \/>\nmusulmanes. J\u2019y ai pris ma part, sans<br \/>\ntoujours comprendre pourquoi tant de<br \/>\nhaine \u00e0 ce sujet, avec un double parti<br \/>\npris : le voile est un signe d\u2019oppression<br \/>\ndes femmes ; la stigmatisation et la<br \/>\nr\u00e9pression du voile sont un signe de<br \/>\nla guerre contre les musulmans.<br \/>\nDeux questions me sont toujours<br \/>\napparues essentielles.<\/p>\n<p>Comment faire en sorte que les<br \/>\nfemmes qui le portent n\u2019aient plus<br \/>\nenvie de le porter ? Pour ce faire, il<br \/>\nfaut comprendre de quoi le foulard<br \/>\nest le nom. Il signe le reliquat d\u2019une<br \/>\noppression des femmes qui ne passe<br \/>\npas \u2013 et je comprends que toutes celles<br \/>\net ceux attach\u00e9s aux droits des femmes<br \/>\ndurement acquis ne supportent pas<br \/>\nqu\u2019ils puissent appara\u00eetre ainsi remis<br \/>\nen cause. Il indique \u00e9galement qu\u2019un<br \/>\ncertain nombre de femmes se sentent<br \/>\nrejet\u00e9es de la modernit\u00e9 et vivent<br \/>\ncomme un refuge le port du voile. Ne<br \/>\npas le comprendre, c\u2019est prendre le<br \/>\nrisque de passer \u00e0 c\u00f4t\u00e9 des \u00e9l\u00e9ments<br \/>\nde r\u00e9ponse qui permettront de gagner<br \/>\ndurablement, de faire en sorte que<br \/>\nces femmes s\u2019approprient le d\u00e9sir<br \/>\nde ne plus le porter. La question<br \/>\nm\u2019appara\u00eet donc strat\u00e9gique. C\u2019est le<br \/>\nrapport \u00e0 l\u2019ordre et \u00e0 l\u2019\u00e9mancipation<br \/>\nqui est en jeu. Tendre ce d\u00e9bat, lui<br \/>\ndonner une telle importance, menacer,<br \/>\nimposer, c\u2019est prendre le risque de<br \/>\nl\u2019incompr\u00e9hension, du braquage<br \/>\nde ces femmes vis-\u00e0-vis<br \/>\ndes valeurs \u00e9mancipatrices.<\/p>\n<p>Autre question : comment ne pas<br \/>\ntomber dans le pi\u00e8ge tendu par<br \/>\nl\u2019instrumentalisation du foulard qui<br \/>\nm\u00e8ne au rejet des arabo-musulmans ?<br \/>\nEn voyant toutes ces bonnes \u00e2mes,<br \/>\nde droite comme de gauche, qui<br \/>\nn\u2019ont jamais lev\u00e9 le petit doigt pour<br \/>\nd\u00e9fendre l\u2019\u00e9galit\u00e9 hommes\/femmes,<br \/>\net qui, soudain, se sentent une \u00e2me<br \/>\nf\u00e9ministe, mon coeur se soul\u00e8ve.<br \/>\nCeux-l\u00e0 sont vent debout contre ce<br \/>\nmaudit voile mais ne voient rien des<br \/>\nsignes d\u2019oppression et d\u2019ali\u00e9nation<br \/>\nqui \u00e9maillent notre quotidien et qui<br \/>\nimpr\u00e8gnent l\u2019attitude et le corps<br \/>\nf\u00e9minins dans notre France du<br \/>\nxxie si\u00e8cle. Deux poids, deux mesures.<br \/>\nCherchez l\u2019erreur\u2026 C\u2019est qu\u2019en<br \/>\ng\u00e9n\u00e9ral, ils v\u00e9hiculent une vision<br \/>\nexcluante de la R\u00e9publique et de la<br \/>\nla\u00efcit\u00e9. Les arabo-musulmans sont<br \/>\nau fond pour eux les ennemis de<br \/>\nl\u2019int\u00e9rieur qui raviveraient des valeurs<br \/>\nbarbares. Nous l\u2019avons vu au d\u00e9tour<br \/>\ndu viol, avec ce mot invent\u00e9 pour eux :<br \/>\nles \u00ab tournantes \u00bb, qui ne sont rien<br \/>\nd\u2019autres que des viols collectifs qui se<br \/>\npassent aussi dans les beaux quartiers,<br \/>\nquelle que soit la couleur de peau ou la<br \/>\nculture des agresseurs.<\/p>\n<p>Je n\u2019ai pas envie de pr\u00eater mon<br \/>\nf\u00e9minisme \u00e0 une attaque en r\u00e8gle<br \/>\naux relents n\u00e9ocoloniaux contre une<br \/>\npartie de la soci\u00e9t\u00e9. Pas plus que je<br \/>\nne supporterais que mon f\u00e9minisme<br \/>\nsoit mis sous le boisseau d\u2019un pseudorelativisme<br \/>\nculturel ou d\u2019une nouvelle<br \/>\nhi\u00e9rarchie des luttes, faisant primer le<br \/>\ncombat contre le racisme sur celui de<br \/>\nla lib\u00e9ration femmes. L\u2019\u00e9mancipation<br \/>\nn\u2019a de sens que si elle articule toutes les<br \/>\nfacettes \u00e0 m\u00eame de lib\u00e9rer le collectif<br \/>\net les individus de leurs cha\u00eenes.<div id='gallery-1' class='gallery galleryid-6425 gallery-columns-3 gallery-size-thumbnail'><figure class='gallery-item'>\n\t\t\t<div class='gallery-icon landscape'>\n\t\t\t\t<a href='https:\/\/archives.regards.fr\/wp-content\/uploads\/2013\/03\/hij-3e2.png'><img loading=\"lazy\" decoding=\"async\" width=\"150\" height=\"150\" src=\"https:\/\/archives.regards.fr\/wp-content\/uploads\/2013\/03\/hij-3e2-150x150.png\" class=\"attachment-thumbnail size-thumbnail\" alt=\"hij.png\" \/><\/a>\n\t\t\t<\/div><\/figure>\n\t\t<\/div>\n<\/p>\n","protected":false},"excerpt":{"rendered":"<p>C&#8217;est reparti! L&#8217;annulation, la semaine derni\u00e8re, par la cour de cassation du licenciement de la salari\u00e9e de la cr\u00e8che Baby-loup, licenci\u00e9e parce qu&#8217;elle avait refus\u00e9e d&#8217;\u00f4ter son voile, relance le d\u00e9bat sur voile et la\u00efcit\u00e9. \u00c0 l&#8217;annonce du jugement, plusieurs personnalit\u00e9s politiques, de la majorit\u00e9 comme de l&#8217;opposition, ont exprim\u00e9 leur souhait d&#8217;une loi interdisant le port du voile dans les lieux priv\u00e9s\u2026D\u00e9cid\u00e9ment, la la\u00efcit\u00e9 \u00e0 le dos large, il nous a donc sembl\u00e9 opportun de republier l&#8217;article de Cl\u00e9mentine Autain sur ce sujet, publi\u00e9 dans le <a href=\"https:\/\/wp.muchomaas.com\/trimestriel\/no1-hiver-2012-2013\/le-nouveau-regards-hiver-2013,5576\">premier num\u00e9ro<\/a> de notre trimestriel.<\/p>\n","protected":false},"author":570,"featured_media":18068,"comment_status":"open","ping_status":"open","sticky":false,"template":"","format":"standard","meta":{"_themeisle_gutenberg_block_has_review":false,"footnotes":""},"categories":[1],"tags":[],"class_list":["post-6425","post","type-post","status-publish","format-standard","has-post-thumbnail","hentry","category-non-classe"],"_links":{"self":[{"href":"https:\/\/archives.regards.fr\/index.php?rest_route=\/wp\/v2\/posts\/6425","targetHints":{"allow":["GET"]}}],"collection":[{"href":"https:\/\/archives.regards.fr\/index.php?rest_route=\/wp\/v2\/posts"}],"about":[{"href":"https:\/\/archives.regards.fr\/index.php?rest_route=\/wp\/v2\/types\/post"}],"author":[{"embeddable":true,"href":"https:\/\/archives.regards.fr\/index.php?rest_route=\/wp\/v2\/users\/570"}],"replies":[{"embeddable":true,"href":"https:\/\/archives.regards.fr\/index.php?rest_route=%2Fwp%2Fv2%2Fcomments&post=6425"}],"version-history":[{"count":0,"href":"https:\/\/archives.regards.fr\/index.php?rest_route=\/wp\/v2\/posts\/6425\/revisions"}],"wp:featuredmedia":[{"embeddable":true,"href":"https:\/\/archives.regards.fr\/index.php?rest_route=\/wp\/v2\/media\/18068"}],"wp:attachment":[{"href":"https:\/\/archives.regards.fr\/index.php?rest_route=%2Fwp%2Fv2%2Fmedia&parent=6425"}],"wp:term":[{"taxonomy":"category","embeddable":true,"href":"https:\/\/archives.regards.fr\/index.php?rest_route=%2Fwp%2Fv2%2Fcategories&post=6425"},{"taxonomy":"post_tag","embeddable":true,"href":"https:\/\/archives.regards.fr\/index.php?rest_route=%2Fwp%2Fv2%2Ftags&post=6425"}],"curies":[{"name":"wp","href":"https:\/\/api.w.org\/{rel}","templated":true}]}}