{"id":6424,"date":"2013-03-29T10:35:19","date_gmt":"2013-03-29T09:35:19","guid":{"rendered":"https:\/\/wp.muchomaas.com\/fn-la-petite-haine-qui-monte6424\/"},"modified":"2023-06-23T23:14:03","modified_gmt":"2023-06-23T21:14:03","slug":"fn-la-petite-haine-qui-monte6424","status":"publish","type":"post","link":"https:\/\/archives.regards.fr\/?p=6424","title":{"rendered":"FN, la petite haine qui monte"},"content":{"rendered":"<p class=\"post_excerpt\">48,6% des voix au second tour. C&#8217;est le score de Florence Italiani, la candidate FN aux \u00e9lections partielles de l&#8217;Oise. Certes, elle n&#8217;a pas \u00e9t\u00e9 \u00e9lue, mais ce n&#8217;est pas une raison pour regarder ailleurs. Au contraire, il faut regarder d&#8217;un peu plus pr\u00e8s, et prendre en compte que 43% des \u00e9lecteurs ayant vot\u00e9 socialiste au premier tour ont vot\u00e9 FN au second. C&#8217;est grave. D&#8217;autant que l&#8217;\u00e9v\u00e9nement n&#8217;a pas suscit\u00e9 une grande \u00e9motion.  Alors comment faire pour enrayer ce qui se profile \u00e0 l&#8217;horizon 2014, voire 2017? \u00c0 savoir, la possibilit\u00e9 que l&#8217;extr\u00eame droite conquiert de nombreuses villes aux prochaines municipales et finisse par nous rejouer le cauchemar de 2002, avec une candidate pr\u00e9sente au second tour de la pr\u00e9sidentielle. Marine Le Pen deuxi\u00e8me femme politique pr\u00e9f\u00e9r\u00e9e des Fran\u00e7ais, le bon score de Florence Italiani, le changement d&#8217;attitude des m\u00e9dias vis-\u00e0-vis de la leader de l&#8217;extr\u00eame droite\u2026Analyser les processus en cause dans la progression du FN en France, d\u00e9crypter les enjeux pour mieux pouvoir y faire face, telle est l&#8217;ambition de notre dossier du week-end, avec en avant-premi\u00e8re un article publi\u00e9 dans le prochain Regards trimestriel, intitul\u00e9 &#8220;Marine Le Pen y va franco&#8221;.<\/p>\n<p><strong>Sur Regards :<\/strong><\/p>\n<ul>\n<li> &#8211; <a href=\"6411\">Perc\u00e9e du FN, des lendemains qui hantent<\/a><\/li>\n<li> &#8211;  <a href=\"6421\">Marine Le Pen y va franco<\/a><\/li>\n<li> &#8211; <a href=\"6422\">Un fascisme fran\u00e7ais ?<\/a><\/li>\n<\/ul>\n<p><strong>et ailleurs :<\/strong><\/p>\n<ul>\n<li> &#8211; <a href=\"http:\/\/picardie.france3.fr\/2013\/03\/25\/que-s-est-il-passe-dans-la-2eme-circonscription-de-l-oise-par-joel-gombin-222537.html\">Que s&#8217;est-il pass\u00e9 dans la 2\u00e8me circonscription de l&#8217;Oise ? Par Jo\u00ebl Gombin<\/a>, FRANCE 3 PICARDIE<\/li>\n<li> &#8211; <a href=\"http:\/\/www.lemonde.fr\/politique\/article\/2013\/02\/06\/le-fn-se-banalise-aux-yeux-des-francais_1827548_823448.html\">Le FN de Marine Le Pen se banalise \u00e0 droite<\/a>, LE MONDE<\/li>\n<li> &#8211; <a href=\"http:\/\/www.nvo.fr\/article.php?IDchapitre=623&#038;IDrub=6&#038;IDsousrubrique=104\">Solidarit\u00e9s contre haine de l\u2019autre<\/a>, NVO\n<\/li>\n<\/ul>\n<div id='gallery-1' class='gallery galleryid-6424 gallery-columns-3 gallery-size-thumbnail'><figure class='gallery-item'>\n\t\t\t<div class='gallery-icon landscape'>\n\t\t\t\t<a href='https:\/\/archives.regards.fr\/wp-content\/uploads\/2013\/03\/fn-1a4.png'><img loading=\"lazy\" decoding=\"async\" width=\"150\" height=\"150\" src=\"https:\/\/archives.regards.fr\/wp-content\/uploads\/2013\/03\/fn-1a4-150x150.png\" class=\"attachment-thumbnail size-thumbnail\" alt=\"fn.png\" \/><\/a>\n\t\t\t<\/div><\/figure>\n\t\t<\/div>\n\n","protected":false},"excerpt":{"rendered":"<p>48,6% des voix au second tour. C&#8217;est le score de Florence Italiani, la candidate FN aux \u00e9lections partielles de l&#8217;Oise. Certes, elle n&#8217;a pas \u00e9t\u00e9 \u00e9lue, mais ce n&#8217;est pas une raison pour regarder ailleurs. Au contraire, il faut regarder d&#8217;un peu plus pr\u00e8s, et prendre en compte que 43% des \u00e9lecteurs ayant vot\u00e9 socialiste au premier tour ont vot\u00e9 FN au second. C&#8217;est grave. D&#8217;autant que l&#8217;\u00e9v\u00e9nement n&#8217;a pas suscit\u00e9 une grande \u00e9motion.  Alors comment faire pour enrayer ce qui se profile \u00e0 l&#8217;horizon 2014, voire 2017? \u00c0 savoir, la possibilit\u00e9 que l&#8217;extr\u00eame droite conquiert de nombreuses villes aux prochaines municipales et finisse par nous rejouer le cauchemar de 2002, avec une candidate pr\u00e9sente au second tour de la pr\u00e9sidentielle. Marine Le Pen deuxi\u00e8me femme politique pr\u00e9f\u00e9r\u00e9e des Fran\u00e7ais, le bon score de Florence Italiani, le changement d&#8217;attitude des m\u00e9dias vis-\u00e0-vis de la leader de l&#8217;extr\u00eame droite\u2026Analyser les processus en cause dans la progression du FN en France, d\u00e9crypter les enjeux pour mieux pouvoir y faire face, telle est l&#8217;ambition de notre dossier du week-end, avec en avant-premi\u00e8re un article publi\u00e9 dans le prochain Regards trimestriel, intitul\u00e9 &#8220;Marine Le Pen y va franco&#8221;.<\/p>\n","protected":false},"author":643,"featured_media":18066,"comment_status":"open","ping_status":"open","sticky":false,"template":"","format":"standard","meta":{"_themeisle_gutenberg_block_has_review":false,"footnotes":""},"categories":[105],"tags":[],"class_list":["post-6424","post","type-post","status-publish","format-standard","has-post-thumbnail","hentry","category-nos-dossiers"],"_links":{"self":[{"href":"https:\/\/archives.regards.fr\/index.php?rest_route=\/wp\/v2\/posts\/6424","targetHints":{"allow":["GET"]}}],"collection":[{"href":"https:\/\/archives.regards.fr\/index.php?rest_route=\/wp\/v2\/posts"}],"about":[{"href":"https:\/\/archives.regards.fr\/index.php?rest_route=\/wp\/v2\/types\/post"}],"author":[{"embeddable":true,"href":"https:\/\/archives.regards.fr\/index.php?rest_route=\/wp\/v2\/users\/643"}],"replies":[{"embeddable":true,"href":"https:\/\/archives.regards.fr\/index.php?rest_route=%2Fwp%2Fv2%2Fcomments&post=6424"}],"version-history":[{"count":0,"href":"https:\/\/archives.regards.fr\/index.php?rest_route=\/wp\/v2\/posts\/6424\/revisions"}],"wp:featuredmedia":[{"embeddable":true,"href":"https:\/\/archives.regards.fr\/index.php?rest_route=\/wp\/v2\/media\/18066"}],"wp:attachment":[{"href":"https:\/\/archives.regards.fr\/index.php?rest_route=%2Fwp%2Fv2%2Fmedia&parent=6424"}],"wp:term":[{"taxonomy":"category","embeddable":true,"href":"https:\/\/archives.regards.fr\/index.php?rest_route=%2Fwp%2Fv2%2Fcategories&post=6424"},{"taxonomy":"post_tag","embeddable":true,"href":"https:\/\/archives.regards.fr\/index.php?rest_route=%2Fwp%2Fv2%2Ftags&post=6424"}],"curies":[{"name":"wp","href":"https:\/\/api.w.org\/{rel}","templated":true}]}}