{"id":6412,"date":"2013-03-26T09:19:34","date_gmt":"2013-03-26T08:19:34","guid":{"rendered":"https:\/\/wp.muchomaas.com\/dispensaires-sociaux-la-solidarite6412\/"},"modified":"2023-06-23T23:14:01","modified_gmt":"2023-06-23T21:14:01","slug":"dispensaires-sociaux-la-solidarite6412","status":"publish","type":"post","link":"https:\/\/archives.regards.fr\/?p=6412","title":{"rendered":"Dispensaires sociaux, la solidarit\u00e9 \u00e0 la grecque"},"content":{"rendered":"<p class=\"post_excerpt\">En visite en France pour la premi\u00e8re initiative publique du Collectif \u00ab Solidarit\u00e9 franco-grecque pour la sant\u00e9\u00a0\u00bb en faveur des dispensaires sociaux, le docteur Giorgos Vichas nous explique les origines de ce mouvement.\n<\/p>\n<p><strong>Regards.fr. <\/strong> <em> <strong>Docteur Giorgos Vichas, pourriez-vous vous pr\u00e9senter \u00e0 nos lecteurs\u00a0?<\/strong> <\/em><\/p>\n<p><strong>Docteur Giorgos Vichas.<\/strong> Je suis un cardiologue travaillant dans le syst\u00e8me national de sant\u00e9 et je viens ici au titre de responsable du Dispensaire social m\u00e9tropolitain d&#8217;Ellinikon \u00e0 Ath\u00e8nes. Le dispensaire social est une initiative de m\u00e9decins b\u00e9n\u00e9voles visant \u00e0 assurer des soins \u00e0 des patients sans s\u00e9curit\u00e9 sociale, sans emploi et sans ressource. En d\u00e9cembre 2011, apr\u00e8s le M\u00e9morandum de l&#8217;Union europ\u00e9enne, les personnes sans s\u00e9curit\u00e9 sociale ont \u00e9t\u00e9 exclues du syst\u00e8me de sant\u00e9 et se sont trouv\u00e9es dans l&#8217;impossibilit\u00e9 de recourir \u00e0 un m\u00e9decin\u00a0: c&#8217;est dans ce cadre que le dispensaire a \u00e9t\u00e9 cr\u00e9\u00e9. Il faut savoir qu&#8217;au-del\u00e0 d&#8217;une ann\u00e9e de ch\u00f4mage, on n&#8217;est plus assur\u00e9 en Gr\u00e8ce. Par ailleurs, pour les assur\u00e9s, la part \u00e0 la charge des patients pour la plupart des pathologies est pass\u00e9e de 10 \u00e0 25 voire 30\u00a0% des traitements. Les dispensaires sociaux grecs estiment qu&#8217;aujourd&#8217;hui, de 35 \u00e0 40\u00a0% de la population n&#8217;est plus couverte par la s\u00e9curit\u00e9 sociale. <\/p>\n<p><em> <strong>En quoi consiste un dispensaire social\u00a0?<\/strong> <\/em><\/p>\n<p>Ceux-ci se sont organis\u00e9s sur trois principes fondateurs. Le premier est que le travail y est totalement b\u00e9n\u00e9vole et que personne ne peut recevoir d&#8217;argent dans le cadre de cette activit\u00e9. Le second est que le Dispensaire fait appel \u00e0 des dons de m\u00e9dicaments et refuse tout argent. Le troisi\u00e8me est le refus de tout sponsoring de la part d&#8217;un quelconque donateur. Ces principes stricts ne nous ont pas emp\u00each\u00e9 de nous d\u00e9velopper rapidement. Il y a aujourd&#8217;hui vingt dispensaires dans toute la Gr\u00e8ce. Nous tiendrons notre prochaine r\u00e9union de coordination dimanche prochain. Notre dispensaire d&#8217;Ellinikon, a \u00e9t\u00e9 le premier op\u00e9rationnel. Il a \u00e9t\u00e9 rendu possible gr\u00e2ce \u00e0 l&#8217;appui de la municipalit\u00e9 d&#8217;Ellinikon qui nous laisse \u00e0 disposition un local de 250 m2. Notre dispensaire regroupe aujourd&#8217;hui 90 m\u00e9decins, 10 pharmaciens, 15 dentistes, 10 psychologues et 120 autres b\u00e9n\u00e9voles qui assurent du secr\u00e9tariat et de la communication. Du point de vue des m\u00e9dicaments, ce sont, pour 80\u00a0%, des particuliers qui donnent des m\u00e9dicaments non p\u00e9rim\u00e9s au Dispensaire. Lorsque nous manquons de certains m\u00e9dicaments, notamment des vaccins pour enfants, certains les ach\u00e8tent sp\u00e9cialement pour nous. <\/p>\n<p><iframe loading=\"lazy\" width=\"460\" height=\"345\" src=\"http:\/\/www.youtube.com\/embed\/h2qZZ7OPbgY\" frameborder=\"0\" allowfullscreen><\/iframe><br clear=\"all\"><br \/>\n<\/p>\n<p><em> <strong>Comment faites-vous lorsque les soins \u00e0 donner d\u00e9passent le cadre d&#8217;un dispensaire et n\u00e9cessitent, par exemple, des op\u00e9rations chirurgicales\u00a0?<\/strong> <\/em><\/p>\n<p>Nous sommes aid\u00e9s par le plus grand h\u00f4pital priv\u00e9 d&#8217;Ath\u00e8nes et les deux plus grandes maternit\u00e9s. Certains h\u00f4pitaux publics passent outre la loi qui interdit des prestations gratuites \u00e0 des non-assur\u00e9s. Nous sommes fiers d&#8217;avoir ainsi pu r\u00e9aliser quatre op\u00e9rations de cardiologie. Mais cela ne se passe pas non plus toujours bien. La semaine prochaine, nous entrerons de force dans la maternit\u00e9 de l&#8217;H\u00f4pital Alexandra pour exiger la prise en charge de deux femmes enceintes. Le choix de cet h\u00f4pital n&#8217;est pas fortuit\u00a0: il a t\u00e9moign\u00e9 d&#8217;une forte inhumanit\u00e9 \u00e0 deux reprises. Le premier en refusant de rendre un nouveau-n\u00e9 \u00e0 sa m\u00e8re dans l&#8217;attente de son r\u00e8glement d&#8217;hospitalisation, le second en mena\u00e7ant de prison une r\u00e9fugi\u00e9e politique afghane \u00e0 qui on exigeait le r\u00e8glement de 1200 euros de frais d&#8217;hospitalisation.<\/p>\n<p><em> <strong>Votre initiative t\u00e9moigne d&#8217;une forte capacit\u00e9 de r\u00e9silience de la soci\u00e9t\u00e9 grecque. Souhaitez-vous inscrire cette d\u00e9marche dans une perspective politique\u00a0?<\/strong> <\/em><\/p>\n<p>Le dispensaire social n&#8217;a aucune existence juridique et nous ne souhaitons pas qu&#8217;il en ait une. Il n&#8217;existe qu&#8217;\u00e0 cause des politiques de la Tro\u00efka et nous l&#8217;esp\u00e9rons temporaire. Il participe d&#8217;un mouvement pour un syst\u00e8me de sant\u00e9 public, gratuit et sans corruption. Le dispensaire social agit dans deux directions simultan\u00e9es. Il prend le patient par la main afin de lui redonner espoir et en m\u00eame temps, il le persuade de se battre pour mettre fin \u00e0 cette politique. C&#8217;est pourquoi le Dispensaire d&#8217;Ellinikon est partie prenante du processus de l&#8217;Alter-Summit europ\u00e9en qui aura lieu les 8 et 9 juin 2013 \u00e0 Ath\u00e8nes. <\/p>\n<p><em> <strong>Un dernier mot\u00a0?<\/strong> <\/em><\/p>\n<p>D\u00e9sormais la solidarit\u00e9 d\u00e9passe les fronti\u00e8res. D\u00e9j\u00e0, un groupe de m\u00e9decins allemands pr\u00e9sents \u00e0 Francfort, Munich et Berlin organise la solidarit\u00e9 concr\u00e8te \u00e0 l&#8217;\u00e9gard de nos dispensaires et font aussi conna\u00eetre la situation sanitaire grecque en tant que r\u00e9sultat concret de la politique actuellement men\u00e9e. Ce qui se passe aujourd&#8217;hui \u00e0 Chypre est du m\u00eame ressort et ne se concerne pas que nos deux pays. Il est urgent que les peuples europ\u00e9ens expriment leur solidarit\u00e9 et se battent tous ensemble pour r\u00e9sister \u00e0 la logique de ces politiques.<div id='gallery-1' class='gallery galleryid-6412 gallery-columns-3 gallery-size-thumbnail'><figure class='gallery-item'>\n\t\t\t<div class='gallery-icon landscape'>\n\t\t\t\t<a href='https:\/\/archives.regards.fr\/wp-content\/uploads\/2013\/03\/grec-3-23a.jpg'><img loading=\"lazy\" decoding=\"async\" width=\"150\" height=\"150\" src=\"https:\/\/archives.regards.fr\/wp-content\/uploads\/2013\/03\/grec-3-23a-150x150.jpg\" class=\"attachment-thumbnail size-thumbnail\" alt=\"grec-3.jpg\" \/><\/a>\n\t\t\t<\/div><\/figure>\n\t\t<\/div>\n<\/p>\n","protected":false},"excerpt":{"rendered":"<p>En visite en France pour la premi\u00e8re initiative publique du Collectif \u00ab Solidarit\u00e9 franco-grecque pour la sant\u00e9\u00a0\u00bb en faveur des dispensaires sociaux, le docteur Giorgos Vichas nous explique les origines de ce mouvement.<\/p>\n","protected":false},"author":672,"featured_media":18044,"comment_status":"open","ping_status":"open","sticky":false,"template":"","format":"standard","meta":{"_themeisle_gutenberg_block_has_review":false,"footnotes":""},"categories":[157],"tags":[293,420],"class_list":["post-6412","post","type-post","status-publish","format-standard","has-post-thumbnail","hentry","category-web","tag-entretien","tag-grece"],"_links":{"self":[{"href":"https:\/\/archives.regards.fr\/index.php?rest_route=\/wp\/v2\/posts\/6412","targetHints":{"allow":["GET"]}}],"collection":[{"href":"https:\/\/archives.regards.fr\/index.php?rest_route=\/wp\/v2\/posts"}],"about":[{"href":"https:\/\/archives.regards.fr\/index.php?rest_route=\/wp\/v2\/types\/post"}],"author":[{"embeddable":true,"href":"https:\/\/archives.regards.fr\/index.php?rest_route=\/wp\/v2\/users\/672"}],"replies":[{"embeddable":true,"href":"https:\/\/archives.regards.fr\/index.php?rest_route=%2Fwp%2Fv2%2Fcomments&post=6412"}],"version-history":[{"count":0,"href":"https:\/\/archives.regards.fr\/index.php?rest_route=\/wp\/v2\/posts\/6412\/revisions"}],"wp:featuredmedia":[{"embeddable":true,"href":"https:\/\/archives.regards.fr\/index.php?rest_route=\/wp\/v2\/media\/18044"}],"wp:attachment":[{"href":"https:\/\/archives.regards.fr\/index.php?rest_route=%2Fwp%2Fv2%2Fmedia&parent=6412"}],"wp:term":[{"taxonomy":"category","embeddable":true,"href":"https:\/\/archives.regards.fr\/index.php?rest_route=%2Fwp%2Fv2%2Fcategories&post=6412"},{"taxonomy":"post_tag","embeddable":true,"href":"https:\/\/archives.regards.fr\/index.php?rest_route=%2Fwp%2Fv2%2Ftags&post=6412"}],"curies":[{"name":"wp","href":"https:\/\/api.w.org\/{rel}","templated":true}]}}