{"id":6391,"date":"2013-03-21T09:57:44","date_gmt":"2013-03-21T08:57:44","guid":{"rendered":"https:\/\/wp.muchomaas.com\/le-monde-politique-d-oz6391\/"},"modified":"2013-03-21T09:57:44","modified_gmt":"2013-03-21T08:57:44","slug":"le-monde-politique-d-oz6391","status":"publish","type":"post","link":"https:\/\/archives.regards.fr\/?p=6391","title":{"rendered":"Le monde (politique) d&#8217;Oz"},"content":{"rendered":"<p>Bon, l\u2019ambiance Walt Disney, \u00e7a peut \u00eatre bien sirupeux et moralement exasp\u00e9rant. Et parfois\u2026 Pour qui a aim\u00e9, ador\u00e9, \u00e9t\u00e9 berc\u00e9 dans ses jeunes ann\u00e9es par <em>Le Magicien d\u2019Oz<\/em> chant\u00e9 et enchant\u00e9 par Judith Garland, tenter le remake actuellement sur nos \u00e9crans, <em>Le Monde fantastique d\u2019Oz <\/em> r\u00e9alis\u00e9 par Sam Raimi, constitue comme une prise de risque. Et pourtant, \u00e7a se tient. Les r\u00e9f\u00e9rences \u00e0 la version culte de 1939 sont juste jouissives. L\u2019\u00e9pop\u00e9e, assez diff\u00e9rente, fonctionne, pour toutes les g\u00e9n\u00e9rations. C\u2019est beau. Restent la gentille blonde et la m\u00e9chante brune mais les femmes sont des h\u00e9ro\u00efnes d\u2019action et le personnage masculin n\u2019a rien d\u2019un superman, plut\u00f4t un vainqueur \u00e0 l\u2019insu de son plein gr\u00e9. Surtout, nous sommes embarqu\u00e9s progressivement dans un \u00e9tonnant propos politique. Il est question des fins et des moyens de la guerre, de l\u2019unit\u00e9 d\u2019un peuple. Ou comment les \u00ab bons \u00bb peuvent faire la guerre sans tuer. Rus\u00e9.<\/p>\n<p><iframe loading=\"lazy\" width=\"460\" height=\"259\" src=\"http:\/\/www.youtube.com\/embed\/yEkXvspdiDY?rel=0\" frameborder=\"0\" allowfullscreen><\/iframe><\/p>\n<p><em>Le Monde fantastique d&#8217;Oz<\/em> de Sam Raimi. Avec James Franco, Mila Kunis, Rachel Weisz. En salles le 13 mars. <\/p>\n","protected":false},"excerpt":{"rendered":"<p>Bon, l\u2019ambiance Walt Disney, \u00e7a peut \u00eatre bien sirupeux et moralement exasp\u00e9rant. Et parfois\u2026 Pour qui a aim\u00e9, ador\u00e9, \u00e9t\u00e9 berc\u00e9 dans ses jeunes ann\u00e9es par Le Magicien d\u2019Oz chant\u00e9 et enchant\u00e9 par Judith Garland, tenter le remake actuellement sur nos \u00e9crans, Le Monde fantastique d\u2019Oz r\u00e9alis\u00e9 par Sam Raimi, constitue comme une prise de [&hellip;]<\/p>\n","protected":false},"author":570,"featured_media":18025,"comment_status":"open","ping_status":"open","sticky":false,"template":"","format":"standard","meta":{"_themeisle_gutenberg_block_has_review":false,"footnotes":""},"categories":[111],"tags":[299],"class_list":["post-6391","post","type-post","status-publish","format-standard","has-post-thumbnail","hentry","category-nos-selections","tag-cinema"],"_links":{"self":[{"href":"https:\/\/archives.regards.fr\/index.php?rest_route=\/wp\/v2\/posts\/6391","targetHints":{"allow":["GET"]}}],"collection":[{"href":"https:\/\/archives.regards.fr\/index.php?rest_route=\/wp\/v2\/posts"}],"about":[{"href":"https:\/\/archives.regards.fr\/index.php?rest_route=\/wp\/v2\/types\/post"}],"author":[{"embeddable":true,"href":"https:\/\/archives.regards.fr\/index.php?rest_route=\/wp\/v2\/users\/570"}],"replies":[{"embeddable":true,"href":"https:\/\/archives.regards.fr\/index.php?rest_route=%2Fwp%2Fv2%2Fcomments&post=6391"}],"version-history":[{"count":0,"href":"https:\/\/archives.regards.fr\/index.php?rest_route=\/wp\/v2\/posts\/6391\/revisions"}],"wp:featuredmedia":[{"embeddable":true,"href":"https:\/\/archives.regards.fr\/index.php?rest_route=\/wp\/v2\/media\/18025"}],"wp:attachment":[{"href":"https:\/\/archives.regards.fr\/index.php?rest_route=%2Fwp%2Fv2%2Fmedia&parent=6391"}],"wp:term":[{"taxonomy":"category","embeddable":true,"href":"https:\/\/archives.regards.fr\/index.php?rest_route=%2Fwp%2Fv2%2Fcategories&post=6391"},{"taxonomy":"post_tag","embeddable":true,"href":"https:\/\/archives.regards.fr\/index.php?rest_route=%2Fwp%2Fv2%2Ftags&post=6391"}],"curies":[{"name":"wp","href":"https:\/\/api.w.org\/{rel}","templated":true}]}}