{"id":6382,"date":"2013-03-20T11:50:01","date_gmt":"2013-03-20T10:50:01","guid":{"rendered":"https:\/\/wp.muchomaas.com\/eric-coquerel-une-majorite6382\/"},"modified":"2023-06-23T23:13:58","modified_gmt":"2023-06-23T21:13:58","slug":"eric-coquerel-une-majorite6382","status":"publish","type":"post","link":"https:\/\/archives.regards.fr\/?p=6382","title":{"rendered":"\u00c9ric Coquerel : \u00abUne majorit\u00e9 alternative peut \u00e9merger\u00bb"},"content":{"rendered":"<p class=\"post_excerpt\">Le Parti de gauche  (PG) tient son congr\u00e8s du 22 au 24 mars 2013. Lors de son conseil national de d\u00e9cembre dernier, le PG a adopt\u00e9 sa <em>\u00abplateforme de synth\u00e8se<br \/>\n\u00bb<\/em> fixant ainsi les grands axes du d\u00e9bat pour son<br \/>\n3\u00e8me congr\u00e8s. Entretien avec Eric Coquerel, secr\u00e9taire<br \/>\nnational du Parti de gauche.<\/p>\n<p><strong>Regards.fr.<\/strong> <em> <strong>Comment appr\u00e9hendez-vous ce<br \/>\n3\u00e8me congr\u00e8s du Parti de gauche ?<\/strong> <\/em><\/p>\n<p><strong>Eric Coquerel. <\/strong> C\u2019est un congr\u00e8s majeur. Le parti de<br \/>\ngauche est pass\u00e9 de 4 000 militants \u00e0 12<br \/>\n000 aujourd\u2019hui. Le parti n\u2019est donc plus<br \/>\ntout \u00e0 fait le m\u00eame. Il s\u2019est profond\u00e9ment<br \/>\nrenouvel\u00e9. On pourrait parler de congr\u00e8s<br \/>\nfondateur. Il y a eu beaucoup de d\u00e9bats,<br \/>\nde discussions et d\u2019amendements qui ont<br \/>\npr\u00e9c\u00e9d\u00e9 l\u2019organisation de ce congr\u00e8s.<br \/>\nC\u2019est un grand moment d\u2019\u00e9ducation populaire.<br \/>\nEt c\u2019est tr\u00e8s encourageant. C\u2019est<br \/>\nle congr\u00e8s d\u2019un parti creuset pour qui<br \/>\nle socialisme, la r\u00e9publique et l\u2019\u00e9cologie<br \/>\nrestent les piliers mais aussi d\u2019un parti<br \/>\ntourn\u00e9 vers l\u2019action.<\/p>\n<p><em> <strong>Quels sont les enjeux du congr\u00e8s ?<\/strong> <\/em><\/p>\n<p>Ils sont de trois ordres. Il y a d\u2019abord la<br \/>\nd\u00e9finition de notre projet. C\u2019est l\u2019\u00e9cosocialisme,<br \/>\nm\u00e9lange d\u2019un socialisme d\u00e9barrass\u00e9<br \/>\ndu productivisme et d\u2019une \u00e9cologie<br \/>\nanticapitaliste. Ensuite il y a la question<br \/>\nde l\u2019autonomie. Elle est centrale. Il faut<br \/>\naffirmer et assumer notre ind\u00e9pendance<br \/>\nvis-\u00e0-vis des politiques social-lib\u00e9rale et<br \/>\ndonc vis-\u00e0-vis du gouvernement. Et puis<br \/>\nenfin il y a la question de la strat\u00e9gie ou<br \/>\ncomment construire une majorit\u00e9 alternative<br \/>\npour acc\u00e9der aux responsabilit\u00e9s.<br \/>\nNous devons nous poser la question de la<br \/>\nprise du pouvoir. Il faut aller vers un Front<br \/>\ndu peuple.<\/p>\n<p><em> <strong>Quels sont vos relations avec les<br \/>\nautres partis de gauche ?<\/strong> <\/em><\/p>\n<p>Le parti socialiste mis \u00e0 part, nous discutons<br \/>\net travaillons avec chacun d\u2019entre<br \/>\neux. Ce qui nous int\u00e9resse c\u2019est de savoir<br \/>\nquelle va \u00eatre l\u2019attitude des partis de gauche sur l\u2019accord \u00ab made in Medef \u00bb<br \/>\ncomp\u00e9titivit\u00e9-emploi. Le vote de ce texte<br \/>\nest aussi structurant que le vote sur le<br \/>\nTSCG. Cet accord est dramatique. Notre<br \/>\ncongr\u00e8s a lieu quelques jours avant le<br \/>\nd\u00e9bat au Parlement. Nous allons interpeller<br \/>\nles d\u00e9put\u00e9s. Les parlementaires<br \/>\nEELV-Les Verts et de la gauche du PS<br \/>\nse montrent tr\u00e8s critique pour le moment.<br \/>\nMais comment voteront-ils ? C\u2019est par ce<br \/>\ntype d\u2019acte que peut commencer \u00e0 se discerner<br \/>\nune future majorit\u00e9 alternative de<br \/>\ngauche.<\/p>\n<p><em> <strong>Comment voyez-vous l\u2019avenir du<br \/>\nFront de gauche ?<\/strong> <\/em><\/p>\n<p>Son avenir se joue principalement \u00e0 travers<br \/>\nl\u2019affirmation de son autonomie. A<br \/>\nce titre, les \u00e9ch\u00e9ances \u00e9lectorales de<br \/>\n2014 sont cruciales. Soyons coh\u00e9rents<br \/>\njusqu\u2019au bout : on ne peut pas aujourd\u2019hui<br \/>\nd\u00e9noncer la politique du gouvernement<br \/>\nsocialiste, ses politiques d\u2019aust\u00e9rit\u00e9 etc. et<br \/>\npartir main dans la main aux municipales<br \/>\navec le PS dans les villes qui auront une<br \/>\nport\u00e9e nationale. D\u2019autant que dans un<br \/>\nan le bilan du gouvernement sera encore<br \/>\nplus inassumable. Les listes autonomes<br \/>\nde premier tour, possiblement rassembleuse<br \/>\nmais sur un contenu clairement en<br \/>\nrupture avec la politique d\u2019aust\u00e9rit\u00e9, nous<br \/>\npermettront de gagner en lisibilit\u00e9. Mais<br \/>\naussi en cr\u00e9dibilit\u00e9. <div id='gallery-1' class='gallery galleryid-6382 gallery-columns-3 gallery-size-thumbnail'><figure class='gallery-item'>\n\t\t\t<div class='gallery-icon landscape'>\n\t\t\t\t<a href='https:\/\/archives.regards.fr\/wp-content\/uploads\/2013\/03\/eric-coquerel-99b.png'><img loading=\"lazy\" decoding=\"async\" width=\"150\" height=\"150\" src=\"https:\/\/archives.regards.fr\/wp-content\/uploads\/2013\/03\/eric-coquerel-99b-150x150.png\" class=\"attachment-thumbnail size-thumbnail\" alt=\"eric-coquerel.png\" \/><\/a>\n\t\t\t<\/div><\/figure>\n\t\t<\/div>\n<\/p>\n","protected":false},"excerpt":{"rendered":"<p>Le Parti de gauche  (PG) tient son congr\u00e8s du 22 au 24 mars 2013. Lors de son conseil national de d\u00e9cembre dernier, le PG a adopt\u00e9 sa <em>\u00abplateforme de synth\u00e8se<br \/>\n\u00bb<\/em> fixant ainsi les grands axes du d\u00e9bat pour son<br \/>\n3\u00e8me congr\u00e8s. Entretien avec Eric Coquerel, secr\u00e9taire<br \/>\nnational du Parti de gauche.<\/p>\n","protected":false},"author":1039,"featured_media":18014,"comment_status":"open","ping_status":"open","sticky":false,"template":"","format":"standard","meta":{"_themeisle_gutenberg_block_has_review":false,"footnotes":""},"categories":[1],"tags":[293],"class_list":["post-6382","post","type-post","status-publish","format-standard","has-post-thumbnail","hentry","category-non-classe","tag-entretien"],"_links":{"self":[{"href":"https:\/\/archives.regards.fr\/index.php?rest_route=\/wp\/v2\/posts\/6382","targetHints":{"allow":["GET"]}}],"collection":[{"href":"https:\/\/archives.regards.fr\/index.php?rest_route=\/wp\/v2\/posts"}],"about":[{"href":"https:\/\/archives.regards.fr\/index.php?rest_route=\/wp\/v2\/types\/post"}],"author":[{"embeddable":true,"href":"https:\/\/archives.regards.fr\/index.php?rest_route=\/wp\/v2\/users\/1039"}],"replies":[{"embeddable":true,"href":"https:\/\/archives.regards.fr\/index.php?rest_route=%2Fwp%2Fv2%2Fcomments&post=6382"}],"version-history":[{"count":0,"href":"https:\/\/archives.regards.fr\/index.php?rest_route=\/wp\/v2\/posts\/6382\/revisions"}],"wp:featuredmedia":[{"embeddable":true,"href":"https:\/\/archives.regards.fr\/index.php?rest_route=\/wp\/v2\/media\/18014"}],"wp:attachment":[{"href":"https:\/\/archives.regards.fr\/index.php?rest_route=%2Fwp%2Fv2%2Fmedia&parent=6382"}],"wp:term":[{"taxonomy":"category","embeddable":true,"href":"https:\/\/archives.regards.fr\/index.php?rest_route=%2Fwp%2Fv2%2Fcategories&post=6382"},{"taxonomy":"post_tag","embeddable":true,"href":"https:\/\/archives.regards.fr\/index.php?rest_route=%2Fwp%2Fv2%2Ftags&post=6382"}],"curies":[{"name":"wp","href":"https:\/\/api.w.org\/{rel}","templated":true}]}}