{"id":6381,"date":"2013-03-20T11:49:49","date_gmt":"2013-03-20T10:49:49","guid":{"rendered":"https:\/\/wp.muchomaas.com\/le-pg-a-la-croisee-des-chemins6381\/"},"modified":"2023-06-23T23:13:57","modified_gmt":"2023-06-23T21:13:57","slug":"le-pg-a-la-croisee-des-chemins6381","status":"publish","type":"post","link":"https:\/\/archives.regards.fr\/?p=6381","title":{"rendered":"Le Parti de gauche \u00e0 la crois\u00e9e des chemins"},"content":{"rendered":"<p class=\"post_excerpt\">Le Parti de gauche (PG) tient son congr\u00e8s du 22 au 24 mars 2013. Pas si facile de d\u00e9finir les fondements d\u2019un parti encore jeune et en pleine mutation<br \/>\ndepuis l\u2019\u00e9lection pr\u00e9sidentielle&#8230; Apr\u00e8s avoir affirm\u00e9 son<br \/>\n\u00e9cosocialisme et g\u00e9n\u00e9r\u00e9 une dynamique, le parti de<br \/>\nJean-Luc M\u00e9lenchon peut-il transformer l\u2019essai ?<\/p>\n<p>L\u2019\u00e9volution politique de Jean-Luc M\u00e9lenchon traduit bien le<br \/>\nprocessus de radicalisation de<br \/>\nce courant politique. Militant<br \/>\nactif du \u00abnon\u00bb au TCE en 2005<br \/>\n,il fait n\u00e9anmoins parti des signataires de<br \/>\nla synth\u00e8se au congr\u00e8s du PS la m\u00eame<br \/>\nann\u00e9e, avant de quitter ce parti avec<br \/>\npertes et fracas \u00e0 l\u2019automne 2008 pour<br \/>\nfonder le PG et constituer dans la foul\u00e9e<br \/>\nle Front de Gauche.<\/p>\n<p>Le passage s\u00e9mantique de \u00ab la r\u00e9volution<br \/>\npar les urnes \u00bb, initialement d\u00e9fendue, \u00e0<br \/>\nla \u00ab r\u00e9volution citoyenne \u00bb, avanc\u00e9e lors<br \/>\nde la campagne pr\u00e9sidentielle, est un<br \/>\nmarqueur puissant de cette \u00e9volution<br \/>\npolitique. Si la signification r\u00e9elle de la<br \/>\nr\u00e9volution citoyenne demeure largement<br \/>\nfloue, le passage d\u2019une d\u00e9marche essentiellement<br \/>\ninstitutionnelle \u00e0 une conception<br \/>\nqui inclut l\u2019irruption n\u00e9cessaire du<br \/>\nmouvement de masse trace une perspective<br \/>\npolitique bien diff\u00e9rente.<\/p>\n<p>Le projet de r\u00e9solution mis en discussion<br \/>\npour le congr\u00e8s du PG indique :<br \/>\n\u00ab La vieille strat\u00e9gie dite de \u00ab l\u2019aiguillon \u00bb<br \/>\ndevient d\u00e8s lors inop\u00e9rante\u2026La politique<br \/>\ndu gouvernement tranche le d\u00e9bat qui a<br \/>\nexist\u00e9 un moment au Front de Gauche :<br \/>\nnon, nous ne sommes pas dans sa majorit\u00e9.<br \/>\nOui nous sommes l\u2019opposition \u00e0<br \/>\nsa politique d\u2019aust\u00e9rit\u00e9 \u00bb. On mesure le<br \/>\nchemin parcouru depuis la participation<br \/>\nau gouvernement Jospin en 2000\/2002.<br \/>\nA l\u2019heure o\u00f9 les tenants des politiques<br \/>\nd\u2019aust\u00e9rit\u00e9 en Europe sont les uns apr\u00e8s<br \/>\nles autres balay\u00e9s par la col\u00e8re des<br \/>\npeuples, ce positionnement est un point<br \/>\nd\u2019appui pr\u00e9cieux.<\/p>\n<p>Plus fondamentalement encore, l\u2019ensemble<br \/>\ndu projet soumis aux militantes<br \/>\net militants du PG est marqu\u00e9 par une<br \/>\nconviction \u00e9cosocialiste. Ce parti est<br \/>\nd\u2019ailleurs \u00e0 l\u2019initiative d\u2019assises pour l\u2019\u00e9cosocialisme,<br \/>\nparfois coorganis\u00e9es avec<br \/>\nd\u2019autres forces du Front de Gauche. La<br \/>\nprise en compte du paradigme \u00e9cologiste<br \/>\navec ses cons\u00e9quences en terme de positionnement<br \/>\nanti-productiviste structure<br \/>\nd\u00e9sormais toute la r\u00e9flexion de ce parti quant \u00e0 la vision du monde \u00e0 construire.<br \/>\nL\u2019adh\u00e9sion au PG d\u2019un courant issu des<br \/>\nVerts, \u00ab Gauche \u00e9cologiste \u00bb de Martine<br \/>\nBillard, en d\u00e9cembre 2009, \u00e9tait bien de<br \/>\nce point de vue le signe d\u2019une mutation<br \/>\nprofonde.<\/p>\n<h2>Des ambigu\u00eft\u00e9s non lev\u00e9es<\/h2>\n<p>L\u2019\u00e9volution \u00e0 gauche du PG n\u2019est gu\u00e8re<br \/>\ncontestable. Il n\u2019en demeure pas moins<br \/>\nque certaines th\u00e9matiques ne peuvent<br \/>\nque froisser dans l\u2019espace de la gauche<br \/>\nradicale. A commencer par une r\u00e9f\u00e9rence<br \/>\nque M\u00e9lenchon rappelle \u00e0 sati\u00e9t\u00e9, celle de<br \/>\nFran\u00e7ois Mitterand. On ne voit pas bien ni<br \/>\ndans le pass\u00e9 de l\u2019ancien pr\u00e9sident de la<br \/>\nR\u00e9publique, ni dans son bilan ce qui pourrait<br \/>\njustifier une telle admiration. Bien au<br \/>\ncontraire.<\/p>\n<p>Mais au-del\u00e0 des appels aux m\u00e2nes de la<br \/>\nR\u00e9publique dont on ne sait pas bien s\u2019il<br \/>\ns\u2019agit d\u2019une r\u00e9f\u00e9rence \u00e0 la France r\u00e9volutionnaire<br \/>\nde 1793 ou \u00e0 une troisi\u00e8me<br \/>\nR\u00e9publique pour le moins mythifi\u00e9e et fantasm\u00e9e,<br \/>\nc\u2019est la conception de la France<br \/>\ncomme puissance (imp\u00e9riale?) qui fait d\u00e9bat.<br \/>\nCar si le PG est clair sur la sortie du<br \/>\nnucl\u00e9aire civil, ses r\u00e9ponses sur la force<br \/>\nde frappe et donc le nucl\u00e9aire militaire<br \/>\nsont pour le moins ambigu\u00ebs. En toile de<br \/>\nfond, c\u2019est bien le rapport \u00e0 l\u2019Etat tel qu\u2019il<br \/>\nest qui cristallise les interrogations sur le<br \/>\nprojet du PG.<\/p>\n<h2>Un Parti d\u2019avenir\u00a0?<\/h2>\n<p>Si le PG a d\u00e9montr\u00e9 une capacit\u00e9 d\u2019attraction<br \/>\ndans la gauche radicale, il a aussi<br \/>\nd\u00e9j\u00e0 connu de nombreux d\u00e9parts, pour<br \/>\nne pas parler des exclusions, depuis sa<br \/>\ncr\u00e9ation, pourtant r\u00e9cente. Pour l\u2019essentiel,<br \/>\nces d\u00e9parts ont traduit une r\u00e9sistance<br \/>\nsur la \u00ab droite \u00bb \u00e0 l\u2019\u00e9volution politique du<br \/>\nPG mais ce ne fut pas toujours le cas.<br \/>\nSurtout, chaque d\u00e9part ou presque s\u2019est<br \/>\naccompagn\u00e9 d\u2019une critique souvent virulente<br \/>\ndu climat interne dans ce parti et<br \/>\ndes difficult\u00e9s \u2013 pour le moins \u2013 \u00e0 faire<br \/>\ncoexister les diff\u00e9rences d\u2019appr\u00e9ciation et<br \/>\nles d\u00e9saccords politiques.<\/p>\n<p>Derri\u00e8re la volont\u00e9 affich\u00e9e de constituer<br \/>\nun \u00ab parti creuset \u00bb, c\u2019est-\u00e0-dire un parti<br \/>\no\u00f9 viendrait se fondre diverses traditions<br \/>\npolitiques produisant une nouvelle entit\u00e9,<br \/>\nc\u2019est bien le reproche du fonctionnement<br \/>\nen petit noyau autour de M\u00e9lenchon qui revient bien souvent. Plus qu\u2019\u00e0 un parti<br \/>\ncreuset, le PG semble bien faire partie<br \/>\nde cette cat\u00e9gorie qu\u2019on appelle parti<br \/>\nfraction ou pour \u00eatre plus explicite un<br \/>\nparti cohorte de fer. C\u2019est une situation<br \/>\nbien connue dans la gauche fran\u00e7aise qui<br \/>\ns\u2019inscrit dans la tradition blanquiste, celle<br \/>\nd\u2019une conception de la transformation<br \/>\nde la soci\u00e9t\u00e9 qui s\u2019appuie certes sur des<br \/>\nmobilisations de masse mais des masses<br \/>\nencadr\u00e9es et dirig\u00e9es par un parti structur\u00e9,<br \/>\ndisciplin\u00e9, un parti guide en quelque<br \/>\nsorte.<\/p>\n<p>Dans un monde qui ne dispose plus de<br \/>\nm\u00e9ta-r\u00e9cit \u00e9quivalent \u00e0 ce que le socialisme<br \/>\nou le communisme ont pu repr\u00e9senter<br \/>\nau XX\u00b0 si\u00e8cle, il est \u00e9vident que<br \/>\ndominera une pluralit\u00e9 de visions du<br \/>\nmonde au sein m\u00eame de la gauche radicale.<br \/>\nS\u2019il n\u2019existe pas de solutions faciles<br \/>\npour construire un parti large il n\u2019y a pas<br \/>\nde doute que celui-ci devra \u00eatre pluraliste.<br \/>\nA bien des \u00e9gards, par la place qu\u2019il occupe<br \/>\ndans le champ politique fran\u00e7ais,<br \/>\npar sa composition, par les probl\u00e8mes<br \/>\npolitiques qui lui sont pos\u00e9s, le PG ressemble<br \/>\nbeaucoup au NPA \u00e0 ses d\u00e9buts.<br \/>\nEtre capable de faire coexister des traditions<br \/>\npolitiques diverses est plus que<br \/>\njamais indispensable pour construire une<br \/>\nv\u00e9ritable alternative politique. Le PG saura-<br \/>\nt-il s\u2019inscrire dans ce mouvement ou<br \/>\nconna\u00eetra-t-il la m\u00eame involution m\u00e9t\u00e9orique<br \/>\nque le NPA ? C\u2019est bien l\u00e0 tout<br \/>\nl\u2019enjeu.<div id='gallery-1' class='gallery galleryid-6381 gallery-columns-3 gallery-size-thumbnail'><figure class='gallery-item'>\n\t\t\t<div class='gallery-icon landscape'>\n\t\t\t\t<a href='https:\/\/archives.regards.fr\/wp-content\/uploads\/2013\/03\/pg-c2d.png'><img loading=\"lazy\" decoding=\"async\" width=\"150\" height=\"150\" src=\"https:\/\/archives.regards.fr\/wp-content\/uploads\/2013\/03\/pg-c2d-150x150.png\" class=\"attachment-thumbnail size-thumbnail\" alt=\"pg.png\" \/><\/a>\n\t\t\t<\/div><\/figure>\n\t\t<\/div>\n<\/p>\n","protected":false},"excerpt":{"rendered":"<p>Le Parti de gauche (PG) tient son congr\u00e8s du 22 au 24 mars 2013. Pas si facile de d\u00e9finir les fondements d\u2019un parti encore jeune et en pleine mutation<br \/>\ndepuis l\u2019\u00e9lection pr\u00e9sidentielle&#8230; Apr\u00e8s avoir affirm\u00e9 son<br \/>\n\u00e9cosocialisme et g\u00e9n\u00e9r\u00e9 une dynamique, le parti de<br \/>\nJean-Luc M\u00e9lenchon peut-il transformer l\u2019essai ?<\/p>\n","protected":false},"author":1097,"featured_media":18012,"comment_status":"open","ping_status":"open","sticky":false,"template":"","format":"standard","meta":{"_themeisle_gutenberg_block_has_review":false,"footnotes":""},"categories":[1],"tags":[],"class_list":["post-6381","post","type-post","status-publish","format-standard","has-post-thumbnail","hentry","category-non-classe"],"_links":{"self":[{"href":"https:\/\/archives.regards.fr\/index.php?rest_route=\/wp\/v2\/posts\/6381","targetHints":{"allow":["GET"]}}],"collection":[{"href":"https:\/\/archives.regards.fr\/index.php?rest_route=\/wp\/v2\/posts"}],"about":[{"href":"https:\/\/archives.regards.fr\/index.php?rest_route=\/wp\/v2\/types\/post"}],"author":[{"embeddable":true,"href":"https:\/\/archives.regards.fr\/index.php?rest_route=\/wp\/v2\/users\/1097"}],"replies":[{"embeddable":true,"href":"https:\/\/archives.regards.fr\/index.php?rest_route=%2Fwp%2Fv2%2Fcomments&post=6381"}],"version-history":[{"count":0,"href":"https:\/\/archives.regards.fr\/index.php?rest_route=\/wp\/v2\/posts\/6381\/revisions"}],"wp:featuredmedia":[{"embeddable":true,"href":"https:\/\/archives.regards.fr\/index.php?rest_route=\/wp\/v2\/media\/18012"}],"wp:attachment":[{"href":"https:\/\/archives.regards.fr\/index.php?rest_route=%2Fwp%2Fv2%2Fmedia&parent=6381"}],"wp:term":[{"taxonomy":"category","embeddable":true,"href":"https:\/\/archives.regards.fr\/index.php?rest_route=%2Fwp%2Fv2%2Fcategories&post=6381"},{"taxonomy":"post_tag","embeddable":true,"href":"https:\/\/archives.regards.fr\/index.php?rest_route=%2Fwp%2Fv2%2Ftags&post=6381"}],"curies":[{"name":"wp","href":"https:\/\/api.w.org\/{rel}","templated":true}]}}