{"id":6368,"date":"2013-03-13T21:38:17","date_gmt":"2013-03-13T20:38:17","guid":{"rendered":"https:\/\/wp.muchomaas.com\/un-notre-monde-est-possible6368\/"},"modified":"2013-03-13T21:38:17","modified_gmt":"2013-03-13T20:38:17","slug":"un-notre-monde-est-possible6368","status":"publish","type":"post","link":"https:\/\/archives.regards.fr\/?p=6368","title":{"rendered":"Un \u00ab\u00a0Notre Monde\u00a0\u00bb est possible"},"content":{"rendered":"<p class=\"post_excerpt\">Tourn\u00e9 \u00e0 la veille de l\u2019\u00e9lection pr\u00e9sidentielle de 2012, <em>Notre Monde<\/em>, de Thomas Lacoste tente de balayer l\u2019ensemble du champ des transformations n\u00e9cessaires \u00e0 la soci\u00e9t\u00e9 telle qu\u2019elle ne va pas, telle qu\u2019elle ne va plus. Un film \u00e0 la crois\u00e9e du document et de l\u2019encyclop\u00e9die de la pens\u00e9e progressiste, une (re)pr\u00e9sentation cin\u00e9matographique des savoirs philosophiques, politiques et sociaux. Une projection n\u00e9cessaire.<\/p>\n<p>Ils sont trente cinq. Trente cinq universitaires, magistrats, sociologues, philosophes, historiens, \u00e9crivains \u00e0 qui Thomas Lacoste a accord\u00e9 cinq petites minutes pour \u00e9voquer devant sa cam\u00e9ra, dans les domaines de comp\u00e9tences qui leurs sont propres, et un diagnostique sur l\u2019\u00e9tat d\u2019un monde qui ne tourne plus rond, et des propositions de transformations. Le r\u00e9sultat s\u2019intitule <em>Notre Monde<\/em>, un film de presque deux heures qui traverse de larges pans de la pens\u00e9e progressiste contemporaine. <\/p>\n<p><iframe loading=\"lazy\" width=\"460\" height=\"259\" src=\"http:\/\/www.youtube.com\/embed\/V_PArD1jTHg\" frameborder=\"0\" allowfullscreen><\/iframe><\/p>\n<p>Jean Luc Nancy ouvre le bal avec une injonction intellectuelle forte, celle de la n\u00e9cessit\u00e9 d\u2019une radicalit\u00e9 plus grande encore que celle dont L\u00e9nine, en son temps, f\u00eet preuve\u00a0! Passant en revue l\u2019ensemble des lieux o\u00f9, depuis les philosophes grecs, s\u2019\u00e9labore la pens\u00e9e du monde, des acad\u00e9mies aux universit\u00e9s jusqu\u2019aux think-tanks actuels, Nancy fait le constat de leur caract\u00e8re d\u00e9sormais obsol\u00e8te, hors jeu, avant de proposer leur d\u00e9passement dans une <em>\u00ab\u00a0Commune Pens\u00e9e\u00a0\u00bb<\/em> \u00e0 la fois Commune refond\u00e9e politiquement, re-pens\u00e9e et nouveau lieu d\u2019un \u00e9change intellectuel vital \u00e0 l\u2019heure ou la Raison et les Lumi\u00e8res sont en p\u00e9ril.<\/p>\n<p>Ce lieu, le film de Thomas Lacoste en est, sans nul doute l\u2019une des premi\u00e8res pierres. Mat\u00e9riau d\u2019images, <em>Notre Monde<\/em> joue au cin\u00e9ma avec ce que celui ci oublie bien souvent\u00a0: le verbe. Film de mots, d\u2019id\u00e9es, de propositions, cet objet audiovisuel joue en dehors de tous sentiers battus, choisissant progressivement de mettre \u00e0 jour son dispositif filmique, de mettre en sc\u00e8ne l\u2019enregistrement des interventions, d\u2019assumer une forme d\u2019impuret\u00e9 esth\u00e9tique en associant les s\u00e9quences, celles du recueillement de la parole, dans l\u2019intimit\u00e9 d\u2019un face \u00e0 face avec la cam\u00e9ra, \u00e0 celles de la transmission devant le public de la Maison des M\u00e9talos, \u00e0 Paris, o\u00f9 le projet s\u2019est mont\u00e9, sous la houlette d\u2019un Robert Gu\u00e9diguian ayant rev\u00eatu cette fois ci sa casquette de producteur.<\/p>\n<p>Plus qu\u2019un casting prestigieux \u2013 en m\u00eame temps penser qu\u2019un film puisse se monter\u00a0et se montrer avec au g\u00e9n\u00e9rique les noms de Nancy, Balibar, Bolstanski, Negri, H\u00e9ritier, Bonduelle, Castel et m\u00eame Jean Luc Godard, \u00e0 la pr\u00e9sence vocale \u2026 a quelque chose de jouissif dans le grand d\u00e9sert intellectuel du cin\u00e9ma fran\u00e7ais &#8211; la liste des participants \u00e0 cette <em>\u00ab\u00a0Commune Pens\u00e9e\u00a0\u00bb<\/em> in progress permet de traverser de la fa\u00e7on la plus f\u00e9conde qui soit les th\u00e8mes que sont \u00ab\u00a0justice et libert\u00e9 publiques\u00a0\u00bb, \u00ab\u00a0fronti\u00e8res\u00a0\u00bb, \u00ab\u00a0penser le travail\u00a0\u00bb, \u00ab\u00a0conditions de la d\u00e9mocratie\u00a0\u00bb, \u00ab\u00a0politique europ\u00e9enne\u00a0\u00bb, \u00ab\u00a0sant\u00e9\u00a0\u00bb, \u00ab\u00a0\u00e9ducation\u00a0\u00bb, \u00ab\u00a0culture et m\u00e9dia\u00a0\u00ab\u00a0, sujets de d\u00e9bats indispensables.<\/p>\n<p>Involontairement pourtant, <em>Notre Monde<\/em> brosse, de par le choix de ses intervenants un portrait kal\u00e9idoscopique d\u2019une pens\u00e9e qu\u2019on pourrait regretter \u00eatre majoritairement masculine (\u00e0 l\u2019exception d\u2019Elsa Dorlin, Nacira Gu\u00e9nif Souilamas, Fran\u00e7oise H\u00e9ritier\u2026) et blanche (malgr\u00e9 les pr\u00e9sences de Louis Georges Tin ou Pap Ndiaye). De m\u00eame s\u2019il est urgent de penser \u00e0 nouveau le travail, n\u2019en va t il pas de m\u00eame pour l\u2019urbanisme de la cit\u00e9, l\u2019engagement syndical, politique, ou encore l\u2019\u00e9cologie, grands absents de ce regroupement de prises de positions\u00a0? <\/p>\n<p>Conscient peut \u00eatre de cela <em>Notre Monde <\/em> ne se limite n\u00e9anmoins pas exclusivement \u00e0 ce qui le constitue en tant que projection cin\u00e9matographique, mais se con\u00e7oit aussi comme prol\u00e9gom\u00e8ne aux d\u00e9bats avec son public. Contrairement \u00e0 tant d\u2019\u0153uvres en salles, <em>Notre Monde<\/em> ne fait que chercher \u00e0 s\u2019ouvrir \u00e0 l\u2019issue de sa repr\u00e9sentation, voire \u00e0 dispara\u00eetre en tant que spectacle, via la mise en ligne de l\u2019ensemble et de l\u2019int\u00e9gralit\u00e9 des enregistrements, de ses rushes. On ne saurait donc trop conseiller d\u2019aller voir \u00e0 quoi ressemble <em>Notre Monde<\/em> accompagn\u00e9 de bon(ne)s camarades, voire d\u2019assister aux nombreuses s\u00e9ances qui, dans les jours et les semaines \u00e0 venir seront suivies d\u2019un dialogue entre la salle et l\u2019un des \u00ab\u00a0personnages\u00a0\u00bb sus-cit\u00e9. Ainsi peut \u00eatre seront r\u00e9unies les conditions \u00e0 l\u2019\u00e9mergence de cette Commune Pens\u00e9e qu\u2019appelle de ses voeux Jean Luc Nancy. Une \u00e9tape n\u00e9cessaire pour tous ceux qui pensent, mais diff\u00e9remment, qu\u2019un \u00ab\u00a0notre monde\u00a0\u00bb est possible.<\/p>\n","protected":false},"excerpt":{"rendered":"<p>Tourn\u00e9 \u00e0 la veille de l\u2019\u00e9lection pr\u00e9sidentielle de 2012, <em>Notre Monde<\/em>, de Thomas Lacoste tente de balayer l\u2019ensemble du champ des transformations n\u00e9cessaires \u00e0 la soci\u00e9t\u00e9 telle qu\u2019elle ne va pas, telle qu\u2019elle ne va plus. Un film \u00e0 la crois\u00e9e du document et de l\u2019encyclop\u00e9die de la pens\u00e9e progressiste, une (re)pr\u00e9sentation cin\u00e9matographique des savoirs philosophiques, politiques et sociaux. Une projection n\u00e9cessaire.<\/p>\n","protected":false},"author":1,"featured_media":0,"comment_status":"open","ping_status":"open","sticky":false,"template":"","format":"standard","meta":{"_themeisle_gutenberg_block_has_review":false,"footnotes":""},"categories":[157],"tags":[299],"class_list":["post-6368","post","type-post","status-publish","format-standard","hentry","category-web","tag-cinema"],"_links":{"self":[{"href":"https:\/\/archives.regards.fr\/index.php?rest_route=\/wp\/v2\/posts\/6368","targetHints":{"allow":["GET"]}}],"collection":[{"href":"https:\/\/archives.regards.fr\/index.php?rest_route=\/wp\/v2\/posts"}],"about":[{"href":"https:\/\/archives.regards.fr\/index.php?rest_route=\/wp\/v2\/types\/post"}],"author":[{"embeddable":true,"href":"https:\/\/archives.regards.fr\/index.php?rest_route=\/wp\/v2\/users\/1"}],"replies":[{"embeddable":true,"href":"https:\/\/archives.regards.fr\/index.php?rest_route=%2Fwp%2Fv2%2Fcomments&post=6368"}],"version-history":[{"count":0,"href":"https:\/\/archives.regards.fr\/index.php?rest_route=\/wp\/v2\/posts\/6368\/revisions"}],"wp:attachment":[{"href":"https:\/\/archives.regards.fr\/index.php?rest_route=%2Fwp%2Fv2%2Fmedia&parent=6368"}],"wp:term":[{"taxonomy":"category","embeddable":true,"href":"https:\/\/archives.regards.fr\/index.php?rest_route=%2Fwp%2Fv2%2Fcategories&post=6368"},{"taxonomy":"post_tag","embeddable":true,"href":"https:\/\/archives.regards.fr\/index.php?rest_route=%2Fwp%2Fv2%2Ftags&post=6368"}],"curies":[{"name":"wp","href":"https:\/\/api.w.org\/{rel}","templated":true}]}}