{"id":6354,"date":"2013-03-07T17:38:35","date_gmt":"2013-03-07T16:38:35","guid":{"rendered":"https:\/\/wp.muchomaas.com\/le-droit-de-savoir6354\/"},"modified":"2013-03-07T17:38:35","modified_gmt":"2013-03-07T16:38:35","slug":"le-droit-de-savoir6354","status":"publish","type":"post","link":"https:\/\/archives.regards.fr\/?p=6354","title":{"rendered":"Le droit de savoir"},"content":{"rendered":"<p class=\"post_excerpt\">Edwy Plenel, \u00e9d. Don Quichotte<\/p>\n<p>Le directeur de Mediapart publie ce mois-ci un court essai dynamique sur le journalisme et la d\u00e9mocratie : Le droit de savoir. Reprenant un th\u00e8me qui lui est cher, Edwy Plenel y fait \u0153uvre de p\u00e9dagogie et d\u2019engagement, d\u00e9fendant sans rel\u00e2che le travail, l\u2019identit\u00e9, du site qu\u2019il a co-fond\u00e9. L\u2019ancien journaliste du Monde argumente, r\u00e9f\u00e9rences historiques \u00e0 l\u2019appui, cette id\u00e9e simple mais fondamentale : l\u2019information est un outil de la d\u00e9mocratie, qui ne se r\u00e9sume pas au suffrage. \u00ab Le droit de savoir est ce pouvoir de tous qui, par la publicit\u00e9 sur les affaires publiques, arr\u00eate l\u2019abus de pouvoir \u00bb, explique-t-il. D\u00e9non\u00e7ant la pl\u00e9thore de valets du syst\u00e8me dans les m\u00e9dias dominants et estimant que la libert\u00e9 de l\u2019information ne se r\u00e9duit pas au pluralisme des opinions, Plenel plaide pour un journalisme en qu\u00eate de v\u00e9rit\u00e9, participant au contre-pouvoir n\u00e9cessaire en d\u00e9mocratie et parvenant \u00e0 \u00ab penser contre soi-m\u00eame \u00bb. Apr\u00e8s l\u2019affaire Cahuzac r\u00e9v\u00e9l\u00e9e par Mediapart, il d\u00e9nonce avec v\u00e9h\u00e9mence dans ce livre l\u2019\u00e9vasion fiscale qui est \u00ab au centre d\u2019une \u00e9conomie devenue mafieuse parce que livr\u00e9e \u00e0 la finance \u00bb. Or le secret est au fondement de ce syst\u00e8me. Enfin, Edwy Plenel fait partager sa conviction : avec le web, une nouvelle relation entre citoyens et journalistes peut se nouer pour le bonheur de la d\u00e9mocratie. C\u2019est d\u2019une \u00ab alliance du meilleur de la modernit\u00e9 technique et du meilleur de la tradition politique que peut na\u00eetre un Internet r\u00e9ellement au service de ses usagers \u00bb. Oui !<\/p>\n<p>Edwy Plenel, <em>Le droit de savoir<\/em>, \u00e9d. Don Quichotte, 175 pages, 14 euros.<\/p>\n","protected":false},"excerpt":{"rendered":"<p>Edwy Plenel, \u00e9d. Don Quichotte<\/p>\n","protected":false},"author":570,"featured_media":0,"comment_status":"open","ping_status":"open","sticky":false,"template":"","format":"standard","meta":{"_themeisle_gutenberg_block_has_review":false,"footnotes":""},"categories":[111],"tags":[],"class_list":["post-6354","post","type-post","status-publish","format-standard","hentry","category-nos-selections"],"_links":{"self":[{"href":"https:\/\/archives.regards.fr\/index.php?rest_route=\/wp\/v2\/posts\/6354","targetHints":{"allow":["GET"]}}],"collection":[{"href":"https:\/\/archives.regards.fr\/index.php?rest_route=\/wp\/v2\/posts"}],"about":[{"href":"https:\/\/archives.regards.fr\/index.php?rest_route=\/wp\/v2\/types\/post"}],"author":[{"embeddable":true,"href":"https:\/\/archives.regards.fr\/index.php?rest_route=\/wp\/v2\/users\/570"}],"replies":[{"embeddable":true,"href":"https:\/\/archives.regards.fr\/index.php?rest_route=%2Fwp%2Fv2%2Fcomments&post=6354"}],"version-history":[{"count":0,"href":"https:\/\/archives.regards.fr\/index.php?rest_route=\/wp\/v2\/posts\/6354\/revisions"}],"wp:attachment":[{"href":"https:\/\/archives.regards.fr\/index.php?rest_route=%2Fwp%2Fv2%2Fmedia&parent=6354"}],"wp:term":[{"taxonomy":"category","embeddable":true,"href":"https:\/\/archives.regards.fr\/index.php?rest_route=%2Fwp%2Fv2%2Fcategories&post=6354"},{"taxonomy":"post_tag","embeddable":true,"href":"https:\/\/archives.regards.fr\/index.php?rest_route=%2Fwp%2Fv2%2Ftags&post=6354"}],"curies":[{"name":"wp","href":"https:\/\/api.w.org\/{rel}","templated":true}]}}