{"id":6353,"date":"2013-03-07T22:05:00","date_gmt":"2013-03-07T21:05:00","guid":{"rendered":"https:\/\/wp.muchomaas.com\/la-meilleure-citation-feministe6353\/"},"modified":"2023-06-23T23:13:52","modified_gmt":"2023-06-23T21:13:52","slug":"la-meilleure-citation-feministe6353","status":"publish","type":"post","link":"https:\/\/archives.regards.fr\/?p=6353","title":{"rendered":"La meilleure citation f\u00e9ministe"},"content":{"rendered":"<p class=\"post_excerpt\">Fa\u00eetes votre choix&#8230; ou rajoutez-en.<\/p>\n<p>\u00ab Esclave est le prol\u00e9taire, esclave entre tous est la femme de prol\u00e9taire \u00bb (Louise Michel)<\/p>\n<p>\u00abLa femme est au-dessus du niveau de la m\u00e8re\u00bb<\/p>\n<p>\u00ab Je n\u2019ai jamais r\u00e9ussi \u00e0 d\u00e9finir le f\u00e9minisme. Tout ce que je sais, c\u2019est que les gens me traitent de f\u00e9ministe chaque fois que mon comportement ne permet plus que je sois confondue avec un paillasson \u00bb<br \/>\n(Rebecca West)<\/p>\n<p>\u00abQuand une f\u00e9ministe est accus\u00e9e d&#8217;exag\u00e9rer, c&#8217;est qu&#8217;elle est sur la bonne voie\u00bb (Christine Delphy)<div id='gallery-1' class='gallery galleryid-6353 gallery-columns-3 gallery-size-thumbnail'><figure class='gallery-item'>\n\t\t\t<div class='gallery-icon landscape'>\n\t\t\t\t<a href='https:\/\/archives.regards.fr\/wp-content\/uploads\/2013\/03\/femz-7d2.png'><img loading=\"lazy\" decoding=\"async\" width=\"150\" height=\"150\" src=\"https:\/\/archives.regards.fr\/wp-content\/uploads\/2013\/03\/femz-7d2-150x150.png\" class=\"attachment-thumbnail size-thumbnail\" alt=\"femz.png\" \/><\/a>\n\t\t\t<\/div><\/figure>\n\t\t<\/div>\n<\/p>\n","protected":false},"excerpt":{"rendered":"<p>Fa\u00eetes votre choix&#8230; ou rajoutez-en.<\/p>\n","protected":false},"author":643,"featured_media":17957,"comment_status":"open","ping_status":"open","sticky":false,"template":"","format":"standard","meta":{"_themeisle_gutenberg_block_has_review":false,"footnotes":""},"categories":[173],"tags":[],"class_list":["post-6353","post","type-post","status-publish","format-standard","has-post-thumbnail","hentry","category-fetees-une-journee-exploitees-toute-lannee"],"_links":{"self":[{"href":"https:\/\/archives.regards.fr\/index.php?rest_route=\/wp\/v2\/posts\/6353","targetHints":{"allow":["GET"]}}],"collection":[{"href":"https:\/\/archives.regards.fr\/index.php?rest_route=\/wp\/v2\/posts"}],"about":[{"href":"https:\/\/archives.regards.fr\/index.php?rest_route=\/wp\/v2\/types\/post"}],"author":[{"embeddable":true,"href":"https:\/\/archives.regards.fr\/index.php?rest_route=\/wp\/v2\/users\/643"}],"replies":[{"embeddable":true,"href":"https:\/\/archives.regards.fr\/index.php?rest_route=%2Fwp%2Fv2%2Fcomments&post=6353"}],"version-history":[{"count":0,"href":"https:\/\/archives.regards.fr\/index.php?rest_route=\/wp\/v2\/posts\/6353\/revisions"}],"wp:featuredmedia":[{"embeddable":true,"href":"https:\/\/archives.regards.fr\/index.php?rest_route=\/wp\/v2\/media\/17957"}],"wp:attachment":[{"href":"https:\/\/archives.regards.fr\/index.php?rest_route=%2Fwp%2Fv2%2Fmedia&parent=6353"}],"wp:term":[{"taxonomy":"category","embeddable":true,"href":"https:\/\/archives.regards.fr\/index.php?rest_route=%2Fwp%2Fv2%2Fcategories&post=6353"},{"taxonomy":"post_tag","embeddable":true,"href":"https:\/\/archives.regards.fr\/index.php?rest_route=%2Fwp%2Fv2%2Ftags&post=6353"}],"curies":[{"name":"wp","href":"https:\/\/api.w.org\/{rel}","templated":true}]}}