{"id":6352,"date":"2013-03-07T22:20:00","date_gmt":"2013-03-07T21:20:00","guid":{"rendered":"https:\/\/wp.muchomaas.com\/8-essais-feministes6352\/"},"modified":"2023-06-23T23:13:52","modified_gmt":"2023-06-23T21:13:52","slug":"8-essais-feministes6352","status":"publish","type":"post","link":"https:\/\/archives.regards.fr\/?p=6352","title":{"rendered":"8 essais f\u00e9ministes"},"content":{"rendered":"<p class=\"post_excerpt\">Depuis un an, une multitude d&#8217;ouvrages sur le f\u00e9minisme ont vu le jour. Nous en avons s\u00e9lectionn\u00e9 quelques uns qui dessinent un paysage divers, compl\u00e9mentaire ou contradictoire.    <\/p>\n<p>Les essais sur le f\u00e9minisme se suivent et ne se ressemblent pas. Dans son recueil remarqu\u00e9, <em>Le F\u00e9minisme en mouvements<\/em> (\u00e9d. La D\u00e9couverte), la th\u00e9oricienne am\u00e9ricaine Nancy Fraser retrace l\u2019histoire d\u2019un drame en trois actes. Face \u00e0 la crise du n\u00e9olib\u00e9ralisme surgie sur les d\u00e9combres des ann\u00e9es 60, l\u2019auteure en appelle \u00e0 redonner au mouvement un souffle subversif, un esprit insurrectionnel, une vigueur. Toujours aux Etats-Unis, la journaliste Hanna Rosin a publi\u00e9 un ouvrage au titre provocateur, <em>The end of men<\/em> (\u00e9d. Autrement) qui vient d\u2019\u00eatre traduit en Fran\u00e7ais. Elle annonce, avec l\u2019accession des femmes au pouvoir, une mutation des rapports de sexes. Du continent nord-am\u00e9ricain \u00e0 l\u2019Asie, le patriarcat serait sur le point de dispara\u00eetre\u2026 Comme elle y va ! En tout cas, en France, les st\u00e9r\u00e9otypes dans le travail ont la peau dure. Certes la sociologue Margaret Maruani et la statisticienne Monique Meron d\u00e9crivent des femmes qui, plus dipl\u00f4m\u00e9es que les hommes, ont conquis des professions qualifi\u00e9es. Mais les deux auteures d\u2019<em>Un si\u00e8cle de travail des femmes en France<\/em> (\u00e9d. La D\u00e9couverte) montrent aussi la permanence de la division sexuelle du travail. Aujourd\u2019hui encore, il existe des \u00ab m\u00e9tiers de femmes \u00bb : entretien des maisons, soin et garde des enfants. Le viol est une autre manifestation de ces in\u00e9galit\u00e9s qui perdurent. Cl\u00e9mentine Autain, qui en a fait un combat politique, a coordonn\u00e9 <em>Elles se manifestent<\/em> (\u00e9d. Don Quichotte), 109 t\u00e9moignages recueillis sur la plateforme web de France t\u00e9l\u00e9vision. Elle propose \u00e9galement un choix tr\u00e8s personnel de textes f\u00e9ministes dans <em>Ne me lib\u00e8re pas je m\u2019en charge<\/em> (\u00e9d. Librio), une petite anthologie qui offre une place \u00e0 Marie de Gournay, Simone de Beauvoir ou Hubertine Auclert. C\u2019est justement le f\u00e9minisme \u00ab blanc \u00bb qui est pris pour cible par <em>Les f\u00e9ministes blanches et l\u2019empire <\/em> (\u00e9d. La Fabrique) \u2013 ouvrage controvers\u00e9 de F\u00e9lix Boggio Ewanj\u00e9-Ep\u00e9e et Stella Magliani-Belkacem qui fustige la collusion de ce mouvement avec le pouvoir raciste. A l\u2019int\u00e9rieur du monde musulman, des f\u00e9ministes pensent l\u2019\u00e9mancipation par le religieux, explique Zahra Ali dans <em>F\u00e9minismes islamiques <\/em> (\u00e9d. La Fabrique). Elles retournent les textes sacr\u00e9s contre le patriarcat, s\u2019\u00e9l\u00e8vent contre les autorit\u00e9s politiques et religieuses qui bafouent certains droits. Reste la sacro-sainte diff\u00e9rence biologique entre hommes et femmes. Une croyance que vient \u00e9branler la biologiste Anne Fausto-Sterling, auteure de <em>Corps en tous genres <\/em> (\u00e9d. La D\u00e9couverte), traduit en 2012. La combinaison entre chromosomes X et Y n\u2019a pas r\u00e9ponse \u00e0 tout\u2026 Voil\u00e0 qui mettra sans doute tout le monde d&#8217;accord. <\/p>\n<p>Et \u00e0 revoir sur <a href=\"http:\/\/pluzz.francetv.fr\/videos\/infrarouge_,78235437.html\">France 2<\/a>, le documentaire <em>Viol, elles se manifestent<\/em> (70mn) de S. Carrel et A. Rawlins.<br \/>\n<a href=\"http:\/\/pluzz.francetv.fr\/videos\/infrarouge_,78235437.html\"><img loading=\"lazy\" decoding=\"async\" class=\" aligncenter size-full wp-image-17953\" src=\"https:\/\/wp.muchomaas.com\/wp-content\/uploads\/2013\/03\/capture_d_ecran_2013-03-07_a_12-085.09.07-2.png\" alt=\"capture_d_ecran_2013-03-07_a_12.09.07-2.png\" align=\"center\" width=\"460\" height=\"257\" srcset=\"https:\/\/archives.regards.fr\/wp-content\/uploads\/2013\/03\/capture_d_ecran_2013-03-07_a_12-085.09.07-2.png 460w, https:\/\/archives.regards.fr\/wp-content\/uploads\/2013\/03\/capture_d_ecran_2013-03-07_a_12-085.09.07-2-300x168.png 300w\" sizes=\"auto, (max-width: 460px) 100vw, 460px\" \/><\/a><div id='gallery-1' class='gallery galleryid-6352 gallery-columns-3 gallery-size-thumbnail'><figure class='gallery-item'>\n\t\t\t<div class='gallery-icon landscape'>\n\t\t\t\t<a href='https:\/\/archives.regards.fr\/wp-content\/uploads\/2013\/03\/livres-7db.jpg'><img loading=\"lazy\" decoding=\"async\" width=\"150\" height=\"150\" src=\"https:\/\/archives.regards.fr\/wp-content\/uploads\/2013\/03\/livres-7db-150x150.jpg\" class=\"attachment-thumbnail size-thumbnail\" alt=\"livres.jpg\" \/><\/a>\n\t\t\t<\/div><\/figure><figure class='gallery-item'>\n\t\t\t<div class='gallery-icon landscape'>\n\t\t\t\t<a href='https:\/\/archives.regards.fr\/wp-content\/uploads\/2013\/03\/capture_d_ecran_2013-03-07_a_12-d12.09.07-2.png'><img loading=\"lazy\" decoding=\"async\" width=\"150\" height=\"150\" src=\"https:\/\/archives.regards.fr\/wp-content\/uploads\/2013\/03\/capture_d_ecran_2013-03-07_a_12-d12.09.07-2-150x150.png\" class=\"attachment-thumbnail size-thumbnail\" alt=\"capture_d_ecran_2013-03-07_a_12.09.07-2.png\" \/><\/a>\n\t\t\t<\/div><\/figure>\n\t\t<\/div>\n<\/p>\n","protected":false},"excerpt":{"rendered":"<p>Depuis un an, une multitude d&#8217;ouvrages sur le f\u00e9minisme ont vu le jour. Nous en avons s\u00e9lectionn\u00e9 quelques uns qui dessinent un paysage divers, compl\u00e9mentaire ou contradictoire.    <\/p>\n","protected":false},"author":573,"featured_media":17953,"comment_status":"open","ping_status":"open","sticky":false,"template":"","format":"standard","meta":{"_themeisle_gutenberg_block_has_review":false,"footnotes":""},"categories":[173],"tags":[],"class_list":["post-6352","post","type-post","status-publish","format-standard","has-post-thumbnail","hentry","category-fetees-une-journee-exploitees-toute-lannee"],"_links":{"self":[{"href":"https:\/\/archives.regards.fr\/index.php?rest_route=\/wp\/v2\/posts\/6352","targetHints":{"allow":["GET"]}}],"collection":[{"href":"https:\/\/archives.regards.fr\/index.php?rest_route=\/wp\/v2\/posts"}],"about":[{"href":"https:\/\/archives.regards.fr\/index.php?rest_route=\/wp\/v2\/types\/post"}],"author":[{"embeddable":true,"href":"https:\/\/archives.regards.fr\/index.php?rest_route=\/wp\/v2\/users\/573"}],"replies":[{"embeddable":true,"href":"https:\/\/archives.regards.fr\/index.php?rest_route=%2Fwp%2Fv2%2Fcomments&post=6352"}],"version-history":[{"count":0,"href":"https:\/\/archives.regards.fr\/index.php?rest_route=\/wp\/v2\/posts\/6352\/revisions"}],"wp:featuredmedia":[{"embeddable":true,"href":"https:\/\/archives.regards.fr\/index.php?rest_route=\/wp\/v2\/media\/17953"}],"wp:attachment":[{"href":"https:\/\/archives.regards.fr\/index.php?rest_route=%2Fwp%2Fv2%2Fmedia&parent=6352"}],"wp:term":[{"taxonomy":"category","embeddable":true,"href":"https:\/\/archives.regards.fr\/index.php?rest_route=%2Fwp%2Fv2%2Fcategories&post=6352"},{"taxonomy":"post_tag","embeddable":true,"href":"https:\/\/archives.regards.fr\/index.php?rest_route=%2Fwp%2Fv2%2Ftags&post=6352"}],"curies":[{"name":"wp","href":"https:\/\/api.w.org\/{rel}","templated":true}]}}