{"id":6350,"date":"2013-03-07T22:10:00","date_gmt":"2013-03-07T21:10:00","guid":{"rendered":"https:\/\/wp.muchomaas.com\/handball-la-jupette-aux-oubliettes6350\/"},"modified":"2023-06-23T23:13:51","modified_gmt":"2023-06-23T21:13:51","slug":"handball-la-jupette-aux-oubliettes6350","status":"publish","type":"post","link":"https:\/\/archives.regards.fr\/?p=6350","title":{"rendered":"Handball, la jupette aux oubliettes"},"content":{"rendered":"<p class=\"post_excerpt\">Le 4 f\u00e9vrier dernier, le site internet \u00ab <a href=\"http:\/\/www.femmesdesport.com\/\">Femmes de sport<\/a> \u00bb tweetait que la Ligue F\u00e9minine de handball (LFH) et les clubs r\u00e9fl\u00e9chissaient \u00e0 une <em>\u00ab obligation de jupette \u00bb<\/em> pour la saison prochaine. Cette annonce a fait sensation et certainement bien au-del\u00e0 de ce qui \u00e9tait esp\u00e9r\u00e9\u2026 <\/p>\n<p>Les joueuses ont rapidement pris conscience du futur caract\u00e8re \u00ab obligatoire \u00bb de l\u2019habit ainsi que  de l&#8217;acoquinement entre la LFH et les \u00e9quipementiers pour \u00abcr\u00e9er le buzz\u00bb afin de vendre plus (billets, tenues etc). <\/p>\n<p>Mais les joueuses ont r\u00e9pliqu\u00e9es aussi t\u00f4t. Par voix de presse ou dans leur propre club, elles ont contest\u00e9 ce retour en arri\u00e8re. Leurs critiques se sont principalement port\u00e9es sur l&#8217;absence de concertation, le clich\u00e9 du spectateur attir\u00e9 par les longues jambes muscl\u00e9es ainsi que de consid\u00e9rer les joueuses uniquement comme des femmes \u00e0 appr\u00eater, non pas comme des sportives menant le combat acharn\u00e9 sur le terrain.<\/p>\n<p>Il y a quelques jours, plusieurs sites dont celui de l\u2019<em>Equipe<\/em>, ont annonc\u00e9 que le projet \u00e9tait abandonn\u00e9. Il aura suffi d\u2019un petit mois pour que la LFH passe de \u00ab l\u2019obligation \u00bb aux \u00ab oubliettes \u00bb.<\/p>\n<p>Reste les interrogations quant \u00e0 la vision des responsables de la LFH sur l\u2019\u00e9volution de la ligue E. demeure la perplexit\u00e9 sur leur id\u00e9e du statut de la sportive.<div id='gallery-1' class='gallery galleryid-6350 gallery-columns-3 gallery-size-thumbnail'><figure class='gallery-item'>\n\t\t\t<div class='gallery-icon landscape'>\n\t\t\t\t<a href='https:\/\/archives.regards.fr\/wp-content\/uploads\/2013\/03\/handball-32b.png'><img loading=\"lazy\" decoding=\"async\" width=\"150\" height=\"150\" src=\"https:\/\/archives.regards.fr\/wp-content\/uploads\/2013\/03\/handball-32b-150x150.png\" class=\"attachment-thumbnail size-thumbnail\" alt=\"handball.png\" \/><\/a>\n\t\t\t<\/div><\/figure>\n\t\t<\/div>\n<\/p>\n","protected":false},"excerpt":{"rendered":"<p>Le 4 f\u00e9vrier dernier, le site internet \u00ab <a href=\"http:\/\/www.femmesdesport.com\/\">Femmes de sport<\/a> \u00bb tweetait que la Ligue F\u00e9minine de handball (LFH) et les clubs r\u00e9fl\u00e9chissaient \u00e0 une <em>\u00ab obligation de jupette \u00bb<\/em> pour la saison prochaine. Cette annonce a fait sensation et certainement bien au-del\u00e0 de ce qui \u00e9tait esp\u00e9r\u00e9\u2026 <\/p>\n","protected":false},"author":1,"featured_media":17949,"comment_status":"open","ping_status":"open","sticky":false,"template":"","format":"standard","meta":{"_themeisle_gutenberg_block_has_review":false,"footnotes":""},"categories":[173],"tags":[],"class_list":["post-6350","post","type-post","status-publish","format-standard","has-post-thumbnail","hentry","category-fetees-une-journee-exploitees-toute-lannee"],"_links":{"self":[{"href":"https:\/\/archives.regards.fr\/index.php?rest_route=\/wp\/v2\/posts\/6350","targetHints":{"allow":["GET"]}}],"collection":[{"href":"https:\/\/archives.regards.fr\/index.php?rest_route=\/wp\/v2\/posts"}],"about":[{"href":"https:\/\/archives.regards.fr\/index.php?rest_route=\/wp\/v2\/types\/post"}],"author":[{"embeddable":true,"href":"https:\/\/archives.regards.fr\/index.php?rest_route=\/wp\/v2\/users\/1"}],"replies":[{"embeddable":true,"href":"https:\/\/archives.regards.fr\/index.php?rest_route=%2Fwp%2Fv2%2Fcomments&post=6350"}],"version-history":[{"count":0,"href":"https:\/\/archives.regards.fr\/index.php?rest_route=\/wp\/v2\/posts\/6350\/revisions"}],"wp:featuredmedia":[{"embeddable":true,"href":"https:\/\/archives.regards.fr\/index.php?rest_route=\/wp\/v2\/media\/17949"}],"wp:attachment":[{"href":"https:\/\/archives.regards.fr\/index.php?rest_route=%2Fwp%2Fv2%2Fmedia&parent=6350"}],"wp:term":[{"taxonomy":"category","embeddable":true,"href":"https:\/\/archives.regards.fr\/index.php?rest_route=%2Fwp%2Fv2%2Fcategories&post=6350"},{"taxonomy":"post_tag","embeddable":true,"href":"https:\/\/archives.regards.fr\/index.php?rest_route=%2Fwp%2Fv2%2Ftags&post=6350"}],"curies":[{"name":"wp","href":"https:\/\/api.w.org\/{rel}","templated":true}]}}