{"id":6343,"date":"2013-03-07T22:15:00","date_gmt":"2013-03-07T21:15:00","guid":{"rendered":"https:\/\/wp.muchomaas.com\/femme-enceinte-en-recherche-d6343\/"},"modified":"2023-06-23T23:13:50","modified_gmt":"2023-06-23T21:13:50","slug":"femme-enceinte-en-recherche-d6343","status":"publish","type":"post","link":"https:\/\/archives.regards.fr\/?p=6343","title":{"rendered":"Femme enceinte en recherche d&#8217;emploi, le parcours de la combattante. T\u00e9moignage"},"content":{"rendered":"<p class=\"post_excerpt\">La soci\u00e9t\u00e9 fran\u00e7aise ne permet pas \u00e0 une femme enceinte de rechercher un emploi, quand bien m\u00eame aurait-elle entam\u00e9 ses d\u00e9marches bien avant d\u2019apprendre sa grossesse. Je le mesure depuis quelques mois. Si on a le culot de poursuivre ce projet, pour la dr\u00f4le de raison que l\u2019on aurait financi\u00e8rement besoin de travailler, les tenants de l\u2019ordre social ne manquent pas de nous mettre des b\u00e2tons dans les roues, transformant cette qu\u00eate l\u00e9gitime en v\u00e9ritable croisade sociale. <\/p>\n<p>Deux types d\u2019attitude\u00a0se v\u00e9rifient sur le terrain : celle, d\u00e9complex\u00e9e, consistant \u00e0 me dire ouvertement que le fait d\u2019\u00eatre enceinte emp\u00eache purement et simplement mon recrutement. Pourquoi\u00a0?\u00a0: <em>\u00ab\u00a0Votre calendrier personnel n\u2019est pas compatible avec le n\u00f4tre.\u00a0\u00bb<\/em><em> \u00ab\u00a0Vous ne pouvez pas vous absenter\u00a0six mois. \u00bb<\/em> Chacun sait qu\u2019un cong\u00e9 maternit\u00e9 est de quatre mois, non de six, mais la mauvaise foi est une arme qui a de tout temps fait ses preuves. Par ailleurs, la crainte de cet employeur public dans le cas pr\u00e9sent, c\u2019est que j\u2019ose prendre \u00e0 la suite un cong\u00e9 parental. Aussi, que son sup\u00e9rieur hi\u00e9rarchique lui reproche ce recrutement en parfaite connaissance de cause\u00a0: <em>\u00ab\u00a0Quoi embaucher une femme enceinte, mais ce n\u2019est pas l\u2019Arm\u00e9e du Salut ici\u00a0!\u00a0\u00bb<\/em> C\u2019est comme si les mots de son pr\u00e9sident sifflaient d\u00e9j\u00e0 dans les oreilles de cette jeune femme directrice d\u2019une institution publique, par ailleurs m\u00e8re, que j\u2019ai face \u00e0 moi. Cette premi\u00e8re attitude de rejet sans appel de ma candidature alors m\u00eame que sur le terrain des comp\u00e9tences, elle l\u2019a jug\u00e9e excellente, a g\u00e9n\u00e9r\u00e9 chez elle, apr\u00e8s coup, un sentiment de culpabilit\u00e9 qui l\u2019a pouss\u00e9e \u00e0 un mouvement qu\u2019elle a cru g\u00e9n\u00e9reux\u00a0: <em>\u00ab\u00a0Apr\u00e8s la naissance de votre enfant, revenez nous voir, le poste de directeur de service sera pourvu mais en-dessous il y aura peut \u00eatre des possibilit\u00e9s.\u00a0\u00bb<\/em> La gifle caus\u00e9e par un tel m\u00e9pris m\u2019a chauff\u00e9 la joue longtemps, d\u2019autant qu\u2019elle \u00e9manait d\u2019une institution publique dont le sens de la responsabilit\u00e9 aurait d\u00fb \u00eatre renforc\u00e9 en la mati\u00e8re. <\/p>\n<p>La seconde attitude tr\u00e8s en vogue des employeurs consiste \u00e0 ne pas donner suite au processus d\u2019embauche sans avancer de raisons, voire, si j\u2019avais l\u2019impertinence de r\u00e9clamer des comptes \u00e0 corps et \u00e0 cri, \u00e0 en inventer de vagues ou de parfaitement incoh\u00e9rentes tant mes comp\u00e9tences professionnelles collaient au profil recherch\u00e9, ce que l\u2019employeur pouvait souligner lui-m\u00eame au cours de l\u2019entretien\u00a0: <em>\u00ab\u00a0J\u2019esp\u00e8re vraiment que nous aurons l\u2019occasion de travailler ensemble\u00a0\u00bb<\/em>, avait dit un directeur en pr\u00e9sence de sa directrice des ressources humaines et de son adjoint.\u00a0 Mais c\u2019\u00e9tait avant d\u2019apprendre l\u2019existence d\u2019un f\u0153tus dans mon ventre. <em>\u00ab\u00a0Je vous remercie de nous l\u2019avoir dit. Toutes nos f\u00e9licitations\u00a0! Mais ne vous inqui\u00e9tez pas, cela ne changera rien, ce ne sera pas pris en compte dans notre processus de d\u00e9cision.\u00a0\u00bb <\/em> Pourtant, il ne me raccompagnera pas \u00e0 la porte ni ne r\u00e9pondra jamais plus \u00e0 mes messages \u00e9lectroniques. L\u2019empressement qu\u2019il avait manifest\u00e9 pour me rencontrer quelques jours auparavant avait myst\u00e9rieusement fondu. Le plus simple alors, et cela se v\u00e9rifie, c\u2019est finalement de faire le choix d\u2019un homme pour le poste. C\u2019est ce que cet employeur fit. Choisir la facilit\u00e9 et faire preuve d\u2019une vision \u00e0 court-terme menacent les plus fragiles d\u2019entre nous. Sans le garde-fou de l\u2019Etat et du droit, la situation risque d\u2019empirer encore davantage. <\/p>\n<p>Ayant \u00e9prouv\u00e9 \u00e0 plusieurs reprises les deux types de refus pr\u00e9c\u00e9demment expos\u00e9s, je me suis demand\u00e9e ce que la loi pr\u00e9voyait. Avais-je le droit de rechercher un emploi\u00a0? Les refus d\u2019embauche pour cause de grossesse \u00e9taient-ils permis\u00a0? J\u2019ai d\u00e9couvert alors que j\u2019\u00e9tais prot\u00e9g\u00e9e par la loi qui ne m\u2019oblige aucunement \u00e0 r\u00e9v\u00e9ler mon \u00e9tat de grossesse, consid\u00e9rant que l\u2019\u00e9galit\u00e9 des chances et de traitement doit \u00eatre au principe d\u2019un recrutement et que seules les comp\u00e9tences pr\u00e9valent. <\/p>\n<p>Ragaillardie, je me suis alors pr\u00e9sent\u00e9e \u00e0 de nouveaux entretiens sans faire \u00e9tat de ma grossesse. D\u00e9sormais au fait du droit, je pensais qu\u2019enfin cette situation personnelle temporaire n\u2019allait plus obstruer la discussion sur mes comp\u00e9tences ni sur le contenu du travail \u00e0 long terme qui seule m\u2019importait. Mais ce que j\u2019ai d\u00e9couvert alors, c\u2019est que le fait de ne pas r\u00e9v\u00e9ler ma grossesse ne r\u00e9glait pas le probl\u00e8me, omnipr\u00e9sent dans les \u00e9changes, ni n\u2019\u00e9teignait les appr\u00e9hensions de la part des employeurs, hommes ou femmes. Car quelle \u00e9tait la difficult\u00e9 majeure pour eux\u00a0? C\u2019est que je sois en \u00e2ge d\u2019en avoir, c\u2019est d\u2019\u00eatre au fond \u00e0 leurs yeux une menace permanente, une bombe \u00e0 retardement. Les craintes \u00e9taient telles que les employeurs n\u2019h\u00e9sitaient pas \u00e0 faire intrusion dans ma vie priv\u00e9e et \u00e0 enfoncer le clou \u00e0 outrance\u00a0: <em>\u00ab\u00a0Avez-vous des enfants\u00a0?\u00a0Non, oh cela viendra\u00a0! \u00bb<\/em>, avant de poursuivre, <em>\u00ab\u00a0les femmes ne jouent pas le jeu de nos jours. Elles ne sont plus joignables quand elles sont en cong\u00e9 maternit\u00e9. Et puis, vous voulez que je vous dise\u00a0? Moi j\u2019ai eu trois enfants et je me suis arr\u00eat\u00e9e quinze jours, et bien personne n\u2019est mort.\u00a0\u00bb <\/em> Ce fut une autre douche froide, mais au milieu de l\u2019entretien, il fallait que j\u2019abonde dans le sens des propos aberrants qui m\u2019\u00e9taient tenus si je voulais d\u00e9crocher l&#8217; emploi. De retour chez moi, la pression sournoise de l\u2019employeur distilla son poison et je me surpris \u00e0 accepter par anticipation cet arrachement brutal \u00e0 mon enfant pour garantir \u00e0 mon foyer des conditions de vie acceptables.  <\/p>\n<p>Quel soutien une femme enceinte qui ne parle pas de sa grossesse dans son processus de recrutement est-elle susceptible de rencontrer\u00a0? Aucun. J\u2019ai m\u00eame suscit\u00e9 des r\u00e9actions violentes, irrationnelles. Certaines personnes se sont litt\u00e9ralement d\u00e9tourn\u00e9es de moi. <em>\u00ab\u00a0Passer des entretiens enceinte, c&#8217;est kamikaze, c&#8217;est d&#8217;une telle \u00e9vidence que c\u2019est  \u00e9tonnant que personne d&#8217;autre que moi, dans votre entourage proche, ne vous le dise. Inutile d&#8217;accuser la terre enti\u00e8re d&#8217;injustice, ce que vous r\u00e9coltez de refus est bien normal.\u00a0\u00bb \u00ab\u00a0Et puis, pourquoi se mettre expr\u00e8s dans une situation d\u00e9licate au lieu d\u2019attendre bien sagement la naissance\u00a0?\u00a0 C\u2019est si beau d\u2019\u00eatre enceinte, il faut en profiter, ce sont des moments rares. \u00bb<\/em> L\u2019un n\u2019emp\u00eache pas l\u2019autre, et figurez-vous que mes droits au ch\u00f4mage s\u2019arr\u00eatent tr\u00e8s peu de temps apr\u00e8s la naissance. La passivit\u00e9 est un luxe que je ne peux pas m\u2019offrir. <\/p>\n<p>Qu\u2019en pensent les instances d\u2019autorit\u00e9 qui chaque jour prodiguent des conseils aux femmes enceintes \u00e0 la recherche d\u2019un emploi\u00a0? J\u2019ai interrog\u00e9 ma conseill\u00e8re P\u00f4le emploi, sa r\u00e9ponse fut sans appel\u00a0: <em>\u00ab\u00a0Nous ne conseillons pas \u00e0 une femme de ne pas dire qu\u2019elle est enceinte. Cela fausse la confiance avec le futur employeur. Vous vous imaginez\u00a0? Vous partez sur de mauvaises bases, c\u2019est tout \u00e0 fait malhonn\u00eate. Vous allez vous griller.\u00a0\u00bb<\/em> Si je me grille, c\u2019est que je commets une faute professionnelle, pourtant la loi dit l\u2019inverse\u00a0? <em>\u00ab Non, mais bon, nous ne le conseillons pas\u2026\u00a0\u00bb. \u00ab\u00a0Etre enceinte quand on est dans une entreprise depuis deux-trois ans c\u2019est normal mais sinon\u2026\u00a0\u00bb<\/em> Un autre argument qu\u2019elle croit massue, tout empreint de culpabilit\u00e9 pour une future m\u00e8re\u00a0:\u00a0<em>\u00ab\u00a0Ce n\u2019est pas bon pour votre b\u00e9b\u00e9 de le cacher\u2026\u00a0\u00bb<\/em> La corde sensible \u00e0 plein r\u00e9gime. Et si un salari\u00e9 tombait gravement malade, pouvons-nous consid\u00e9rer qu\u2019il faille le conserver dans l\u2019entreprise\u00a0? <em>\u00ab\u00a0Oui, bien s\u00fbr car dans ce cas, ce n\u2019est pas de sa faute.\u00a0\u00bb<\/em> Il faut donc comprendre que j\u2019ai bien ce que je m\u00e9rite car j\u2019ai consenti \u00e0 porter cet enfant. Si on suit ce raisonnement, il faudrait donc que je n\u2019aie pas d\u00e9sir\u00e9 \u00eatre enceinte pour oser pr\u00e9tendre me faire embaucher en \u00e9tat de grossesse. Un comble!<br \/>\nMais rassurons-nous, P\u00f4le emploi, comme de nombreuses institutions publiques et entreprises, sont signataires de moult chartes et engag\u00e9s dans d\u2019ambitieux processus de soutien \u00e0 l\u2019\u00e9galit\u00e9 professionnelle et de lutte contre les discriminations \u00e0 l\u2019embauche.<div id='gallery-1' class='gallery galleryid-6343 gallery-columns-3 gallery-size-thumbnail'><figure class='gallery-item'>\n\t\t\t<div class='gallery-icon landscape'>\n\t\t\t\t<a href='https:\/\/archives.regards.fr\/wp-content\/uploads\/2013\/03\/preg-11a.png'><img loading=\"lazy\" decoding=\"async\" width=\"150\" height=\"150\" src=\"https:\/\/archives.regards.fr\/wp-content\/uploads\/2013\/03\/preg-11a-150x150.png\" class=\"attachment-thumbnail size-thumbnail\" alt=\"preg.png\" \/><\/a>\n\t\t\t<\/div><\/figure>\n\t\t<\/div>\n<\/p>\n","protected":false},"excerpt":{"rendered":"<p>La soci\u00e9t\u00e9 fran\u00e7aise ne permet pas \u00e0 une femme enceinte de rechercher un emploi, quand bien m\u00eame aurait-elle entam\u00e9 ses d\u00e9marches bien avant d\u2019apprendre sa grossesse. Je le mesure depuis quelques mois. Si on a le culot de poursuivre ce projet, pour la dr\u00f4le de raison que l\u2019on aurait financi\u00e8rement besoin de travailler, les tenants de l\u2019ordre social ne manquent pas de nous mettre des b\u00e2tons dans les roues, transformant cette qu\u00eate l\u00e9gitime en v\u00e9ritable croisade sociale. <\/p>\n","protected":false},"author":1,"featured_media":17937,"comment_status":"open","ping_status":"open","sticky":false,"template":"","format":"standard","meta":{"_themeisle_gutenberg_block_has_review":false,"footnotes":""},"categories":[173],"tags":[],"class_list":["post-6343","post","type-post","status-publish","format-standard","has-post-thumbnail","hentry","category-fetees-une-journee-exploitees-toute-lannee"],"_links":{"self":[{"href":"https:\/\/archives.regards.fr\/index.php?rest_route=\/wp\/v2\/posts\/6343","targetHints":{"allow":["GET"]}}],"collection":[{"href":"https:\/\/archives.regards.fr\/index.php?rest_route=\/wp\/v2\/posts"}],"about":[{"href":"https:\/\/archives.regards.fr\/index.php?rest_route=\/wp\/v2\/types\/post"}],"author":[{"embeddable":true,"href":"https:\/\/archives.regards.fr\/index.php?rest_route=\/wp\/v2\/users\/1"}],"replies":[{"embeddable":true,"href":"https:\/\/archives.regards.fr\/index.php?rest_route=%2Fwp%2Fv2%2Fcomments&post=6343"}],"version-history":[{"count":0,"href":"https:\/\/archives.regards.fr\/index.php?rest_route=\/wp\/v2\/posts\/6343\/revisions"}],"wp:featuredmedia":[{"embeddable":true,"href":"https:\/\/archives.regards.fr\/index.php?rest_route=\/wp\/v2\/media\/17937"}],"wp:attachment":[{"href":"https:\/\/archives.regards.fr\/index.php?rest_route=%2Fwp%2Fv2%2Fmedia&parent=6343"}],"wp:term":[{"taxonomy":"category","embeddable":true,"href":"https:\/\/archives.regards.fr\/index.php?rest_route=%2Fwp%2Fv2%2Fcategories&post=6343"},{"taxonomy":"post_tag","embeddable":true,"href":"https:\/\/archives.regards.fr\/index.php?rest_route=%2Fwp%2Fv2%2Ftags&post=6343"}],"curies":[{"name":"wp","href":"https:\/\/api.w.org\/{rel}","templated":true}]}}