{"id":6342,"date":"2013-03-07T22:37:20","date_gmt":"2013-03-07T21:37:20","guid":{"rendered":"https:\/\/wp.muchomaas.com\/fetees-une-journee-exploitees6342\/"},"modified":"2023-06-23T23:13:50","modified_gmt":"2023-06-23T21:13:50","slug":"fetees-une-journee-exploitees6342","status":"publish","type":"post","link":"https:\/\/archives.regards.fr\/?p=6342","title":{"rendered":"\u00abF\u00eat\u00e9es une journ\u00e9e, exploit\u00e9es toute l&#8217;ann\u00e9e\u00bb"},"content":{"rendered":"<p class=\"post_excerpt\">&#8220;Quand une femme est accus\u00e9e d&#8217;exag\u00e9rer, c&#8217;est qu&#8217;elle est sur la bonne voie.&#8221; (C.Delphy) Alors une page sp\u00e9ciale regards.fr pour le 8 mars, c&#8217;est le moins qu&#8217;on puisse faire. <\/p>\n<ul>\n<li> &#8211; <a href=\"6351\">Retrouver le tranchant du f\u00e9minisme<\/a>, \u00e9dito-vid\u00e9o de Cl\u00e9mentine Autain\t<\/li>\n<li> &#8211; <a href=\"6346\">A Nairobi, des femmes s\u00e9ropositives s\u2019organisent<\/a>\t<\/li>\n<li> &#8211; <a href=\"6352\">8 essais f\u00e9ministes\t<\/a><\/li>\n<li> &#8211; <a href=\"6343\">Femme enceinte en recherche d\u2019emploi, le parcours de la combattante. T\u00e9moignage<\/a><\/li>\n<li> &#8211; <a href=\"6341\"> Espagne, l\u2019avortement \u00e0 nouveau remis en question<\/a>\t<\/li>\n<li> &#8211; <a href=\"6350\">Handball, la jupette aux oubliettes<\/a><\/li>\n<li> &#8211; <a href=\"6340\">Les femmes veulent faire le spectacle<\/a><\/li>\n<li> &#8211; <a href=\"6353\">La meilleure citation f\u00e9ministe<\/a><\/li>\n<li> &#8211; <a href=\"6311\">Les boules<\/a><\/li>\n<li> &#8211; <a href=\"6292\">Nous sommes toutes des laiderons<\/a><\/li>\n<li> &#8211; <a href=\"6247\">Linder, femme \/ objet au mus\u00e9e d\u2019Art moderne de Paris<\/a><\/li>\n<\/ul>\n<div id='gallery-1' class='gallery galleryid-6342 gallery-columns-3 gallery-size-thumbnail'><figure class='gallery-item'>\n\t\t\t<div class='gallery-icon landscape'>\n\t\t\t\t<a href='https:\/\/archives.regards.fr\/wp-content\/uploads\/2013\/03\/fem-abf.png'><img loading=\"lazy\" decoding=\"async\" width=\"150\" height=\"150\" src=\"https:\/\/archives.regards.fr\/wp-content\/uploads\/2013\/03\/fem-abf-150x150.png\" class=\"attachment-thumbnail size-thumbnail\" alt=\"fem.png\" \/><\/a>\n\t\t\t<\/div><\/figure>\n\t\t<\/div>\n\n","protected":false},"excerpt":{"rendered":"<p>&#8220;Quand une femme est accus\u00e9e d&#8217;exag\u00e9rer, c&#8217;est qu&#8217;elle est sur la bonne voie.&#8221; (C.Delphy) Alors une page sp\u00e9ciale regards.fr pour le 8 mars, c&#8217;est le moins qu&#8217;on puisse faire. <\/p>\n","protected":false},"author":643,"featured_media":17935,"comment_status":"open","ping_status":"open","sticky":false,"template":"","format":"standard","meta":{"_themeisle_gutenberg_block_has_review":false,"footnotes":""},"categories":[173],"tags":[],"class_list":["post-6342","post","type-post","status-publish","format-standard","has-post-thumbnail","hentry","category-fetees-une-journee-exploitees-toute-lannee"],"_links":{"self":[{"href":"https:\/\/archives.regards.fr\/index.php?rest_route=\/wp\/v2\/posts\/6342","targetHints":{"allow":["GET"]}}],"collection":[{"href":"https:\/\/archives.regards.fr\/index.php?rest_route=\/wp\/v2\/posts"}],"about":[{"href":"https:\/\/archives.regards.fr\/index.php?rest_route=\/wp\/v2\/types\/post"}],"author":[{"embeddable":true,"href":"https:\/\/archives.regards.fr\/index.php?rest_route=\/wp\/v2\/users\/643"}],"replies":[{"embeddable":true,"href":"https:\/\/archives.regards.fr\/index.php?rest_route=%2Fwp%2Fv2%2Fcomments&post=6342"}],"version-history":[{"count":0,"href":"https:\/\/archives.regards.fr\/index.php?rest_route=\/wp\/v2\/posts\/6342\/revisions"}],"wp:featuredmedia":[{"embeddable":true,"href":"https:\/\/archives.regards.fr\/index.php?rest_route=\/wp\/v2\/media\/17935"}],"wp:attachment":[{"href":"https:\/\/archives.regards.fr\/index.php?rest_route=%2Fwp%2Fv2%2Fmedia&parent=6342"}],"wp:term":[{"taxonomy":"category","embeddable":true,"href":"https:\/\/archives.regards.fr\/index.php?rest_route=%2Fwp%2Fv2%2Fcategories&post=6342"},{"taxonomy":"post_tag","embeddable":true,"href":"https:\/\/archives.regards.fr\/index.php?rest_route=%2Fwp%2Fv2%2Ftags&post=6342"}],"curies":[{"name":"wp","href":"https:\/\/api.w.org\/{rel}","templated":true}]}}