{"id":6341,"date":"2013-03-07T22:10:00","date_gmt":"2013-03-07T21:10:00","guid":{"rendered":"https:\/\/wp.muchomaas.com\/espagne-l-avortement-a-nouveau6341\/"},"modified":"2023-06-23T23:13:50","modified_gmt":"2023-06-23T21:13:50","slug":"espagne-l-avortement-a-nouveau6341","status":"publish","type":"post","link":"https:\/\/archives.regards.fr\/?p=6341","title":{"rendered":"Espagne, l&#8217;avortement \u00e0 nouveau remis en question"},"content":{"rendered":"<p class=\"post_excerpt\">Parmi les points cruciaux du programme \u00e9lectoral qui a permis l&#8217;\u00e9crasante victoire du Parti populaire (PP) aux \u00e9lections l\u00e9gislatives de novembre 2011, on note la r\u00e9forme de la loi <em>\u00ab de sant\u00e9 sexuelle et reproductive \u00bb<\/em> qui depuis 2010 d\u00e9p\u00e9nalise l&#8217;avortement en Espagne. La nouvelle loi dont le contenu a \u00e9t\u00e9 avanc\u00e9 par le ministre de la Justice, pr\u00e9voit de p\u00e9naliser \u00e0 nouveau l&#8217;avortement\u2026m\u00eame dans les cas de malformation du f\u0153tus. <\/p>\n<p>L&#8217;interruption volontaire de la grossesse est r\u00e9gul\u00e9e en Espagne par le titre II de la loi organique 2\/2010 de &#8220;sant\u00e9 sexuelle et reproductive et de l&#8217;interruption volontaire de la grossesse&#8221;. Cette loi, mise en place \u00e0 la fin du double mandat du socialiste Rodriguez Zapatero, est en entr\u00e9e en vigueur le 5 juillet 2010, il y a donc \u00e0 peine un peu plus de deux ans. Elle d\u00e9p\u00e9nalise enfin totalement la pratique de l&#8217;interruption volontaire de la grossesse au cours des premi\u00e8res 14 semaines de gestation. La loi permet \u00e9galement aux mineures entre 14 et 16 ans de se faire avorter sans le consentement des parents ou des tuteurs. Une loi cal\u00e9e sur la plupart des lois qui existent dans les pays europ\u00e9ens et qui prot\u00e8ge le droit des femmes \u00e0 disposer de son propre corps. Elle sera cependant abrog\u00e9e au cours de l&#8217;ann\u00e9e 2013 par le gouvernement ultra-conservateur de Mariano Rajoy qui prend en compte les dictats de la puissante Conf\u00e9rence \u00e9piscopale espagnole, pr\u00e9f\u00e9rant privil\u00e9gier les suppos\u00e9s droits des f\u0153tus \u00e0 ceux des femmes. Le ministre de la Justice, Alberto Ruiz Gallard\u00f3n a annonc\u00e9 la teneur de la r\u00e9forme, qui a de quoi satisfaire le secteur le plus extr\u00e9miste de l&#8217;\u00e9glise catholique.<\/p>\n<h2>P\u00e9naliser les femmes\u2026<\/h2>\n<p>La r\u00e9forme envisag\u00e9e pr\u00e9voit ainsi un retour \u00e0 la p\u00e9nalisation de l&#8217;IVG. Celle-ci ne sera possible que dans quelques cas ou &#8220;suppos\u00e9s&#8221; qui n&#8217;ont pas encore \u00e9t\u00e9 tout \u00e0 fait pr\u00e9cis\u00e9s. Cependant le ministre de Justice a eu l&#8217;occasion d&#8217;exprimer la position du gouvernement quant \u00e0 cette question au cours de diff\u00e9rentes interviews publi\u00e9es dans la presse l&#8217;ann\u00e9e derni\u00e8re. <em>\u00ab Plusieurs circonstances n&#8217;entra\u00eeneront pas d&#8217;accusation p\u00e9nale telles que le danger pour la vie de la m\u00e8re ou le viol \u00bb<\/em>, a-t-il ainsi expliqu\u00e9 au quotidien de droite extr\u00eame La Raz\u00f3n au mois de septembre dernier. On pourrait penser que l&#8217;on se dirige a priori vers un simple retour \u00e0 la loi qui existait avant 2010, c&#8217;est-\u00e0-dire une loi datant de 1985 et p\u00e9nalisant l&#8217;avortement sauf en cas de danger psychique ou physique pour  les femmes enceintes, victimes de viol, ou de malformation ou de tares physiques du foetus.  Une loi qui ne reconnaissait pas sur le papier le droit des femmes mais qui dans la pratique permettait l&#8217;IVG:  les femmes, avec l&#8217;aide de psychologues consentants, d\u00e9claraient qu&#8217;une grossesse non d\u00e9sir\u00e9e mettait leur \u00e9quilibre psychologique en danger. <\/p>\n<h2>\u2026 \u00e0 vie<\/h2>\n<p>Mais la loi que pr\u00e9pare le gouvernement et qui sera mise dans l&#8217;agenda du gouvernement quand celui-ci aura besoin de l&#8217;appui de son \u00e9lectorat le plus \u00e0 droite (ce qui ne saurait tarder), va beaucoup plus loin dans la n\u00e9gation du droit des femmee. En effet, l&#8217;avortement demeurera p\u00e9nalis\u00e9 en cas de malformation du foetus. <em>\u00ab Je ne comprends pas pourquoi le &#8220;con\u00e7u&#8221; ne devrait pas \u00eatre prot\u00e9g\u00e9 par la loi sous pr\u00e9texte qu&#8217;il pr\u00e9sente un handicap ou une malformation quelconque. Je trouve \u00e9thiquement inconcevable que nous ayons v\u00e9cu avec cette r\u00e9glementation aussi longtemps et je crois que le m\u00eame niveau de protection doit \u00eatre offert au &#8220;con\u00e7u&#8221; avec ou sans handicap \u00bb<\/em>, a d\u00e9clar\u00e9 Alberto Ruiz Gallard\u00f3n. Une condamnation \u00e0 vie pour les femmes qui concevraient un b\u00e9b\u00e9 avec des malformations, qui intervient dans un contexte de r\u00e9cession, dans un pays qui d\u00e9j\u00e0 ne proposait presque pas d&#8217;aides financi\u00e8res aux familles s&#8217;occupant de handicap\u00e9s ni aux handicap\u00e9s eux-m\u00eames. Mais ce n&#8217;est pas tout. Bien \u00e9videmment, pour le ministre de la Justice du PP, une grossesse non d\u00e9sir\u00e9e ne saurait constituer une mise en danger de la sant\u00e9 psychique des femmes. En Espagne, bient\u00f4t, pour se faire avorter, il faudra au minimum avoir \u00e9t\u00e9 viol\u00e9e! Une belle avanc\u00e9e qui, pour l&#8217;instant, ne mobilise pas suffisamment de force les collectifs f\u00e9ministes.<\/p>\n<div id='gallery-1' class='gallery galleryid-6341 gallery-columns-3 gallery-size-thumbnail'><figure class='gallery-item'>\n\t\t\t<div class='gallery-icon landscape'>\n\t\t\t\t<a href='https:\/\/archives.regards.fr\/wp-content\/uploads\/2013\/03\/abor-cff.png'><img loading=\"lazy\" decoding=\"async\" width=\"150\" height=\"150\" src=\"https:\/\/archives.regards.fr\/wp-content\/uploads\/2013\/03\/abor-cff-150x150.png\" class=\"attachment-thumbnail size-thumbnail\" alt=\"abor.png\" \/><\/a>\n\t\t\t<\/div><\/figure>\n\t\t<\/div>\n\n","protected":false},"excerpt":{"rendered":"<p>Parmi les points cruciaux du programme \u00e9lectoral qui a permis l&#8217;\u00e9crasante victoire du Parti populaire (PP) aux \u00e9lections l\u00e9gislatives de novembre 2011, on note la r\u00e9forme de la loi <em>\u00ab de sant\u00e9 sexuelle et reproductive \u00bb<\/em> qui depuis 2010 d\u00e9p\u00e9nalise l&#8217;avortement en Espagne. La nouvelle loi dont le contenu a \u00e9t\u00e9 avanc\u00e9 par le ministre de la Justice, pr\u00e9voit de p\u00e9naliser \u00e0 nouveau l&#8217;avortement\u2026m\u00eame dans les cas de malformation du f\u0153tus. <\/p>\n","protected":false},"author":1,"featured_media":17933,"comment_status":"open","ping_status":"open","sticky":false,"template":"","format":"standard","meta":{"_themeisle_gutenberg_block_has_review":false,"footnotes":""},"categories":[173],"tags":[419],"class_list":["post-6341","post","type-post","status-publish","format-standard","has-post-thumbnail","hentry","category-fetees-une-journee-exploitees-toute-lannee","tag-espagne"],"_links":{"self":[{"href":"https:\/\/archives.regards.fr\/index.php?rest_route=\/wp\/v2\/posts\/6341","targetHints":{"allow":["GET"]}}],"collection":[{"href":"https:\/\/archives.regards.fr\/index.php?rest_route=\/wp\/v2\/posts"}],"about":[{"href":"https:\/\/archives.regards.fr\/index.php?rest_route=\/wp\/v2\/types\/post"}],"author":[{"embeddable":true,"href":"https:\/\/archives.regards.fr\/index.php?rest_route=\/wp\/v2\/users\/1"}],"replies":[{"embeddable":true,"href":"https:\/\/archives.regards.fr\/index.php?rest_route=%2Fwp%2Fv2%2Fcomments&post=6341"}],"version-history":[{"count":0,"href":"https:\/\/archives.regards.fr\/index.php?rest_route=\/wp\/v2\/posts\/6341\/revisions"}],"wp:featuredmedia":[{"embeddable":true,"href":"https:\/\/archives.regards.fr\/index.php?rest_route=\/wp\/v2\/media\/17933"}],"wp:attachment":[{"href":"https:\/\/archives.regards.fr\/index.php?rest_route=%2Fwp%2Fv2%2Fmedia&parent=6341"}],"wp:term":[{"taxonomy":"category","embeddable":true,"href":"https:\/\/archives.regards.fr\/index.php?rest_route=%2Fwp%2Fv2%2Fcategories&post=6341"},{"taxonomy":"post_tag","embeddable":true,"href":"https:\/\/archives.regards.fr\/index.php?rest_route=%2Fwp%2Fv2%2Ftags&post=6341"}],"curies":[{"name":"wp","href":"https:\/\/api.w.org\/{rel}","templated":true}]}}