{"id":6340,"date":"2013-03-07T22:10:00","date_gmt":"2013-03-07T21:10:00","guid":{"rendered":"https:\/\/wp.muchomaas.com\/les-femmes-veulent-faire-le6340\/"},"modified":"2023-06-23T23:13:50","modified_gmt":"2023-06-23T21:13:50","slug":"les-femmes-veulent-faire-le6340","status":"publish","type":"post","link":"https:\/\/archives.regards.fr\/?p=6340","title":{"rendered":"Les femmes veulent faire le spectacle"},"content":{"rendered":"<p class=\"post_excerpt\">Le monde de la culture, un monde libre, en avance sur son temps, de gauche\u00a0? Peut-\u00eatre\u2026 mais certainement pas \u00e0 parit\u00e9. Retour sur une enqu\u00eate effrayante sur la place des femmes  dans le spectacle vivant. Entretien avec Laurence Equilbey, Chef d\u2019orchestre.<\/p>\n<p><strong>Aline P\u00e9nitot.<\/strong> <em> <strong>Vous avez publi\u00e9, il y a un an, une enqu\u00eate qui r\u00e9v\u00e8le un ph\u00e9nom\u00e8ne in\u00e9galitaire d\u2019une ampleur insoup\u00e7onn\u00e9e\u2026<\/strong> <\/em><\/p>\n<p><strong>Laurence Equilbey.<\/strong> Les gens de la culture \u00e9voluent dans un monde ouvert o\u00f9 le vivre ensemble est particuli\u00e8rement important, o\u00f9 faire de l\u2019art ensemble est essentiel, o\u00f9 l\u2019on se pense loin des clich\u00e9s sexistes. J\u2019imaginais que la r\u00e9partition entre les hommes et les femmes \u00e0 des postes de responsabilit\u00e9s artistiques \u00e9tait de l\u2019ordre d\u2019un tiers de femmes pour deux tiers d\u2019hommes. Mon enqu\u00eate et celles qui sont men\u00e9es par la SACD nous ont laiss\u00e9 sans voix. Nous ne pensions pas vivre dans un tel bastion masculin. Du c\u00f4t\u00e9 des postes administratifs, il n\u2019y a pas de surprise et le secteur culturel r\u00e9v\u00e8le les m\u00eames discriminations que la moyenne des entreprises fran\u00e7aises. Ce qui est plus choquant est de constater le peu de femmes programm\u00e9es ou exer\u00e7ant \u00e0 des postes importants. <\/p>\n<p>Regardez par exemple, la programmation de l\u2019Op\u00e9ra de Paris, je ne le pointe pas plus que les autres. Cette ann\u00e9e, une seule femme sera \u00e0 la direction musicale pour trente-neuf hommes, on trouve deux chor\u00e9graphes femmes pour onze hommes et aucun metteur en sc\u00e8ne femme pour dix neuf hommes. C\u2019est maigre. 84 % des th\u00e9\u00e2tres cofinanc\u00e9s par le Minist\u00e8re de la culture sont dirig\u00e9s par des hommes, 78 % des spectacles que nous voyons sont cr\u00e9\u00e9s par des hommes. Dans les centres dramatiques nationaux, les femmes cr\u00e9ent 15 % des spectacles avec 8 % des moyens de production. Seule une femme, Ariane Mnouchkine a pu acc\u00e9der \u00e0 la cour d\u2019honneur du festival d\u2019Avignon depuis qu\u2019il est cr\u00e9\u00e9. Tout le monde est m\u00e9dus\u00e9 par ces chiffres. Tout se passe comme si la femme, tout court, n\u2019existait pas en tant qu\u2019artiste majeur. <\/p>\n<p><em> <strong>Au fond, l\u2019homme-artiste est consid\u00e9r\u00e9 comme le \u00ab\u00a0neutre\u00a0\u00bb, la norme, rel\u00e9guant de ce fait la femme-artiste \u00e0 une minorit\u00e9 invent\u00e9e. Pourquoi le d\u00e9bat s\u2019ouvre\u00a0tout \u00e0 coup ?<\/strong>  <\/em> <\/p>\n<p>Sans doute parce que la France est plus \u00e0 gauche et prompt \u00e0 mener ces d\u00e9bats. Mais je pense surtout que la situation n\u2019est plus tenable. Il n\u2019est pas possible de continuer \u00e0 vivre dans un pays qui ne donne pas la parole \u00e0 ses femmes. Je remarque aussi que, d\u2019une mani\u00e8re g\u00e9n\u00e9rale, l\u2019ensemble du mouvement f\u00e9ministe grandit et fait beaucoup de bien\u00a0:  le laboratoire de l\u2019\u00e9galit\u00e9 homme-femme, le mouvement H\/F, le groupe d\u2019action f\u00e9ministe la Barbe\u2026 Derni\u00e8rement, ce groupe a envahi la sc\u00e8ne du th\u00e9\u00e2tre de l\u2019Od\u00e9on pour faire remarquer \u00e0 Jean-Luc Bondy, son nouveau directeur, que sur quatorze productions, on trouvait quatorze metteurs en sc\u00e8ne homme et quatorze auteurs homme. Il ne s\u2019en rendait juste pas compte. Par contre nous, nous ressentons tous les jours des difficult\u00e9s \u00e0 acc\u00e9der \u00e0 des postes artistiques de premier plan. Quand j\u2019ai d\u00e9couvert cette r\u00e9alit\u00e9, que je ne vivais pas \u00e0 titre personnel, j\u2019ai d\u2019abord \u00e9touff\u00e9 avant de me relever. Il y a aussi beaucoup d\u2019hommes qui me racontent en \u00eatre choqu\u00e9s. Je pense que la majorit\u00e9 des femmes sont ignorantes du ph\u00e9nom\u00e8ne.<\/p>\n<p><em> <strong>Le milieu musical est particuli\u00e8rement marqu\u00e9 par le vieux clivage homme-chef-cr\u00e9ateur d\u2019un c\u00f4t\u00e9, femme-muse-interpr\u00eate de l\u2019autre\u2026<\/strong> <\/em><\/p>\n<p>Je pense que la musique est le secteur artistique le plus conservateur. Du c\u00f4t\u00e9 des compositeurs, le ph\u00e9nom\u00e8ne est tellement ancien que la pente va \u00eatre tr\u00e8s longue \u00e0 remonter\u00a0: 97% des musiques compos\u00e9es pour le spectacle vivant le sont par des hommes. Par contre concernant les chef d\u2019orchestre et des interpr\u00e8tes-solistes, il est possible de changer vite la donne. Je suis pour qu\u2019on fasse en sorte que, tout de suite, un tiers de femmes prennent place dans toutes les branches du secteur. On ne peut pas attendre quinze ans. Il faut d\u00e8s aujourd\u2019hui que les orchestres engagent au moins une femme au podium par saison et qu\u2019un effort particulier soit fait pour faire jouer des instrumentistes solistes femmes. Une \u00e0 deux femmes chef d\u2019orchestre jouent \u00e0 Paris chaque ann\u00e9e\u00a0; ce n\u2019est pas raisonnable.<\/p>\n<p><em> <strong>Alors, faut-il imposer des quotas\u00a0dans les programmations\u00a0? <\/strong>  <\/em> <\/p>\n<p>Je ne souhaite pas remettre en cause la libert\u00e9 de programmer. Mais il va falloir que les programmateurs consid\u00e8rent que la mixit\u00e9 est quelque chose d\u2019absolument n\u00e9cessaire pour la vitalit\u00e9 de la cr\u00e9ation. Et si la culture est un peu scl\u00e9ros\u00e9e aujourd\u2019hui, c\u2019est parce qu\u2019elle n\u2019est pas assez brass\u00e9e. Les consciences bougent vite et il est maintenant possible d\u2019\u00e9valuer les changements qui s\u2019op\u00e8rent d\u2019ann\u00e9e en ann\u00e9e. Je vais suivre tout cela de pr\u00eat mais je ne suis pas s\u00fbre que la situation puisse \u00e9voluer rapidement et significativement sans contraintes. Je trouve tr\u00e8s bien que le CSA donne des directives pour faire \u00e9voluer la place des femmes dans les m\u00e9dias. Pourquoi le spectacle vivant devrait continuer comme \u00e7a, en toute impunit\u00e9\u00a0?<\/p>\n<div id='gallery-1' class='gallery galleryid-6340 gallery-columns-3 gallery-size-thumbnail'><figure class='gallery-item'>\n\t\t\t<div class='gallery-icon landscape'>\n\t\t\t\t<a href='https:\/\/archives.regards.fr\/wp-content\/uploads\/2013\/03\/musique-8a8.jpg'><img loading=\"lazy\" decoding=\"async\" width=\"150\" height=\"150\" src=\"https:\/\/archives.regards.fr\/wp-content\/uploads\/2013\/03\/musique-8a8-150x150.jpg\" class=\"attachment-thumbnail size-thumbnail\" alt=\"musique.jpg\" \/><\/a>\n\t\t\t<\/div><\/figure>\n\t\t<\/div>\n\n","protected":false},"excerpt":{"rendered":"<p>Le monde de la culture, un monde libre, en avance sur son temps, de gauche\u00a0? Peut-\u00eatre\u2026 mais certainement pas \u00e0 parit\u00e9. Retour sur une enqu\u00eate effrayante sur la place des femmes  dans le spectacle vivant. Entretien avec Laurence Equilbey, Chef d\u2019orchestre.<\/p>\n","protected":false},"author":1,"featured_media":17931,"comment_status":"open","ping_status":"open","sticky":false,"template":"","format":"standard","meta":{"_themeisle_gutenberg_block_has_review":false,"footnotes":""},"categories":[173],"tags":[293,448],"class_list":["post-6340","post","type-post","status-publish","format-standard","has-post-thumbnail","hentry","category-fetees-une-journee-exploitees-toute-lannee","tag-entretien","tag-nos-dossiers"],"_links":{"self":[{"href":"https:\/\/archives.regards.fr\/index.php?rest_route=\/wp\/v2\/posts\/6340","targetHints":{"allow":["GET"]}}],"collection":[{"href":"https:\/\/archives.regards.fr\/index.php?rest_route=\/wp\/v2\/posts"}],"about":[{"href":"https:\/\/archives.regards.fr\/index.php?rest_route=\/wp\/v2\/types\/post"}],"author":[{"embeddable":true,"href":"https:\/\/archives.regards.fr\/index.php?rest_route=\/wp\/v2\/users\/1"}],"replies":[{"embeddable":true,"href":"https:\/\/archives.regards.fr\/index.php?rest_route=%2Fwp%2Fv2%2Fcomments&post=6340"}],"version-history":[{"count":0,"href":"https:\/\/archives.regards.fr\/index.php?rest_route=\/wp\/v2\/posts\/6340\/revisions"}],"wp:featuredmedia":[{"embeddable":true,"href":"https:\/\/archives.regards.fr\/index.php?rest_route=\/wp\/v2\/media\/17931"}],"wp:attachment":[{"href":"https:\/\/archives.regards.fr\/index.php?rest_route=%2Fwp%2Fv2%2Fmedia&parent=6340"}],"wp:term":[{"taxonomy":"category","embeddable":true,"href":"https:\/\/archives.regards.fr\/index.php?rest_route=%2Fwp%2Fv2%2Fcategories&post=6340"},{"taxonomy":"post_tag","embeddable":true,"href":"https:\/\/archives.regards.fr\/index.php?rest_route=%2Fwp%2Fv2%2Ftags&post=6340"}],"curies":[{"name":"wp","href":"https:\/\/api.w.org\/{rel}","templated":true}]}}