{"id":633,"date":"1997-09-01T00:00:00","date_gmt":"1997-08-31T22:00:00","guid":{"rendered":"https:\/\/wp.muchomaas.com\/c-est-a-quel-objet633\/"},"modified":"1997-09-01T00:00:00","modified_gmt":"1997-08-31T22:00:00","slug":"c-est-a-quel-objet633","status":"publish","type":"post","link":"https:\/\/archives.regards.fr\/?p=633","title":{"rendered":"&#8221; C&#8217;est \u00e0 quel objet ?&#8230; &#8220;"},"content":{"rendered":"<p class=\"post_excerpt\"> Le mus\u00e9e de l&#8217;Objet \u00e0 Blois op\u00e8re une v\u00e9ritable coupe g\u00e9ologique dans l&#8217;art des quarante derni\u00e8res ann\u00e9es en une centaine de pi\u00e8ces pr\u00eat\u00e9es \u00e0 la ville. Parcours d&#8217;une passion qui a su se muer en p\u00e9dagogie \u00e9clair\u00e9e. <\/p>\n<p>Dans un livre pour enfants, il y a quelques ann\u00e9es (1), on pouvait voir cette sc\u00e8ne: des parents entrouvrant la porte \u00e0 un P\u00e8re No\u00ebl, derri\u00e8re eux une petite fille naturellement tr\u00e8s impatiente de d\u00e9couvrir les cadeaux, et les parents demandant au P\u00e8re No\u00ebl: &#8221; C&#8217;est \u00e0 quel sujet ? &#8221; De m\u00eame, on peut imaginer un m\u00eame d\u00e9calage entre des g\u00e9n\u00e9rations &#8221; de plain-pied &#8221; (habitu\u00e9es \u00e0 ce que l&#8217;oeuvre plastique n&#8217;utilise plus comme seul support la toile), et d&#8217;autres l\u00e9g\u00e8rement d\u00e9rout\u00e9es ici apr\u00e8s avoir pouss\u00e9 la porte vitr\u00e9e du mus\u00e9e jouxtant id\u00e9alement l&#8217;Ecole des Beaux-Arts et le Conservatoire municipal de musique (2), historiquement et visuellement accueillies tout \u00e0 la fois par la Roue de bicyclette, ready-made (1913) et une superbe \u00e9dition blanche du Moulin \u00e0 eau et de sa Broyeuse de chocolat (1914-1923) de Marcel Duchamp, l&#8217;Objet surr\u00e9aliste (1932) de Salvador Dali &#8211; fait d&#8217;une chaussure de sa femme Gala, d&#8217;un verre de lait, d&#8217;une cuill\u00e8re en bois et d&#8217;un sucre suspendu au bout d&#8217;un fil -, et un masque myst\u00e9rieux trouv\u00e9 dans un march\u00e9 aux puces par Andr\u00e9 Breton (3).<\/p>\n<p> <strong> Une cuill\u00e8re en bois et un sucre suspendu&#8230; <\/strong><\/p>\n<p>Mais de plain-pied ou non (a priori) dans cet univers, et progressant dans une visite qui va pour les dates de 1960 pour le Plein d&#8217;Arman et Etalage, hygi\u00e8ne de la vision de Martial Raysse \u00e0 1997 pour la Biblioth\u00e8que infinit\u00e9simale et supertemporelle d&#8217;Isou (4), derni\u00e8re grande acquisition d&#8217;Eric Fabre, ce sera autre chose de comprendre la place qu&#8217;occupent respectivement ces cr\u00e9ations et leurs auteurs dans l&#8217;histoire de l&#8217;art de cette deuxi\u00e8me moiti\u00e9 du vingti\u00e8me si\u00e8cle (on peut sans trop de peine imaginer que les avis diff\u00e9reront), les types de r\u00e9flexion qui leur ont donn\u00e9 naissance, les engagements sociaux, voire politiques, qui participent de leur existence: le Lettrisme n&#8217;est pas le Nouveau R\u00e9alisme qui n&#8217;est pas le mouvement Fluxus qui n&#8217;est pas les objecteurs qui n&#8217;est pas le Conceptuel qui n&#8217;est pas l&#8217;Art sociologique qui n&#8217;est pas le Happening qui n&#8217;est pas la Nouvelle sculpture anglaise qui n&#8217;est pas le Punk (Titus). Le petit &#8221; Guide de la visite &#8221; propos\u00e9 constituant \u00e0 cet \u00e9gard un premier et utile s\u00e9same. Y aide \u00e9galement un mode de pr\u00e9sentation d\u00e9j\u00e0 exp\u00e9riment\u00e9 \u00e0 la galerie de Paris (une longue estrade centrale favorisant les rapprochements, comparaisons, discussions), et qui ne peut certainement pas \u00eatre le moins du monde confondue avec un &#8221; bric-\u00e0-brac &#8221; ou un quelconque amassement. Plut\u00f4t une mani\u00e8re de p\u00e9dagogie non contraignante, une assez subtile toile d&#8217;araign\u00e9e de relations, \u00e0 l&#8217;identique en quelque sorte des clins d&#8217;oeil que se font les oeuvres entre elles, comme par exemple la Garde-robe de l&#8217;ann\u00e9e 1977 d&#8217;Alain Sati\u00e9 \u00e0 Obstruction (1920) de Man Ray. A trois jours de l&#8217;inauguration du mus\u00e9e, le 31 mai, Eric Fabre &#8211; qui avait ouvert sa premi\u00e8re galerie rue de Seine en 1974 avec une exposition de Piotr Kowalski &#8211; disait de cette entreprise (5): &#8221; C&#8217;est un petit projet aigu &#8220;.n J. P.<\/p>\n<p> <strong> Mus\u00e9e de l&#8217;Objet, 6, rue Franciade, 41000 Blois. T\u00e9l.: 02 54 78 87 26. Fax: 02 54 74 88 45. Horaires d&#8217;ouverture en 1997\/1998: samedi et dimanche de 14 h \u00e0 18 h, et sur r.d.v. Ferm\u00e9 les jours f\u00e9ri\u00e9s. Tarif unique: 15 francs (prochaine exposition temporaire &#8221; l&#8217;Art modeste&#8221;, 10\/10-30\/4\/98, 20 000 objets &#8221; modestes&#8221;, essentiellement en mati\u00e8re plastique des collections Di Rosa et Bernard Belluc). <\/strong><\/p>\n<p>1. Philippe Corentin, C&#8217;est \u00e0 quel sujet ?, Rivages, 1984.<\/p>\n<p>2. Au moins deux des artistes de la collection ont des pr\u00e9occupations musicales: le New-Yorkais Joe Jones, li\u00e9 \u00e0 Fluxus, et Alexandre Gherban qui se consacre aujourd&#8217;hui \u00e0 la recherche sonore li\u00e9e aux nouvelles technologies.<\/p>\n<p>3. Co\u00efncidence: c&#8217;est au retour d&#8217;un voyage de trois jours \u00e0 Blois, d\u00e9sign\u00e9e au hasard pour une marche en compagnie d&#8217;Aragon, Vitrac et Morise, que Breton r\u00e9digera le Poisson soluble qui deviendra le premier manifeste du Surr\u00e9alisme.<\/p>\n<p>4. Dans l&#8217;art infinit\u00e9simal ou imaginaire (1956), Isou veut appliquer les proc\u00e9d\u00e9s de Leibnitz et de Newton sur les quantit\u00e9s r\u00e9elles en g\u00e9n\u00e9ral aux particules de l&#8217;art et ainsi de leur assigner des virtualit\u00e9s r\u00e9elles ou irr\u00e9elles.Le supertemporel, sorte de bataille avec Chronos, est un cadre ouvert \u00e0 la participation du public notamment, infiniment (voir ci la Marche des cr\u00e9ateurs, 1970, de Fran\u00e7ois Poyet).<\/p>\n<p>5. L&#8217;amiti\u00e9 de Pierre-Jean Galdin, directeur du mus\u00e9e, et le soutien de Jack Lang, maire de la ville, auront permis d&#8217;aboutir.L&#8217;id\u00e9e d&#8217;une fondation n&#8217;a pas \u00e9t\u00e9 retenue au profit du syst\u00e8me dit du &#8221; pr\u00eat \u00e0 usage &#8220;.En \u00e9change la ville, constitu\u00e9e en association a donn\u00e9 5 millions de francs, et s&#8217;engage \u00e0 assurer la gestion de l&#8217;accueil au public, la s\u00e9curit\u00e9 et un programme d&#8217;exposition temporaire dans un lieu sp\u00e9cialement cr\u00e9\u00e9 \u00e0 cet effet.L&#8217;Etat, pour sa part, a donn\u00e9 200 000 F ( budget de fonctionnement: 1,5 million).<\/p>\n","protected":false},"excerpt":{"rendered":"<p> Le mus\u00e9e de l&#8217;Objet \u00e0 Blois op\u00e8re une v\u00e9ritable coupe g\u00e9ologique dans l&#8217;art des quarante derni\u00e8res ann\u00e9es en une centaine de pi\u00e8ces pr\u00eat\u00e9es \u00e0 la ville. Parcours d&#8217;une passion qui a su se muer en p\u00e9dagogie \u00e9clair\u00e9e. <\/p>\n","protected":false},"author":1,"featured_media":0,"comment_status":"open","ping_status":"open","sticky":false,"template":"","format":"standard","meta":{"_themeisle_gutenberg_block_has_review":false,"footnotes":""},"categories":[141],"tags":[288],"class_list":["post-633","post","type-post","status-publish","format-standard","hentry","category-archives-web","tag-spectacle-vivant"],"_links":{"self":[{"href":"https:\/\/archives.regards.fr\/index.php?rest_route=\/wp\/v2\/posts\/633","targetHints":{"allow":["GET"]}}],"collection":[{"href":"https:\/\/archives.regards.fr\/index.php?rest_route=\/wp\/v2\/posts"}],"about":[{"href":"https:\/\/archives.regards.fr\/index.php?rest_route=\/wp\/v2\/types\/post"}],"author":[{"embeddable":true,"href":"https:\/\/archives.regards.fr\/index.php?rest_route=\/wp\/v2\/users\/1"}],"replies":[{"embeddable":true,"href":"https:\/\/archives.regards.fr\/index.php?rest_route=%2Fwp%2Fv2%2Fcomments&post=633"}],"version-history":[{"count":0,"href":"https:\/\/archives.regards.fr\/index.php?rest_route=\/wp\/v2\/posts\/633\/revisions"}],"wp:attachment":[{"href":"https:\/\/archives.regards.fr\/index.php?rest_route=%2Fwp%2Fv2%2Fmedia&parent=633"}],"wp:term":[{"taxonomy":"category","embeddable":true,"href":"https:\/\/archives.regards.fr\/index.php?rest_route=%2Fwp%2Fv2%2Fcategories&post=633"},{"taxonomy":"post_tag","embeddable":true,"href":"https:\/\/archives.regards.fr\/index.php?rest_route=%2Fwp%2Fv2%2Ftags&post=633"}],"curies":[{"name":"wp","href":"https:\/\/api.w.org\/{rel}","templated":true}]}}