{"id":6322,"date":"2013-03-01T20:55:38","date_gmt":"2013-03-01T19:55:38","guid":{"rendered":"https:\/\/wp.muchomaas.com\/conflit-a-la-mairie-de-montreuil6322\/"},"modified":"2013-03-01T20:55:38","modified_gmt":"2013-03-01T19:55:38","slug":"conflit-a-la-mairie-de-montreuil6322","status":"publish","type":"post","link":"https:\/\/archives.regards.fr\/?p=6322","title":{"rendered":"Conflit \u00e0 la mairie de Montreuil, Voynet re\u00e7oit les syndicats"},"content":{"rendered":"<p class=\"post_excerpt\">Mercredi, la maire Verte de Montreuil, Dominique Voynet, recevait les syndicats du personnel de la mairie \u00e0 l&#8217;issue d&#8217;une gr\u00e8ve de deux semaines d&#8217;une partie des salari\u00e9s de la ville. Dialogue frileux.\n<\/p>\n<p><em>\u00ab Je ne suis pas satisfaite, concr\u00e8tement il n&#8217;y a eu aucune avanc\u00e9e franche\u00a0\u00bb<\/em>, d\u00e9clare Claire Huot, secr\u00e9taire g\u00e9n\u00e9rale CGT des territoriaux de Montreuil. Apr\u00e8s deux semaines de gr\u00e8ve, les salari\u00e9s de la mairie de Montreuil sont sortis mitig\u00e9s de leur entrevue avec la maire, Dominique Voynet. <em>\u00ab Elle n&#8217;a pas repris nos cahiers de revendications\u00a0\u00bb<\/em>, raconte la syndicaliste. Or dans ce cahier, les revendications du personnel \u00e9taient consign\u00e9es noir sur blanc : augmentation des salaires, suppression de la journ\u00e9e de carence en cas d&#8217;arr\u00eat maladie et embauche d&#8217;un m\u00e9decin du travail \u00e0 plein temps, les deux derniers ayant d\u00e9missionn\u00e9 pour cause de relations d\u00e9l\u00e9t\u00e8res avec l&#8217;\u00e9quipe municipale. Et c&#8217;est bien l\u00e0 une bonne partie du probl\u00e8me. Car sur la liste de leurs dol\u00e9ances, les salari\u00e9s ont inscrit  en bonne place le manque de respect de l&#8217;\u00e9quipe dirigeante \u00e0 leur \u00e9gard. Claire Huot va jusqu&#8217;\u00e0 \u00e9voquer un <em>\u00ab\u00a0personnel en souffrance\u00a0\u00bb <\/em> victime d&#8217;un <em>\u00ab\u00a0encadrement pathog\u00e8ne\u00a0\u00bb<\/em>. Des maux forts qui ont pouss\u00e9 trois services municipaux \u00e0 poser les crayons pendant 10 jours. Des mots forts qui ont contraint Dominique Voynet \u00e0 recevoir les syndicats. Pourtant, au cours de l&#8217;entretien le mouvement de gr\u00e8ve n&#8217;a pas \u00e9t\u00e9 \u00e9voqu\u00e9, pas plus que le mal-\u00eatre des salari\u00e9s. <em>\u00ab\u00a0Elle a fait comme si tout \u00e7a n&#8217;avait pas exist\u00e9\u00a0\u00bb<\/em>, d\u00e9plore Claire Huot. Quant aux restes des revendications? Il va falloir se montrer patient. Et sur la question des salaires? <em>\u00ab\u00a0La maire a d\u00e9clar\u00e9 qu&#8217;il n&#8217;y avait pas assez d&#8217;argent, et qu&#8217;il faudrait choisir entre recruter et augmenter les salaires. \u00c0 la CGT,  nous pensons qu&#8217;il faut \u00e0 la fois plus d&#8217;agents mais aussi des agents mieux pay\u00e9s.\u00a0\u00bb<\/em> Dominique Voynet a tout de m\u00eame proposer un calendrier de travail pour penser la refonte du r\u00e9gime indemnitaire, indiquant que cela impliquait de <em>\u00ab\u00a0revoir tout le service\u00a0\u00bb<\/em>. Un gros boulot qu&#8217;elle pr\u00e9f\u00e8re confier \u00e0 un prestataire ext\u00e9rieur au motif que <em>\u00ab\u00a0la confiance entre elle et les syndicats est tr\u00e8s entam\u00e9e\u00a0\u00bb<\/em>. <em>\u00ab\u00a0Cela faisait une heure qu&#8217;elle nous expliquait que la ville n&#8217;avait pas d&#8217;argent, cette d\u00e9cision de nous a laiss\u00e9 dubitatifs \u00bb<\/em>, raconte, am\u00e8re, Claire Huot. Bref, des relations tendues, des avanc\u00e9es timides, mais un d\u00e9but de n\u00e9gociation. <em>\u00ab\u00a0Je suis d\u00e9\u00e7ue mais pas abattue, confie la syndicaliste. Je reste d\u00e9termin\u00e9e.\u00a0\u00bb<\/em> Prochaine rencontre le 7 mars, en pr\u00e9sence de la maire-adjointe au personnel, mais sans Dominique Voynet\u2026<\/p>\n","protected":false},"excerpt":{"rendered":"<p>Mercredi, la maire Verte de Montreuil, Dominique Voynet, recevait les syndicats du personnel de la mairie \u00e0 l&#8217;issue d&#8217;une gr\u00e8ve de deux semaines d&#8217;une partie des salari\u00e9s de la ville. Dialogue frileux.<\/p>\n","protected":false},"author":1,"featured_media":0,"comment_status":"open","ping_status":"open","sticky":false,"template":"","format":"standard","meta":{"_themeisle_gutenberg_block_has_review":false,"footnotes":""},"categories":[157],"tags":[336],"class_list":["post-6322","post","type-post","status-publish","format-standard","hentry","category-web","tag-montreuil"],"_links":{"self":[{"href":"https:\/\/archives.regards.fr\/index.php?rest_route=\/wp\/v2\/posts\/6322","targetHints":{"allow":["GET"]}}],"collection":[{"href":"https:\/\/archives.regards.fr\/index.php?rest_route=\/wp\/v2\/posts"}],"about":[{"href":"https:\/\/archives.regards.fr\/index.php?rest_route=\/wp\/v2\/types\/post"}],"author":[{"embeddable":true,"href":"https:\/\/archives.regards.fr\/index.php?rest_route=\/wp\/v2\/users\/1"}],"replies":[{"embeddable":true,"href":"https:\/\/archives.regards.fr\/index.php?rest_route=%2Fwp%2Fv2%2Fcomments&post=6322"}],"version-history":[{"count":0,"href":"https:\/\/archives.regards.fr\/index.php?rest_route=\/wp\/v2\/posts\/6322\/revisions"}],"wp:attachment":[{"href":"https:\/\/archives.regards.fr\/index.php?rest_route=%2Fwp%2Fv2%2Fmedia&parent=6322"}],"wp:term":[{"taxonomy":"category","embeddable":true,"href":"https:\/\/archives.regards.fr\/index.php?rest_route=%2Fwp%2Fv2%2Fcategories&post=6322"},{"taxonomy":"post_tag","embeddable":true,"href":"https:\/\/archives.regards.fr\/index.php?rest_route=%2Fwp%2Fv2%2Ftags&post=6322"}],"curies":[{"name":"wp","href":"https:\/\/api.w.org\/{rel}","templated":true}]}}