{"id":6313,"date":"2013-01-05T18:00:00","date_gmt":"2013-01-05T17:00:00","guid":{"rendered":"https:\/\/wp.muchomaas.com\/les-inegalites-c-est-maintenant6313\/"},"modified":"2013-01-05T18:00:00","modified_gmt":"2013-01-05T17:00:00","slug":"les-inegalites-c-est-maintenant6313","status":"publish","type":"post","link":"https:\/\/archives.regards.fr\/?p=6313","title":{"rendered":"Les in\u00e9galit\u00e9s, c\u2019est maintenant !"},"content":{"rendered":"<p class=\"post_excerpt\">\u00c0 ce jour, le changement de majorit\u00e9 n\u2019a pas influ\u00e9<br \/>\nsur les in\u00e9galit\u00e9s, toujours croissantes, entre riches<br \/>\net pauvres. \u00c9tat des lieux par Didier G\u00e9lot, membre<br \/>\nde la fondation Copernic.<\/p>\n<p>Au printemps 2012, la<br \/>\nFrance a chang\u00e9 de majorit\u00e9.<br \/>\nDepuis la plus petite<br \/>\ncommune jusqu\u2019au sommet<br \/>\nde l\u2019\u00c9tat, la gauche<br \/>\ndispose aujourd\u2019hui de l\u2019ensemble des<br \/>\npouvoirs institutionnels. Mais que va-telle<br \/>\nen faire ? Comme en 1995, avec la<br \/>\n\u00ab fracture sociale \u00bb de Jacques Chirac,<br \/>\nla question des in\u00e9galit\u00e9s a \u00e9t\u00e9 un<br \/>\ndes th\u00e8mes de campagne majeur de<br \/>\nl\u2019actuelle majorit\u00e9 pr\u00e9sidentielle. Les<br \/>\npremi\u00e8res mesures \u00e9conomiques et<br \/>\nsociales prises par le Parti socialiste ne<br \/>\nsemblent pourtant pas, malheureusement,<br \/>\naller dans le sens d\u2019une r\u00e9duction<br \/>\ndes \u00e9carts entre les Fran\u00e7ais les plus<br \/>\nriches et les plus pauvres. Un an apr\u00e8s<br \/>\nl\u2019\u00e9lection de Fran\u00e7ois Hollande quel tableau<br \/>\npeut-on rapidement esquisser des<br \/>\nin\u00e9galit\u00e9s en France ?<\/p>\n<p>Les in\u00e9galit\u00e9s profondes qui caract\u00e9risent<br \/>\nla France, comme une grande<br \/>\npartie des \u00c9tats de l\u2019Union europ\u00e9enne<br \/>\n(pour ne pas citer les \u00c9tats-Unis),<br \/>\ntouchent de nombreux domaines : la sant\u00e9,<br \/>\nl\u2019\u00e9ducation, le logement, la culture\u2026<br \/>\nNous nous int\u00e9resserons ici aux seules<br \/>\ndiff\u00e9rences de revenus (de salaires et<br \/>\nde patrimoine) qui sont \u00e0 la source de<br \/>\nl\u2019ensemble des in\u00e9galit\u00e9s.<\/p>\n<h2>Des riches de plus en plus riches<\/h2>\n<p>Au cours des ann\u00e9es 1990 et 2000,<br \/>\nles plus riches se sont enrichis beaucoup<br \/>\nplus vite que la moyenne des<br \/>\nFran\u00e7ais, et ce dans des proportions<br \/>\ninsupportables. Entre 2004 et 2007,<br \/>\ntandis que les 90 % les plus modestes<br \/>\nde la population voyaient leurs revenus<br \/>\naugmenter de 9 % en moyenne, les 1 % les plus ais\u00e9s enregistraient une<br \/>\nhausse de 16 % de leurs revenus, et les<br \/>\n0,01 % (les \u00ab hyper-riches \u00bb) de 40 %.<br \/>\nEt ces \u00e9carts sont encore plus prononc\u00e9s<br \/>\nsi on s\u2019int\u00e9resse aux in\u00e9galit\u00e9s de<br \/>\npatrimoine. Ainsi en 2010, les 10 % des<br \/>\nm\u00e9nages les plus riches poss\u00e9daient<br \/>\npr\u00e8s de 50 % du patrimoine national,<br \/>\nalors que les 10 % les plus pauvres<br \/>\nen d\u00e9tenaient moins de 0.1 %, soit un<br \/>\nrapport de 1 \u00e0 200\u2026 et ces in\u00e9galit\u00e9s<br \/>\nn\u2019ont fait qu\u2019augmenter. En effet, \u00e0 la<br \/>\nm\u00eame date, le patrimoine moyen d\u00e9tenu<br \/>\npar les 10 % des m\u00e9nages les plus<br \/>\nriches \u00e9tait 35 fois sup\u00e9rieur \u00e0 celui de<br \/>\nla moiti\u00e9 des m\u00e9nages les moins dot\u00e9s,<br \/>\nalors que ce rapport n\u2019\u00e9tait \u00ab que \u00bb de 32<br \/>\nsix ans plus t\u00f4t. Entre-temps la politique<br \/>\nfiscale men\u00e9e par le gouvernement pr\u00e9c\u00e9dent<br \/>\navait port\u00e9 ses fruits.<\/p>\n<p>Mais au-del\u00e0 de la politique men\u00e9e en<br \/>\nmati\u00e8re de pr\u00e9l\u00e8vements obligatoires,<br \/>\nces in\u00e9galit\u00e9s s\u2019expliquent \u00e9galement<br \/>\npar une \u00e9volution des salaires de plus<br \/>\nen plus in\u00e9galitaire et une augmentation<br \/>\nforte de la part allou\u00e9e aux revenus<br \/>\ndu capital. En effet, celle-ci est pass\u00e9e<br \/>\nde 3 % de la valeur ajout\u00e9e en 1977 \u00e0<br \/>\n8 % aujourd\u2019hui, et ce au d\u00e9triment de<br \/>\nl\u2019investissement. Ces deux facteurs se<br \/>\ncumulent d\u2019ailleurs pour les dirigeants<br \/>\ndes grandes entreprises multinationales<br \/>\nqui de fait gagnent sur les deux tableaux.<br \/>\nLes dirigeants du CAC 40 ont en effet vu<br \/>\nleurs revenus exploser \u00e0 la fois comme<br \/>\nactionnaires de leur(s) entreprise(s) et<br \/>\ncomme salari\u00e9s en particulier du fait des<br \/>\nhausses enregistr\u00e9es par les stock-options,<br \/>\nhausses qui ont largement d\u00e9fray\u00e9<br \/>\nla chronique. Ainsi, le patrimoine de Bernard Arnault, l\u2019homme le plus riche de<br \/>\nFrance selon le classement 2012 du magazine<br \/>\nChallenge, s\u2019\u00e9l\u00e8ve \u00e0 21,2 milliards<br \/>\nd\u2019euros. Il faudrait \u00e0 un smicard pr\u00e8s de<br \/>\n1,6 millions d\u2019ann\u00e9es pour gagner une<br \/>\ntelle somme\u2026 Et encore, il ne s\u2019agit que<br \/>\nde son patrimoine professionnel, sans<br \/>\ncompter ses autres sources de revenus.<br \/>\nLe revenu de Liliane Bettencourt, propri\u00e9taire<br \/>\nde l\u2019Or\u00e9al, quatri\u00e8me fortune de<br \/>\nFrance et premi\u00e8re fortune f\u00e9minine, ne<br \/>\nserait que de 15 millions d\u2019euros. Pris<br \/>\ndans son ensemble, le montant total de la<br \/>\nrichesse des 500 personnalit\u00e9s les plus<br \/>\nfortun\u00e9es serait, selon la m\u00eame source,<br \/>\nde 267 milliards d\u2019euros, soit l\u2019\u00e9quivalent<br \/>\nde toutes les recettes annuelles de l\u2019\u00c9tat.<\/p>\n<p><strong><em>Des pauvres<br \/>\nde plus en plus pauvres<\/strong><\/em><\/p>\n<p>\u00c0 l\u2019autre extr\u00e9mit\u00e9 de la distribution des<br \/>\nrevenus, le paysage est bien diff\u00e9rent<br \/>\net les situations nettement plus dramatiques.<br \/>\nAlors qu\u2019entre 1950 et 1990, la<br \/>\npauvret\u00e9 avait baiss\u00e9 sous l\u2019effet de la revalorisation<br \/>\ndes pensions et de l\u2019augmentation<br \/>\ndu taux d\u2019activit\u00e9 f\u00e9minin, depuis<br \/>\nle milieu des ann\u00e9es 2000, on observe<br \/>\nune remont\u00e9e de l\u2019exclusion d\u2019une large<br \/>\nfrange de la population. Quels que soient<br \/>\nles indicateurs retenus, les in\u00e9galit\u00e9s<br \/>\ns\u2019accroissent entre les plus riches et les<br \/>\nplus pauvres. En 2010, derni\u00e8re ann\u00e9e<br \/>\ndisponible, plus de 8,6 millions de personnes<br \/>\nvivaient sous le seuil de pauvret\u00e9<br \/>\nmon\u00e9taire relatif (soit 964 \u20ac pour une<br \/>\npersonne seule), et l\u2019on peut craindre,<br \/>\ndu fait de la crise, une poursuite de cette<br \/>\ntendance en 2011 et 2012. La pauvret\u00e9<br \/>\ntouche plus fortement les moins de 18<br \/>\nans (pr\u00e8s d\u2019un sur cinq est pauvre) et<br \/>\nparticuli\u00e8rement ceux des cit\u00e9s dont<br \/>\nle taux de pauvret\u00e9 mon\u00e9taire d\u00e9passe<br \/>\n45 %. Les femmes seules qui \u00e9l\u00e8vent<br \/>\nleurs enfants sont aussi les premi\u00e8res<br \/>\ntouch\u00e9es par la pauvret\u00e9 mon\u00e9taire qui<br \/>\nest deux fois sup\u00e9rieure \u00e0 la moyenne<br \/>\nnationale. Quant aux immigr\u00e9s, ils sont<br \/>\nles grands perdants et enregistrent un<br \/>\ndes taux de pauvret\u00e9 les plus \u00e9lev\u00e9 et<br \/>\nl\u2019\u00e9volution la plus d\u00e9favorable (40 %<br \/>\nd\u2019entre eux sont pauvres en 2010,<br \/>\ncontre 35 % en 2009).<\/p>\n<p>La crise explique une partie de ce ph\u00e9nom\u00e8ne.<br \/>\nMais elle aggrave surtout des<br \/>\nsituations de vuln\u00e9rabilit\u00e9s pr\u00e9existantes<br \/>\nqui r\u00e9sultent notamment du fonctionnement<br \/>\nd\u2019un march\u00e9 du travail particuli\u00e8rement<br \/>\nd\u00e9favorable aux moins qualifi\u00e9s, et<br \/>\nen particulier aux jeunes et aux femmes<br \/>\nvictimes de la pr\u00e9carit\u00e9 de l\u2019emploi.<\/p>\n<p>En \u00e9volution, la situation ne fait qu\u2019empirer.<br \/>\nAinsi, entre 2004 et 2010 le taux de<br \/>\npauvret\u00e9 global est pass\u00e9 de 12.6 % \u00e0<br \/>\n14, 1 %, soit le chiffre le plus \u00e9lev\u00e9 depuis<br \/>\n1997 (mais \u00e0 l\u2019\u00e9poque la pauvret\u00e9<br \/>\nconcernait 8 millions d\u2019individus, contre<br \/>\n8, 6 millions aujourd\u2019hui). La forte hausse<br \/>\ndu ch\u00f4mage qui touche aujourd\u2019hui plus<br \/>\nde 10 % de la population active explique<br \/>\nlargement une telle augmentation de la<br \/>\npr\u00e9carit\u00e9. Elle explique \u00e9galement l\u2019extension<br \/>\ndes situations extr\u00eames de pr\u00e9carit\u00e9<br \/>\net le recours de plus en plus massif<br \/>\ndes plus d\u00e9munis aux organismes de secours<br \/>\nd\u2019urgence : banques alimentaires, h\u00e9bergements faute de logements, aides<br \/>\nsociales des CCAS. Parmi ces pauvres,<br \/>\non retrouve une frange de plus en plus<br \/>\nimportante de travailleurs pr\u00e9caires,<br \/>\nde personnes \u00e2g\u00e9es, de familles nombreuses<br \/>\nou de femmes seules \u00e9levant<br \/>\nleurs enfants. Sur longue p\u00e9riode, alors<br \/>\nque la part des familles nombreuses<br \/>\ndiminue, mais reste pr\u00e9dominante parmi<br \/>\nles pauvres, les personnes seules<br \/>\net les familles monoparentales voient<br \/>\nleur poids cro\u00eetre de mani\u00e8re importante,<br \/>\navec en toile de fond l\u2019exclusion<br \/>\nli\u00e9e \u00e0 la solitude.<\/p>\n<p><strong><em>Pour une r\u00e9forme fiscale<br \/>\nr\u00e9ellement redistributive<\/strong><\/em><\/p>\n<p>Pour progresser vers plus de justice<br \/>\net moins d\u2019in\u00e9galit\u00e9s, le gouvernement<br \/>\nactuel se devrait d\u2019entreprendre une<br \/>\nprofonde r\u00e9forme fiscale qui d\u00e9passerait<br \/>\nlargement les mesures d\u00e9j\u00e0 prises. Il ne<br \/>\nsuffit pas en effet de remplacer le discours<br \/>\nd\u00e9magogique de l\u2019ancienne majorit\u00e9<br \/>\nsur l\u2019assistanat \u00ab cancer de la soci\u00e9t\u00e9<br \/>\n\u00bb par un discours compassionnel<br \/>\nvis-\u00e0-vis des plus d\u00e9munis pour que les<br \/>\nin\u00e9galit\u00e9s s\u2019effacent comme par enchantement.<br \/>\nCe qu\u2019il convient en premier<br \/>\nlieu d\u2019engager c\u2019est une v\u00e9ritable politique<br \/>\nredistributive, car pr\u00e9tendre lutter<br \/>\nefficacement contre les in\u00e9galit\u00e9s sans<br \/>\nmodifier en profondeur notre syst\u00e8me<br \/>\nde redistribution socio-fiscal, constitue<br \/>\nau mieux une illusion au pire une mystification.<br \/>\nComme l\u2019indiquait l\u2019OCDE dans<br \/>\nun r\u00e9cent rapport : <em>\u00ab La r\u00e9forme des<br \/>\npolitiques fiscales et sociales est la<br \/>\nmani\u00e8re la plus directe et la plus puissante<br \/>\nd\u2019accro\u00eetre les effets redistributifs. \u00bb<\/em><br \/>\nLa refondation du syst\u00e8me socio-fiscal<br \/>\nconstitue un enjeu social, \u00e9conomique<br \/>\net politique majeur. Elle permettrait, entre<br \/>\nautres, de financer sans attendre une<br \/>\nhausse significative des minima sociaux<br \/>\nqui depuis 1990 ont d\u00e9croch\u00e9 par rapport<br \/>\nau salaire minimum et de ne pas se<br \/>\ncontenter, comme l\u2019a fait le Premier ministre<br \/>\nlors de la conf\u00e9rence nationale de<br \/>\nd\u00e9cembre de la lutte contre la pauvret\u00e9,<br \/>\nd\u2019augmenter le RSA de 10 % sur cinq<br \/>\nans, hausse qui ne compensera m\u00eame<br \/>\npas la perte de pouvoir d\u2019achat enregistr\u00e9e<br \/>\ndepuis vingt ans par le RMI puis le<br \/>\nRSA, ou par l\u2019allocation ch\u00f4mage.<\/p>\n","protected":false},"excerpt":{"rendered":"<p>\u00c0 ce jour, le changement de majorit\u00e9 n\u2019a pas influ\u00e9<br \/>\nsur les in\u00e9galit\u00e9s, toujours croissantes, entre riches<br \/>\net pauvres. \u00c9tat des lieux par Didier G\u00e9lot, membre<br \/>\nde la fondation Copernic.<\/p>\n","protected":false},"author":1,"featured_media":0,"comment_status":"open","ping_status":"open","sticky":false,"template":"","format":"standard","meta":{"_themeisle_gutenberg_block_has_review":false,"footnotes":""},"categories":[1],"tags":[],"class_list":["post-6313","post","type-post","status-publish","format-standard","hentry","category-non-classe"],"_links":{"self":[{"href":"https:\/\/archives.regards.fr\/index.php?rest_route=\/wp\/v2\/posts\/6313","targetHints":{"allow":["GET"]}}],"collection":[{"href":"https:\/\/archives.regards.fr\/index.php?rest_route=\/wp\/v2\/posts"}],"about":[{"href":"https:\/\/archives.regards.fr\/index.php?rest_route=\/wp\/v2\/types\/post"}],"author":[{"embeddable":true,"href":"https:\/\/archives.regards.fr\/index.php?rest_route=\/wp\/v2\/users\/1"}],"replies":[{"embeddable":true,"href":"https:\/\/archives.regards.fr\/index.php?rest_route=%2Fwp%2Fv2%2Fcomments&post=6313"}],"version-history":[{"count":0,"href":"https:\/\/archives.regards.fr\/index.php?rest_route=\/wp\/v2\/posts\/6313\/revisions"}],"wp:attachment":[{"href":"https:\/\/archives.regards.fr\/index.php?rest_route=%2Fwp%2Fv2%2Fmedia&parent=6313"}],"wp:term":[{"taxonomy":"category","embeddable":true,"href":"https:\/\/archives.regards.fr\/index.php?rest_route=%2Fwp%2Fv2%2Fcategories&post=6313"},{"taxonomy":"post_tag","embeddable":true,"href":"https:\/\/archives.regards.fr\/index.php?rest_route=%2Fwp%2Fv2%2Ftags&post=6313"}],"curies":[{"name":"wp","href":"https:\/\/api.w.org\/{rel}","templated":true}]}}