{"id":6312,"date":"2013-04-15T13:30:00","date_gmt":"2013-04-15T11:30:00","guid":{"rendered":"https:\/\/wp.muchomaas.com\/territoires-l-enjeu-d-une-reforme6312\/"},"modified":"2023-06-23T23:13:46","modified_gmt":"2023-06-23T21:13:46","slug":"territoires-l-enjeu-d-une-reforme6312","status":"publish","type":"post","link":"https:\/\/archives.regards.fr\/?p=6312","title":{"rendered":"Territoires : l\u2019enjeu d\u2019une r\u00e9forme"},"content":{"rendered":"<p class=\"post_excerpt\"><em>\u00c0 l&#8217;occasion de la pr\u00e9sentation du projet de loi sur la d\u00e9centralisation pr\u00e9sent\u00e9 mercredi dernier en conseil des ministres, nous vous proposons la relecture de l&#8217;article de Roger Martelli, publi\u00e9 dans le <a href=\"6069\">e-mensuel Regards de janvier<\/a>, sur les enjeux d&#8217;une telle r\u00e9forme. <\/em><\/p>\n<p>En octobre dernier, Fran\u00e7ois Hollande annon\u00e7ait une nouvelle<br \/>\nloi de d\u00e9centralisation, chassant de fait celle de Brice<br \/>\nHortefeux, promulgu\u00e9e en 2010 et raccord avec le projet<br \/>\nlib\u00e9ral sarkozien. Qu\u2019en sera-t-il de la suivante ?<\/p>\n<p>La loi Hortefeux faisait<br \/>\nsuite \u00e0 vingt-six rapports<br \/>\net \u00e9tudes confectionn\u00e9s<br \/>\nentre le printemps 2005<br \/>\net le printemps 2009.<br \/>\nElle \u00e9tait construite autour de quatre<br \/>\nobjectifs : r\u00e9organiser les collectivit\u00e9s<br \/>\nautour de deux p\u00f4les, un p\u00f4le d\u00e9partements-<br \/>\nr\u00e9gion et un p\u00f4le communesintercommunalit\u00e9<br \/>\n; simplifier le paysage<br \/>\ninstitutionnel en achevant la couverture<br \/>\nintercommunale du territoire national et<br \/>\nen \u00e9largissant le cadre des intercommunalit\u00e9s<br \/>\n; cr\u00e9er un cadre institutionnel<br \/>\nm\u00e9tropolitain ; clarifier les comp\u00e9tences<br \/>\ndes diff\u00e9rents niveaux de collectivit\u00e9s<br \/>\net encadrer la pratique des cofinancements.<br \/>\nLe gouvernement Fillon entendait<br \/>\ndonc r\u00e9duire l\u2019exception fran\u00e7aise<br \/>\ndes 37 000 communes, red\u00e9finir les<br \/>\nfonctions territoriales avec la fin de la<br \/>\n\u00ab clause de comp\u00e9tence g\u00e9n\u00e9rale \u00bb [[La clause de comp\u00e9tence g\u00e9n\u00e9rale permet aux collectivit\u00e9s territoriales d\u2019agir pour<br \/>\ndes missions qui ne sont pas de leurs comp\u00e9tences, d\u00e8s l\u2019instant o\u00f9 la loi ne l\u2019interdit<br \/>\npas explicitement.]].<\/p>\n<p>et r\u00e9former compl\u00e8tement la repr\u00e9sentation<br \/>\ndes territoires avec l\u2019introduction<br \/>\nde \u00ab conseillers territoriaux \u00bb se substituant<br \/>\naux conseillers g\u00e9n\u00e9raux et r\u00e9gionaux.<br \/>\nLe maillage territorial fran\u00e7ais devait<br \/>\nentrer ainsi dans la troisi\u00e8me grande<br \/>\ninflexion de son histoire contemporaine.<br \/>\nLa premi\u00e8re s\u2019\u00e9tait \u00e9tal\u00e9e sur pr\u00e8s d\u2019un<br \/>\nsi\u00e8cle, grosso modo entre la cr\u00e9ation<br \/>\ndes d\u00e9partements en 1790 et la loi<br \/>\nmunicipale de 1884, qui consacrait<br \/>\nl\u2019\u00e9lection des maires et des adjoints et<br \/>\nla publicit\u00e9 des s\u00e9ances. Cette longue<br \/>\np\u00e9riode a conjugu\u00e9 la rationalisation<br \/>\nadministrative de l\u2019\u00c9tat central et l\u2019affirmation<br \/>\nprogressive de la d\u00e9mocratie<br \/>\ncommunale. La seconde phase, plus<br \/>\nramass\u00e9e, va des ann\u00e9es 1960 au d\u00e9but<br \/>\ndes ann\u00e9es 1980 : elle a vu tout \u00e0<br \/>\nla fois \u00e9merger de nouveaux territoires<br \/>\n(l\u2019Europe et la r\u00e9gion) et s\u2019imposer le<br \/>\nparadigme de la d\u00e9centralisation, au<br \/>\nd\u00e9part pour d\u00e9congestionner les services<br \/>\nde l\u2019\u00c9tat en les d\u00e9concentrant.<\/p>\n<p>Dans le m\u00eame temps, l\u2019\u00c9tat a amorc\u00e9 en<br \/>\n1973 (mise en place des \u00ab contrats de<br \/>\npays \u00bb) un long mouvement de d\u00e9sengagement,<br \/>\nau profit d\u2019autres acteurs,<br \/>\npublics et priv\u00e9s. En 2007, le processus<br \/>\ns\u2019est entrem\u00eal\u00e9 avec la mise en place<br \/>\nde la R\u00e9forme g\u00e9n\u00e9rale des politiques<br \/>\npubliques (RGPP), qui fait de la r\u00e9duction<br \/>\nde la d\u00e9pense l\u2019alpha et l\u2019om\u00e9ga de<br \/>\ntoute bonne gestion administrative. Le<br \/>\nred\u00e9coupage territorial, en cherchant \u00e0<br \/>\nmettre un terme au \u00ab mille-feuille \u00bb administratif,<br \/>\ndevenait d\u00e8s lors un passage<br \/>\noblig\u00e9 pour parvenir \u00e0 une red\u00e9finition<br \/>\nplus modeste des objectifs publics.<\/p>\n<h2>L\u2019\u00e8re de la concurrence<\/h2>\n<p>L\u2019ambition de 2007-2012 voulait d\u00e9placer<br \/>\nles vis\u00e9es globales de l\u2019am\u00e9nagement<br \/>\nterritorial. Dans les deux<br \/>\npremi\u00e8res phases dominait la pr\u00e9occupation<br \/>\nd\u2019un r\u00e9\u00e9quilibrage, dans la<br \/>\nlign\u00e9e du constat alarmiste de Jean-<br \/>\nFran\u00e7ois Gravier en 1947 (<em>Paris et le<br \/>\nd\u00e9sert fran\u00e7ais<\/em>) et autour des notions<br \/>\nde compensation et de solidarit\u00e9 des<br \/>\nterritoires. Dans la troisi\u00e8me phase, au<br \/>\ncontraire, la polarisation territoriale est<br \/>\ntenue pour un effet salutaire de la comp\u00e9titivit\u00e9.<br \/>\nEn fait, un territoire ne vaut<br \/>\nque s\u2019il se dote des moyens qui lui permettront<br \/>\nde s\u2019inscrire dans une concurrence<br \/>\ng\u00e9n\u00e9rale avec tous les autres.<br \/>\nOn \u00ab n\u2019am\u00e9nage \u00bb pas l\u2019espace pour<br \/>\nl\u2019\u00e9galiser : on assume sa polarit\u00e9. Dans<br \/>\nle sigle de l\u2019instrument historique de<br \/>\nl\u2019am\u00e9nagement du territoire, la DATAR,<br \/>\n\u00ab l\u2019action r\u00e9gionale \u00bb s\u2019efface au profit de<br \/>\n\u00ab l\u2019attractivit\u00e9 r\u00e9gionale \u00bb [[D\u00e9l\u00e9gation \u00e0 l\u2019am\u00e9nagement du territoire et \u00e0 l\u2019action r\u00e9gionale, devenue D\u00e9l\u00e9gation<br \/>\ninterminist\u00e9rielle \u00e0 l\u2019am\u00e9nagement et \u00e0 la comp\u00e9titivit\u00e9 des territoires (DIACT) en<br \/>\n2005, puis D\u00e9l\u00e9gation \u00e0 l\u2019am\u00e9nagement du territoire et \u00e0 l\u2019attractivit\u00e9 r\u00e9gionale.]].<\/p>\n<p>Il ne s\u2019agit plus de distribuer \u00e9galitairement<br \/>\nles services publics ou d\u2019obtenir<br \/>\nune p\u00e9r\u00e9quation des ressources<br \/>\npar la fiscalit\u00e9. La logique nouvelle se<br \/>\ncondense en trois grands volets : l\u2019\u00c9tat<br \/>\nsoutient les p\u00f4les d\u2019ores et d\u00e9j\u00e0 les plus<br \/>\nattractifs \u00e0 l\u2019\u00e9chelle europ\u00e9enne ou mondiale<br \/>\n(\u00ab p\u00f4les de comp\u00e9titivit\u00e9 \u00bb, \u00ab p\u00f4les<br \/>\nd\u2019excellence rurale \u00bb, \u00ab plan Campus \u00bb) ;<br \/>\nles collectivit\u00e9s entrent en comp\u00e9tition<br \/>\net valorisent leur territoire en mobilisant<br \/>\nl\u2019initiative priv\u00e9e ; les r\u00e9gions et les d\u00e9partements<br \/>\nrefondus pansent les plaies<br \/>\nen proc\u00e9dant \u00e0 de la redistribution \u00e0 la<br \/>\nmarge. Les phases pr\u00e9c\u00e9dentes se pr\u00e9occupaient de contenir le processus<br \/>\nde marginalisation et de d\u00e9sertification<br \/>\ndes espaces faiblement comp\u00e9titifs ; la<br \/>\nnouvelle veut prioritairement relier les<br \/>\np\u00f4les d\u2019excellence, dans le cadre d\u2019une<br \/>\nm\u00e9tropolisation accentu\u00e9e.<\/p>\n<p>La R\u00e9volution fran\u00e7aise avait fait du<br \/>\nd\u00e9partement le pivot territorial de l\u2019\u00c9tat<br \/>\net la IIIe R\u00e9publique avait institu\u00e9 la<br \/>\ncommune comme l\u2019unit\u00e9 de base de<br \/>\nla citoyennet\u00e9. Pour la droite \u00ab d\u00e9complex\u00e9e<br \/>\n\u00bb d\u2019apr\u00e8s 2007, l\u2019objectif est<br \/>\nde rendre possible la \u00ab bonne gouvernance<br \/>\n\u00bb d\u2019un couple fonctionnel qui<br \/>\nn\u2019est plus celui du d\u00e9partement et de la<br \/>\ncommune, mais celui des blocs r\u00e9giond\u00e9partement<br \/>\net m\u00e9tropole-intercommunalit\u00e9.<br \/>\nL\u2019\u00c9tat orienteur et am\u00e9nageur,<br \/>\nqui \u00e9tait au coeur de la tradition historique<br \/>\ndu bonapartisme-gaullisme, est<br \/>\nmort : l\u2019affectation des ressources ob\u00e9it<br \/>\n\u00e0 la \u00ab pure \u00bb loi des march\u00e9s et l\u2019\u00c9tat<br \/>\nne fait qu\u2019accompagner et garantir la<br \/>\nr\u00e9gularit\u00e9 des contrats qui d\u00e9limitent<br \/>\nles positions respectives des acteurs.<br \/>\nL\u2019alignement concurrentiel des gestions<br \/>\npubliques, la limitation des imp\u00f4ts sur<br \/>\nl\u2019appareil productif, le contingentement<br \/>\ndes d\u00e9penses publiques (notamment<br \/>\nen personnel), le recul des dotations d\u2019\u00c9tat et la comp\u00e9titivit\u00e9 des territoires<br \/>\nvont de pair.<\/p>\n<h2>Un vrai changement ?<\/h2>\n<p>Quant \u00e0 la d\u00e9cision publique, elle doit<br \/>\nabandonner toute obsession de la r\u00e8gle de<br \/>\nrepr\u00e9sentation. La d\u00e9mocratie n\u2019est plus<br \/>\nle crit\u00e9rium du fonctionnement institutionnel,<br \/>\nqui est d\u00e9sormais celui de la gouvernance<br \/>\n: les \u00e9lites de la soci\u00e9t\u00e9 civile proc\u00e8dent<br \/>\n\u00e0 l\u2019expertise, au choix et \u00e0 l\u2019\u00e9valuation,<br \/>\nsur la base de l\u2019acceptation int\u00e9grale des<br \/>\nnormes du march\u00e9 concurrentiel. De<br \/>\n2007 \u00e0 2012, la simplification pr\u00e9sidentialiste,<br \/>\nle bipartisme de type anglo-saxon<br \/>\net la refonte territoriale sont trois pi\u00e8ces<br \/>\nd\u2019un m\u00eame projet, autour d\u2019une ambition<br \/>\nsans pr\u00e9c\u00e9dent. La d\u00e9centralisation ellem\u00eame<br \/>\nse vide de contenu en laissant la<br \/>\nplace \u00e0 une v\u00e9ritable recentralisation de<br \/>\nla ressource. Les collectivit\u00e9s sont th\u00e9oriquement<br \/>\nautonomes, mais dans un cadre<br \/>\nfinancier totalement contraint : suppression<br \/>\nde la taxe professionnelle, inflation<br \/>\ndes normes techniques et imposition de la<br \/>\n\u00ab r\u00e8gle d\u2019or \u00bb au budget des collectivit\u00e9s.<\/p>\n<p>Que vont faire les socialistes au pouvoir<br \/>\n? Pour l\u2019instant, les seuls \u00e9l\u00e9ments<br \/>\nacquis sont l\u2019abandon de l\u2019institution des<br \/>\nconseils territoriaux, le retour \u00e0 la clause<br \/>\nde comp\u00e9tence g\u00e9n\u00e9rale et la cr\u00e9ation<br \/>\nd\u2019un Haut-Conseil des territoires ouvert<br \/>\naux ex\u00e9cutifs territoriaux. Pour le reste,<br \/>\ntout est en pointill\u00e9. On ne sait pas grandchose<br \/>\ndu cadre financier envisag\u00e9 ou de<br \/>\nla r\u00e9partition des comp\u00e9tences, en dehors<br \/>\nde vagues indications sur la sp\u00e9cialisation<br \/>\ndes r\u00f4les. On ne sait rien non plus des<br \/>\ndispositifs d\u2019\u00e9lection envisag\u00e9s, hors la<br \/>\ncurieuse modalit\u00e9 d\u2019un scrutin cantonal<br \/>\nbinominal majoritaire.<\/p>\n<p>Le risque est que les socialistes se livrent<br \/>\n\u00e0 quelques ajustements tactiques sans<br \/>\ntoucher sur le fond \u00e0 l\u2019architecture pr\u00e9c\u00e9demment<br \/>\nmise en place. Auquel cas,<br \/>\nla coh\u00e9rence de projet resterait entre<br \/>\nles mains d\u2019une droite ouvertement lib\u00e9rale-<br \/>\ns\u00e9curitaire et le socialisme mettrait<br \/>\nla gauche fran\u00e7aise \u00e0 la remorque d\u2019une<br \/>\nlogique sociale-lib\u00e9rale \u00e0 l\u2019anglo-saxonne.<br \/>\nLe sens g\u00e9n\u00e9ral d\u2019une mondialisation<br \/>\nfinanci\u00e8re et lib\u00e9rale \u00e9tant totalement int\u00e9rioris\u00e9,<br \/>\nil ne resterait \u00e0 la gauche que le<br \/>\nrecours \u00e0 des redistributions \u00e0 la marge et<br \/>\n\u00e0 la valorisation d\u2019un ordre social garanti,<br \/>\npr\u00e9sum\u00e9 plus efficace que l\u2019ordre ultra-lib\u00e9ral<br \/>\nparce qu\u2019il serait plus \u00ab juste \u00bb.<\/p>\n<p>Recul de l\u2019\u00c9tat et politique s\u00e9curitaire \u00ab de<br \/>\ngauche \u00bb serait l\u2019horizon officiel. Si cela<br \/>\n\u00e9tait, il conviendrait que, bien \u00e0 gauche, se<br \/>\nformule la seule voie possible : celle d\u2019une<br \/>\ncoh\u00e9rence alternative. La droite raccorde<br \/>\nla d\u00e9r\u00e9glementation, la comp\u00e9titivit\u00e9 et la<br \/>\n\u00ab bonne gouvernance \u00bb. Opposons-lui, \u00e0<br \/>\ntoutes les \u00e9chelles, le bien commun et le<br \/>\npartage, le d\u00e9veloppement des capacit\u00e9s<br \/>\nhumaines et la d\u00e9mocratie d\u2019implication.<br \/>\nC\u2019est sur cette seule base que la recomposition<br \/>\ndes territoires peut s\u2019envisager,<br \/>\nce qui implique que la r\u00e9forme financi\u00e8re<br \/>\net fiscale, la r\u00e9forme institutionnelle g\u00e9n\u00e9rale<br \/>\net celle des collectivit\u00e9s territoriales<br \/>\ndevraient ouvertement s\u2019agencer.<\/p>\n<h2>Communes et communaut\u00e9s de communes<\/h2>\n<p>La France comptait 44 000 communes en 1790, 37 500 en 1860<br \/>\net 36 683 en 2012.<br \/>\nLe tableau suivant porte sur les communaut\u00e9s de communes (EPCI)<br \/>\n\u00e0 fiscalit\u00e9 propre, c\u2019est-\u00e0-dire dont le financement est assur\u00e9 par le<br \/>\nrecours \u00e0 la fiscalit\u00e9 directe locale.<\/p>\n<p><img loading=\"lazy\" decoding=\"async\" class=\" aligncenter size-full wp-image-17890\" src=\"https:\/\/wp.muchomaas.com\/wp-content\/uploads\/2013\/04\/capture_d_ecran_2013-02-28_a_11-43d.48.12.png\" alt=\"capture_d_ecran_2013-02-28_a_11.48.12.png\" align=\"center\" width=\"460\" height=\"477\" srcset=\"https:\/\/archives.regards.fr\/wp-content\/uploads\/2013\/04\/capture_d_ecran_2013-02-28_a_11-43d.48.12.png 460w, https:\/\/archives.regards.fr\/wp-content\/uploads\/2013\/04\/capture_d_ecran_2013-02-28_a_11-43d.48.12-289x300.png 289w\" sizes=\"auto, (max-width: 460px) 100vw, 460px\" \/><div id='gallery-1' class='gallery galleryid-6312 gallery-columns-3 gallery-size-thumbnail'><figure class='gallery-item'>\n\t\t\t<div class='gallery-icon portrait'>\n\t\t\t\t<a href='https:\/\/archives.regards.fr\/wp-content\/uploads\/2013\/02\/capture_d_ecran_2013-02-28_a_11-100.48.12.png'><img loading=\"lazy\" decoding=\"async\" width=\"150\" height=\"150\" src=\"https:\/\/archives.regards.fr\/wp-content\/uploads\/2013\/02\/capture_d_ecran_2013-02-28_a_11-100.48.12-150x150.png\" class=\"attachment-thumbnail size-thumbnail\" alt=\"capture_d_ecran_2013-02-28_a_11.48.12.png\" \/><\/a>\n\t\t\t<\/div><\/figure><figure class='gallery-item'>\n\t\t\t<div class='gallery-icon landscape'>\n\t\t\t\t<a href='https:\/\/archives.regards.fr\/wp-content\/uploads\/2013\/04\/map-1ad.jpg'><img loading=\"lazy\" decoding=\"async\" width=\"150\" height=\"150\" src=\"https:\/\/archives.regards.fr\/wp-content\/uploads\/2013\/04\/map-1ad-150x150.jpg\" class=\"attachment-thumbnail size-thumbnail\" alt=\"map.jpg\" \/><\/a>\n\t\t\t<\/div><\/figure>\n\t\t<\/div>\n<\/p>\n","protected":false},"excerpt":{"rendered":"<p><em>\u00c0 l&#8217;occasion de la pr\u00e9sentation du projet de loi sur la d\u00e9centralisation pr\u00e9sent\u00e9 mercredi dernier en conseil des ministres, nous vous proposons la relecture de l&#8217;article de Roger Martelli, publi\u00e9 dans le <a href=\"6069\">e-mensuel Regards de janvier<\/a>, sur les enjeux d&#8217;une telle r\u00e9forme. <\/em><\/p>\n<p>En octobre dernier, Fran\u00e7ois Hollande annon\u00e7ait une nouvelle<br \/>\nloi de d\u00e9centralisation, chassant de fait celle de Brice<br \/>\nHortefeux, promulgu\u00e9e en 2010 et raccord avec le projet<br \/>\nlib\u00e9ral sarkozien. Qu\u2019en sera-t-il de la suivante ?<\/p>\n","protected":false},"author":328,"featured_media":17890,"comment_status":"open","ping_status":"open","sticky":false,"template":"","format":"standard","meta":{"_themeisle_gutenberg_block_has_review":false,"footnotes":""},"categories":[1],"tags":[],"class_list":["post-6312","post","type-post","status-publish","format-standard","has-post-thumbnail","hentry","category-non-classe"],"_links":{"self":[{"href":"https:\/\/archives.regards.fr\/index.php?rest_route=\/wp\/v2\/posts\/6312","targetHints":{"allow":["GET"]}}],"collection":[{"href":"https:\/\/archives.regards.fr\/index.php?rest_route=\/wp\/v2\/posts"}],"about":[{"href":"https:\/\/archives.regards.fr\/index.php?rest_route=\/wp\/v2\/types\/post"}],"author":[{"embeddable":true,"href":"https:\/\/archives.regards.fr\/index.php?rest_route=\/wp\/v2\/users\/328"}],"replies":[{"embeddable":true,"href":"https:\/\/archives.regards.fr\/index.php?rest_route=%2Fwp%2Fv2%2Fcomments&post=6312"}],"version-history":[{"count":0,"href":"https:\/\/archives.regards.fr\/index.php?rest_route=\/wp\/v2\/posts\/6312\/revisions"}],"wp:featuredmedia":[{"embeddable":true,"href":"https:\/\/archives.regards.fr\/index.php?rest_route=\/wp\/v2\/media\/17890"}],"wp:attachment":[{"href":"https:\/\/archives.regards.fr\/index.php?rest_route=%2Fwp%2Fv2%2Fmedia&parent=6312"}],"wp:term":[{"taxonomy":"category","embeddable":true,"href":"https:\/\/archives.regards.fr\/index.php?rest_route=%2Fwp%2Fv2%2Fcategories&post=6312"},{"taxonomy":"post_tag","embeddable":true,"href":"https:\/\/archives.regards.fr\/index.php?rest_route=%2Fwp%2Fv2%2Ftags&post=6312"}],"curies":[{"name":"wp","href":"https:\/\/api.w.org\/{rel}","templated":true}]}}