{"id":631,"date":"1997-09-01T00:00:00","date_gmt":"1997-08-31T22:00:00","guid":{"rendered":"https:\/\/wp.muchomaas.com\/les-cimaises-de-l-ete631\/"},"modified":"1997-09-01T00:00:00","modified_gmt":"1997-08-31T22:00:00","slug":"les-cimaises-de-l-ete631","status":"publish","type":"post","link":"https:\/\/archives.regards.fr\/?p=631","title":{"rendered":"Les cimaises de l&#8217;\u00e9t\u00e9"},"content":{"rendered":"<p class=\"post_excerpt\"> La 47e Biennale de Venise reprend l&#8217;un des th\u00e8mes des d\u00e9bats ouverts par l&#8217;art des 30 derni\u00e8res ann\u00e9es: celui du nomadisme, de la circulation des formes plastiques. L&#8217;identitaire artistique doit se reformuler. <\/p>\n<p>La 47e Biennale de Venise a battu les records de rapidit\u00e9 quant \u00e0 sa mise en place. Le commissaire g\u00e9n\u00e9ral, l&#8217;Italien Germano Celant, regrette de n&#8217;avoir eu que cinq petits mois pour pr\u00e9parer une manifestation qui reste parmi les plus attendues par son envergure internationale. Cette ann\u00e9e, la Biennale est plac\u00e9e sous le signe &#8221; Pass\u00e9, pr\u00e9sent, futur &#8220;, intitul\u00e9 de l&#8217;exposition centrale con\u00e7ue par le commissaire g\u00e9n\u00e9ral, critique d&#8217;art connu pour avoir d\u00e9fendu, dans les ann\u00e9es 60, l&#8217;art contemporain italien, \u00e0 travers l&#8217;Arte Povera, face \u00e0 l&#8217;h\u00e9g\u00e9monie du march\u00e9 de l&#8217;art aux Etats-Unis, mis en place apr\u00e8s guerre dans le cadre du plan Marshall. Le noyau de la Biennale se veut questionnement de la notion d&#8217;art contemporain face \u00e0 l&#8217;art moderne et \u00e0 la p\u00e9riode des ann\u00e9es 1980 appel\u00e9e post-moderne. Pour Celant et ses collaborateurs, cette exposition s&#8217;ancre au milieu des ann\u00e9es 60, lorsque les artistes remettent en question la notion du &#8221; sujet-artiste d\u00e9miurge &#8220;, ainsi que la production artistique en tant que marchandise et son processus de cr\u00e9ation face \u00e0 un public invit\u00e9 \u00e0 participer.<\/p>\n<p> <strong> Une communaut\u00e9 rebelle \u00e0 toute limite <\/strong><\/p>\n<p>Les ann\u00e9es 80 sont repr\u00e9sent\u00e9es par le travail d&#8217;artistes remettant en cause le syst\u00e8me de l&#8217;art ou l&#8217;art comme syst\u00e8me et celui de la g\u00e9n\u00e9ration suivante par une volont\u00e9 de multi-culturalisme, la reprise de sch\u00e9mas narratifs, de r\u00e9cits reconqu\u00e9rant des valeurs existentielles et une conscience historique qui, avant, \u00e9tait l&#8217;apanage de l&#8217;id\u00e9ologie. L&#8217;exposition &#8221; Pass\u00e9, pr\u00e9sent, futur &#8221; confronte ainsi trois g\u00e9n\u00e9rations d&#8217;artistes vivants. Une soixantaine d&#8217;artistes pour une soixantaine de pays avec des artistes confirm\u00e9s qui n&#8217;ont jamais \u00e9t\u00e9 repr\u00e9sent\u00e9s largement \u00e0 Venise, tels, par exemple, Brice Marden, Agn\u00e8s Martin, John Baldessari, Rebecca Horn, Michael Heizer, Richard Artschwager ou Annette Messager. Germano Celant n&#8217;a pas voulu isoler les plus jeunes des artistes d\u00e9j\u00e0 confirm\u00e9s afin d&#8217;ouvrir au maximum la vision de l&#8217;univers artistique qu&#8217;il envisage comme une immense galaxie dont le d\u00e9nominateur commun est la temporalit\u00e9 et l&#8217;unit\u00e9 du lieu. La Biennale est vue comme une immense carte \u00e0 parcourir sans itin\u00e9raire privil\u00e9gi\u00e9. La pr\u00e9sence des pavillons nationaux instaure une territorialisation politico-diplomatique qui cherche \u00e0 distinguer l&#8217;art par des configurations circonscrites alors qu&#8217;aujourd&#8217;hui cette cartographie est en crise et contraire \u00e0 l&#8217;art qui veut transcender l&#8217;ordre, l&#8217;identit\u00e9 et les s\u00e9parations. L&#8217;artiste n&#8217;appartenant plus \u00e0 une nation mais \u00e0 l&#8217;histoire de l&#8217;art et \u00e0 une communaut\u00e9 toujours rebelle \u00e0 toute limite. L&#8217;exposition &#8221; Pass\u00e9, pr\u00e9sent, futur &#8221; s&#8217;entend comme un continuum spatial, dans un temps commun qui cherche \u00e0 faire \u00e9chapper l&#8217;art aux tutelles nationales. Dans cette dissolution territoriale doit s&#8217;affirmer la potentialit\u00e9 de l&#8217;art. Pour Celant, il est aujourd&#8217;hui impossible d&#8217;assumer un th\u00e8me et de le v\u00e9rifier en consid\u00e9rant le travail des artistes comme une illustration d&#8217;une vision iconique ou symbolique, philosophique ou anthropologique. La 47e Biennale se veut \u00e0 l&#8217;image d&#8217;un voyage plan\u00e9taire, lanc\u00e9e dans une aventure \u00e0 travers des mondes inconnus et connus, une galaxie spatialement ind\u00e9terminable pour une prospective ouverte dans une \u00e9poque de mutations o\u00f9 l&#8217;avenir ne peut plus \u00eatre con\u00e7u par un syst\u00e8me de communication univoque. La manifestation v\u00e9nitienne a donc opt\u00e9 pour une multiplication des signes, une accumulation d\u00e9sordonn\u00e9e, annon\u00e7ant une mutation qui ne peut \u00eatre syst\u00e9matis\u00e9e et o\u00f9 la tentative d&#8217;ordre ou de r\u00e9duction, de pr\u00e9vision et d&#8217;organisation rationnelle est destin\u00e9e aujourd&#8217;hui \u00e0 l&#8217;\u00e9chec.<\/p>\n<p> <strong>  La Biennale de Venise se tient jusqu&#8217;\u00e0 fin novembre. <\/strong><\/p>\n<p>1. Fran\u00e7ois Taillandier, Aragon 1897-1982.Quel est celui qu&#8217;on prend pour moi ?, Fayard, 175 p.89 F.<\/p>\n<p>2. &#8221; De l&#8217;exactitude historique en po\u00e9sie&#8221;, 1940, cit\u00e9 par Pierre Daix en exergue du chap.5 de son Aragon.<\/p>\n<p>3. Pierre Daix, Aragon, une vie \u00e0 changer, Flammarion, 566 p.160 F<\/p>\n<p>4. Aragon parle avec Dominique Arban, cit\u00e9 dans Val\u00e8re Staraselski, Aragon, la liaison d\u00e9lib\u00e9r\u00e9e, p.25.<\/p>\n<p>5. Aragon, une vie \u00e0 changer, Le Seuil, 1975.<\/p>\n<p>6. Val\u00e8re Staraselski, la Liaison d\u00e9lib\u00e9r\u00e9e, Faits et textes, l&#8217;Harmattan, 368 p.et Aragon l&#8217;inclassable, l&#8217;Harmattan, 1997, 368 p.et, aux \u00e9ditions B\u00e9r\u00e9nice\/Valmont, Aragon, l&#8217;invention contre l&#8217;utopie.Conf\u00e9rence de Manchester, suivie d&#8217;Entretiens, 93 p., 55F.(\u00e9ditions B\u00e9r\u00e9nice: 11, rue de la Glaci\u00e8re, 75013, Paris.T\u00e9l\/Fax: 01 47 07 28 27 )<\/p>\n<p>7. Nedim G\u00fcrsel, le Mouvement perp\u00e9tuel d&#8217;Aragon.De la r\u00e9volte dada\u00efste au monde r\u00e9el, L&#8217;Harmattan, coll.Espaces litt\u00c8raires, 300 p.150 F env.(parution annonc\u00e9e \u00e0 fin sept.\/oct.1997).<\/p>\n","protected":false},"excerpt":{"rendered":"<p> La 47e Biennale de Venise reprend l&#8217;un des th\u00e8mes des d\u00e9bats ouverts par l&#8217;art des 30 derni\u00e8res ann\u00e9es: celui du nomadisme, de la circulation des formes plastiques. L&#8217;identitaire artistique doit se reformuler. <\/p>\n","protected":false},"author":1,"featured_media":0,"comment_status":"open","ping_status":"open","sticky":false,"template":"","format":"standard","meta":{"_themeisle_gutenberg_block_has_review":false,"footnotes":""},"categories":[141],"tags":[288],"class_list":["post-631","post","type-post","status-publish","format-standard","hentry","category-archives-web","tag-spectacle-vivant"],"_links":{"self":[{"href":"https:\/\/archives.regards.fr\/index.php?rest_route=\/wp\/v2\/posts\/631","targetHints":{"allow":["GET"]}}],"collection":[{"href":"https:\/\/archives.regards.fr\/index.php?rest_route=\/wp\/v2\/posts"}],"about":[{"href":"https:\/\/archives.regards.fr\/index.php?rest_route=\/wp\/v2\/types\/post"}],"author":[{"embeddable":true,"href":"https:\/\/archives.regards.fr\/index.php?rest_route=\/wp\/v2\/users\/1"}],"replies":[{"embeddable":true,"href":"https:\/\/archives.regards.fr\/index.php?rest_route=%2Fwp%2Fv2%2Fcomments&post=631"}],"version-history":[{"count":0,"href":"https:\/\/archives.regards.fr\/index.php?rest_route=\/wp\/v2\/posts\/631\/revisions"}],"wp:attachment":[{"href":"https:\/\/archives.regards.fr\/index.php?rest_route=%2Fwp%2Fv2%2Fmedia&parent=631"}],"wp:term":[{"taxonomy":"category","embeddable":true,"href":"https:\/\/archives.regards.fr\/index.php?rest_route=%2Fwp%2Fv2%2Fcategories&post=631"},{"taxonomy":"post_tag","embeddable":true,"href":"https:\/\/archives.regards.fr\/index.php?rest_route=%2Fwp%2Fv2%2Ftags&post=631"}],"curies":[{"name":"wp","href":"https:\/\/api.w.org\/{rel}","templated":true}]}}