{"id":6309,"date":"2013-01-05T21:00:00","date_gmt":"2013-01-05T20:00:00","guid":{"rendered":"https:\/\/wp.muchomaas.com\/le-front-de-gauche-ne-peut-rester6309\/"},"modified":"2013-01-05T21:00:00","modified_gmt":"2013-01-05T20:00:00","slug":"le-front-de-gauche-ne-peut-rester6309","status":"publish","type":"post","link":"https:\/\/archives.regards.fr\/?p=6309","title":{"rendered":"\u00abLe Front de gauche ne peut rester cantonn\u00e9 \u00e0 un second r\u00f4le\u00bb Arnaud Champremier-Trigano"},"content":{"rendered":"<p><strong>Regards.fr.<\/strong> <em> <strong>Quand M\u00e9lenchon dit qu\u2019il \u00ab est pr\u00eat<br \/>\n\u00e0 \u00eatre Premier ministre \u00bb, \u00e7a r\u00e9sulte<br \/>\nd\u2019un objectif politique ou bien c\u2019est<br \/>\nun bon coup de communication ?<\/strong> <\/em>`<\/p>\n<p><strong>Arnaud Champremier-Trigano.<\/strong> D\u2019abord \u00e7a n\u2019est pas une posture. Et \u00e7a<br \/>\nn\u2019est pas non plus nouveau. Il avait d\u00e9j\u00e0<br \/>\ndit pendant la campagne pr\u00e9sidentielle<br \/>\nqu\u2019il \u00e9tait pr\u00eat \u00e0 endosser les habits de<br \/>\nPremier ministre de \u00ab son gouvernement<br \/>\n\u00bb. Il y a deux directions possibles<br \/>\n\u00e0 gauche. Soit on accepte les directives<br \/>\neurop\u00e9ennes et ses politiques de rigueur,<br \/>\nsoit on opte pour un mod\u00e8le type<br \/>\nargentin, avec une politique de relance<br \/>\nambitieuse et sans se laisser imposer<br \/>\ndes r\u00e8gles hostiles, comme la fameuse<br \/>\nr\u00e8gle des 3 % du PIB \u2013 infond\u00e9e par ailleurs.<br \/>\nLe FG doit incarner cette derni\u00e8re<br \/>\norientation. C\u2019est le sens de l\u2019engagement<br \/>\nde M\u00e9lenchon et de ces propos.<\/p>\n<p><em> <strong>Pourquoi l\u2019id\u00e9e de \u00ab M\u00e9lenchon Premier<br \/>\nministre \u00bb fait-elle sourire ?<\/strong> <\/em><\/p>\n<p>Quand la gauche est majoritaire et qu\u2019elle<br \/>\ngouverne, on est habitu\u00e9 \u00e0 avoir un Premier<br \/>\nministre issu des rangs socialistes.<br \/>\n\u00c0 Matignon, on projette difficilement une<br \/>\npersonnalit\u00e9 issue d\u2019une autre formation<br \/>\npolitique que le PS. C\u2019est ce que veut d\u00e9montrer<br \/>\nM\u00e9lenchon. Avec ses 11 % \u00e0 la<br \/>\npr\u00e9sidentielle, le FG s\u2019impose comme la<br \/>\ndeuxi\u00e8me force politique de gauche. C\u2019est<br \/>\nla seule alternative cr\u00e9dible \u00e0 la politique<br \/>\nmen\u00e9e par Jean-Marc Ayrault et qui nous<br \/>\nm\u00e8ne dans le mur. M\u00e9lenchon travaille \u00e0<br \/>\ncr\u00e9er un v\u00e9ritable leadership au sein de la<br \/>\ngauche. Le FG ne peut rester cantonn\u00e9 \u00e0<br \/>\nun second r\u00f4le. L\u2019objectif \u00e0 terme c\u2019est de<br \/>\npeser concr\u00e8tement sur les grandes orientations<br \/>\npolitiques. Et cela passe par un<br \/>\ngouvernement issu d\u2019une autre majorit\u00e9<br \/>\nde gauche\u2026<\/p>\n<p><em> <strong>Mais n\u2019y a-t-il pas un probl\u00e8me de<br \/>\ncr\u00e9dibilit\u00e9 ?<\/strong> <\/em><\/p>\n<p>Non, je ne le crois pas. Mais il y a du boulot.<br \/>\nDepuis la campagne pr\u00e9sidentielle,<br \/>\nles lignes ont boug\u00e9. Pour beaucoup des<br \/>\ncommentateurs politiques, le FG est un<br \/>\nmouvement de \u00ab gauchos \u00bb, il est rest\u00e9<br \/>\nprisonnier d\u2019une \u00e9tiquette tronqu\u00e9e, celle<br \/>\nde l\u2019extr\u00eame gauche. Le terme de \u00ab r\u00e9volution<br \/>\n\u00bb, repris r\u00e9guli\u00e8rement pendant<br \/>\nla campagne, a sans doute contribu\u00e9 \u00e0<br \/>\nenfermer l\u2019identit\u00e9 du FG dans un cadre<br \/>\ncontestataire. Cela dit, la crise s\u2019intensifie<br \/>\net chaque jour nos propositions apparaissent<br \/>\nde plus en plus n\u00e9cessaires et<br \/>\ncr\u00e9dibles. Les \u00e9checs successifs des<br \/>\npolitiques d\u2019aust\u00e9rit\u00e9 men\u00e9es en Europe<br \/>\net singuli\u00e8rement en France devraient<br \/>\nconforter la place du Front de gauche en<br \/>\nFrance. Cette r\u00e9volution citoyenne que<br \/>\nle FG assume et appelle de ses voeux<br \/>\nest pourtant n\u00e9cessaire pour changer<br \/>\nradicalement la donne.<\/p>\n<p><em> <strong>Le FG ne doit-il pas s\u2019\u00e9largir pour esp\u00e9rer<br \/>\ngagner une nouvelle majorit\u00e9 ?<\/strong> <\/em><\/p>\n<p>C\u2019est n\u00e9cessaire. De nombreuses voix<br \/>\ns\u2019\u00e9l\u00e8vent au PS et \u00e0 EELV contre la politique<br \/>\ndu gouvernement. Les analyses et crise convergent avec ces sensibilit\u00e9s<br \/>\npolitiques, minoritaires au sein de leurs<br \/>\npartis. Il importe d\u00e9sormais d\u2019ouvrir plus<br \/>\nlargement le FG et qu\u2019il s\u2019enrichisse de<br \/>\ntoutes les sensibilit\u00e9s qui aspirent \u00e0 la<br \/>\ntransformation sociale et \u00e9cologique. Ce<br \/>\nrassemblement est n\u00e9cessaire dans les<br \/>\nluttes comme dans la construction d\u2019une<br \/>\nalternative \u00e0 la politique du gouvernement.<br \/>\nIl est sans doute m\u00eame un pr\u00e9alable pour<br \/>\npeser mais aussi pour gouverner demain.<\/p>\n<p><em> <strong>Si une majorit\u00e9 nouvelle s\u2019imposait<br \/>\n\u00e0 gauche, M\u00e9lenchon pourrait-il rester<br \/>\nl\u2019homme fort ?<\/strong> <\/em><\/p>\n<p>Il restera quoi qu\u2019il arrive un des hommes<br \/>\nfort d\u2019un rassemblement plus large. Il a<br \/>\nport\u00e9 la voie du FG \u00e0 la pr\u00e9sidentielle<br \/>\navec le succ\u00e8s que l\u2019on conna\u00eet. Il a \u00e9t\u00e9<br \/>\nun porte-voix fabuleux. Il a suscit\u00e9 des<br \/>\nattentes, des esp\u00e9rances. Il a incarn\u00e9 un<br \/>\nv\u00e9ritable \u00e9lan populaire. Cela dit, c\u2019est<br \/>\naussi le drame de la Ve R\u00e9publique. Il faut<br \/>\nd\u00e9passer la seule question de la personnalit\u00e9<br \/>\net imposer un nouveau courant de<br \/>\npens\u00e9e.<br \/>\nles propositions du FG pour sortir de la<\/p>\n","protected":false},"excerpt":{"rendered":"<p>Regards.fr. Quand M\u00e9lenchon dit qu\u2019il \u00ab est pr\u00eat \u00e0 \u00eatre Premier ministre \u00bb, \u00e7a r\u00e9sulte d\u2019un objectif politique ou bien c\u2019est un bon coup de communication ? ` Arnaud Champremier-Trigano. D\u2019abord \u00e7a n\u2019est pas une posture. Et \u00e7a n\u2019est pas non plus nouveau. Il avait d\u00e9j\u00e0 dit pendant la campagne pr\u00e9sidentielle qu\u2019il \u00e9tait pr\u00eat \u00e0 [&hellip;]<\/p>\n","protected":false},"author":1039,"featured_media":0,"comment_status":"open","ping_status":"open","sticky":false,"template":"","format":"standard","meta":{"_themeisle_gutenberg_block_has_review":false,"footnotes":""},"categories":[1],"tags":[293],"class_list":["post-6309","post","type-post","status-publish","format-standard","hentry","category-non-classe","tag-entretien"],"_links":{"self":[{"href":"https:\/\/archives.regards.fr\/index.php?rest_route=\/wp\/v2\/posts\/6309","targetHints":{"allow":["GET"]}}],"collection":[{"href":"https:\/\/archives.regards.fr\/index.php?rest_route=\/wp\/v2\/posts"}],"about":[{"href":"https:\/\/archives.regards.fr\/index.php?rest_route=\/wp\/v2\/types\/post"}],"author":[{"embeddable":true,"href":"https:\/\/archives.regards.fr\/index.php?rest_route=\/wp\/v2\/users\/1039"}],"replies":[{"embeddable":true,"href":"https:\/\/archives.regards.fr\/index.php?rest_route=%2Fwp%2Fv2%2Fcomments&post=6309"}],"version-history":[{"count":0,"href":"https:\/\/archives.regards.fr\/index.php?rest_route=\/wp\/v2\/posts\/6309\/revisions"}],"wp:attachment":[{"href":"https:\/\/archives.regards.fr\/index.php?rest_route=%2Fwp%2Fv2%2Fmedia&parent=6309"}],"wp:term":[{"taxonomy":"category","embeddable":true,"href":"https:\/\/archives.regards.fr\/index.php?rest_route=%2Fwp%2Fv2%2Fcategories&post=6309"},{"taxonomy":"post_tag","embeddable":true,"href":"https:\/\/archives.regards.fr\/index.php?rest_route=%2Fwp%2Fv2%2Ftags&post=6309"}],"curies":[{"name":"wp","href":"https:\/\/api.w.org\/{rel}","templated":true}]}}