{"id":6308,"date":"2013-01-05T22:00:00","date_gmt":"2013-01-05T21:00:00","guid":{"rendered":"https:\/\/wp.muchomaas.com\/jean-luc-melenchon-premier6308\/"},"modified":"2013-01-05T22:00:00","modified_gmt":"2013-01-05T21:00:00","slug":"jean-luc-melenchon-premier6308","status":"publish","type":"post","link":"https:\/\/archives.regards.fr\/?p=6308","title":{"rendered":"Jean-Luc M\u00e9lenchon, Premier ministre de [la vraie] gauche ?"},"content":{"rendered":"<p class=\"post_excerpt\">Devant l\u2019alignement social-lib\u00e9ral du PS, les alternatives<br \/>\npolitiques \u00e0 gauche peinent \u00e0 s\u2019imposer. Le Front de<br \/>\ngauche, lui, voudrait peser concr\u00e8tement sur les orientation<br \/>\ndu gouvernement et propose M\u00e9lenchon \u00e0 Matignon.<\/p>\n<p>Quand Jean-Luc M\u00e9lenchon<br \/>\nse r\u00eave en Premier ministre<br \/>\net qu\u2019il se pr\u00e9sente comme<br \/>\nun recours post Ayrault, les<br \/>\nl\u00e8vres s\u2019\u00e9tirent, les sourires<br \/>\ns\u2019illustrent. Ostensiblement. Et quasi unanimement.<br \/>\nEt c\u2019est l\u00e0 que le b\u00e2t blesse.<br \/>\nM\u00e9lenchon manque de cr\u00e9dibilit\u00e9. Pourtant,<br \/>\nlui, s\u2019y voit s\u00e9rieusement. En se<br \/>\nd\u00e9clarant premier ministrable, il entend<br \/>\nainsi asseoir sa l\u00e9gitimit\u00e9, et conforter sa<br \/>\nstature d\u2019homme d\u2019\u00c9tat. En qu\u00eate de responsabilit\u00e9s,<br \/>\nil r\u00e9affirme sa disponibilit\u00e9,<br \/>\nnon seulement pour la contestation, mais<br \/>\naussi pour l\u2019exercice du pouvoir. Pour Ian<br \/>\nBrossat, \u00e9lu PCF et pr\u00e9sident du groupe<br \/>\nPCF\/PG au Conseil de Paris :<em> \u00ab En politique,<br \/>\non a toujours tort de rire trop vite.<br \/>\nQuand nous avons d\u00e9marr\u00e9 la campagne<br \/>\npr\u00e9sidentielle, personne n\u2019imaginait que<br \/>\nnous remplirions la place de la Bastille.<br \/>\nNous n\u2019\u00e9tions pas nombreux non plus \u00e0<br \/>\npenser d\u00e9passer la barre des 10 %. \u00bb<\/em><\/p>\n<p>M\u00e9lenchon veut croire que le PS est<br \/>\nproche d\u2019une crise qui peut pousser la<br \/>\nFrance dans une situation \u00e0 la grecque,<br \/>\no\u00f9 la gauche radicale appara\u00eetrait alors<br \/>\ncomme le recours, sur le mod\u00e8le de Syriza<br \/>\nen Gr\u00e8ce. Il entend faire du Front de<br \/>\ngauche, d\u2019abord une alternative cr\u00e9dible<br \/>\n\u00e0 la politique du gouvernement mais aussi<br \/>\nla force principale et majoritaire \u00e0 gauche.<br \/>\nProbl\u00e8me : l\u2019insurrection ne semble pas<br \/>\npointer et la France n\u2019est pas la Gr\u00e8ce.<br \/>\nPour l\u2019instant, les forces dominantes<br \/>\ninstall\u00e9es ne donnent pas l\u2019impression<br \/>\n(cf. les \u00e9lections partielles) qu\u2019elles vont<br \/>\ns\u2019effondrer. La mauvaise image des leaders,<br \/>\n\u00e0 gauche ou \u00e0 droite, n\u2019affecte pas<br \/>\nmassivement leurs formations. Quant<br \/>\nau \u00ab mouvement social \u00bb, il reste pour<br \/>\nl\u2019instant politiquement prudent, comme<br \/>\nl\u2019a montr\u00e9 l\u2019impossibilit\u00e9 d\u2019une marche<br \/>\ncommune partis-syndicats autour de Florange.<br \/>\nMais Ian Brossat se veut optimiste :<br \/>\n<em>\u00ab Dans une situation aussi instable que<br \/>\ncelle que nous connaissons, tout est<br \/>\npossible : le pire comme le meilleur \u00c0 nous de travailler au meilleur, en l\u2019occurrence,<br \/>\nun large front anti-aust\u00e9rit\u00e9 \u00e0<br \/>\nvocation majoritaire. \u00bb<\/em><\/p>\n<p>\u00c0 plusieurs reprises, dans sa campagne<br \/>\npr\u00e9sidentielle, M\u00e9lenchon avait r\u00e9p\u00e9t\u00e9<br \/>\nqu\u2019il ne serait pas ministre d\u2019un gouvernement<br \/>\nqu\u2019il ne dirigerait pas. En arri\u00e8replan,<br \/>\nune double id\u00e9e : la violence sociale<br \/>\nde la logique d\u2019aust\u00e9rit\u00e9 pousse \u00e0 l\u2019insurrection<br \/>\net au basculement vers le grand<br \/>\nretour de l\u2019\u00c9tat, avec en toile de fond, le<br \/>\nmod\u00e8le latino-am\u00e9ricain. D\u2019o\u00f9 l\u2019irritation<br \/>\nmanifeste, \u00e0 gauche, autour d\u2019une ligne<br \/>\nm\u00e9lenchonienne dont beaucoup, \u00e0 l\u2019instar<br \/>\nde Marc Dolez, pensent qu\u2019elle frise<br \/>\nle gauchisme. Leila Chaibi, militante au<br \/>\nPG et animatrice du mouvement L\u2019Appel<br \/>\net la Pioche conteste : <em>\u00ab Nos slogans ne<br \/>\nvalent pas que dans les manifestations.<br \/>\nNous avons un programme politique<br \/>\ncr\u00e9dible, il est plus que d\u2019actualit\u00e9, nous<br \/>\nsommes le recours \u00e0 gauche. \u00bb<\/em> Et d\u2019ajouter<br \/>\n: <em>\u00ab On nous reproche sans cesse de<br \/>\nne pas vouloir mettre les mains dans le<br \/>\ncambouis. Pourtant, nous aspirons aux<br \/>\nresponsabilit\u00e9s. M\u00e9lenchon Premier ministre,<br \/>\nc\u2019est pas une blague m\u00eame si \u00e7a<br \/>\nsemble compromis sous Hollande, sauf \u00e0<br \/>\nimposer une majorit\u00e9 alternative. Et nous<br \/>\ny travaillons. \u00bb<\/em> En l\u2019\u00e9tat actuel, il semble<br \/>\ndifficile de voir le FG s\u2019imposer comme<br \/>\nla nouvelle force majoritaire \u00e0 gauche.<br \/>\nReste \u00e0 savoir si cette majorit\u00e9 peut se<br \/>\nfaire par ralliement de forces nouvelles,<br \/>\nou par la proposition d\u2019une nouvelle<br \/>\ndonne, potentiellement majoritaire, qui ne<br \/>\nserait ni le Front de gauche \u00e0 lui seul ni<br \/>\nle retour de la vieille union de la gauche<br \/>\nversion ann\u00e9es 1970.<\/p>\n<p>Si cette majorit\u00e9 nouvelle devait s\u2019imposer,<br \/>\nelle devrait aussi faire place \u00e0 de<br \/>\nnouvelles personnalit\u00e9s, qui incarnent<br \/>\nun rassemblement plus large, autour de<br \/>\nsensibilit\u00e9s diverses : <em>\u00ab Avec un Parti<br \/>\nsocialiste \u00e0 vocation h\u00e9g\u00e9moniste, les<br \/>\nVerts sont \u00e0 la botte du PS. Nous leur<br \/>\ndisons ainsi qu\u2019\u00e0 tous ceux qui ont vot\u00e9<br \/>\nnon au TCE, mais aussi aux socialistes<br \/>\nde gauche que nous pouvons travailler<br \/>\nensemble \u00e0 une nouvelle majorit\u00e9.<br \/>\nL\u2019\u00e9mergence d\u2019une nouvelle g\u00e9n\u00e9ration<br \/>\nde leaders politiques doit faciliter et favoriser<br \/>\nla construction de cette alternative \u00bb<\/em>,<br \/>\naffirme Leila Chaibi.<\/p>\n<p>\u00c0 l\u2019occasion de l\u2019initiative \u00ab Gauche Avenir<br \/>\n\u00bb port\u00e9e par Marie-No\u00eblle Lienemann,<br \/>\nles commentateurs politiques avaient<br \/>\nbeaucoup glos\u00e9 sur un retour de l\u2019union<br \/>\nde la gauche. Chaque fois que le PCF a<br \/>\nesquiss\u00e9 ce retour, entre 1981 et 1984<br \/>\nou entre 1997 et 2002, il est all\u00e9 \u00e0 l\u2019\u00e9chec.<br \/>\n<em>\u00ab Nous devons sortir de cette impasse \u00bb<\/em>,<br \/>\nlance Leila Chaibi. Les r\u00e9actions critiques \u00e0 l\u2019\u00e9gard du recentrage hollandais (au<br \/>\nsein m\u00eame du PS et parmi les militants<br \/>\net personnalit\u00e9s EELV) laisse entrevoir les<br \/>\ncontours d\u2019une autre majorit\u00e9 \u00e0 gauche.<br \/>\nLes partenaires du Front de gauche<br \/>\nsont conscients qu\u2019il n\u2019est pas d\u2019avenir<br \/>\nimm\u00e9diat possible en dehors de l\u2019alliance<br \/>\namorc\u00e9e en 2009. Reste \u00e0 savoir comment<br \/>\npermettre au Front de gauche de<br \/>\nd\u00e9passer un niveau \u00e9lectoral, certes non<br \/>\nn\u00e9gligeable, mais qui ne permet pas encore<br \/>\nd\u2019\u00eatre autre chose qu\u2019un aiguillon ou<br \/>\nune roue de secours. La coalition doit-elle<br \/>\nviser \u00e0 agr\u00e9ger autour d\u2019elle ? Ou bien<br \/>\ndoit-elle chercher \u00e0 \u00eatre le ferment d\u2019une<br \/>\nalliance potentiellement majoritaire, qui<br \/>\nla d\u00e9borde, mais qui prenne une consistance<br \/>\nbien plus innovante et citoyenne<br \/>\nque les formules pass\u00e9es de l\u2019union partisane ?<\/p>\n","protected":false},"excerpt":{"rendered":"<p>Devant l\u2019alignement social-lib\u00e9ral du PS, les alternatives<br \/>\npolitiques \u00e0 gauche peinent \u00e0 s\u2019imposer. Le Front de<br \/>\ngauche, lui, voudrait peser concr\u00e8tement sur les orientation<br \/>\ndu gouvernement et propose M\u00e9lenchon \u00e0 Matignon.<\/p>\n","protected":false},"author":1039,"featured_media":0,"comment_status":"open","ping_status":"open","sticky":false,"template":"","format":"standard","meta":{"_themeisle_gutenberg_block_has_review":false,"footnotes":""},"categories":[1],"tags":[],"class_list":["post-6308","post","type-post","status-publish","format-standard","hentry","category-non-classe"],"_links":{"self":[{"href":"https:\/\/archives.regards.fr\/index.php?rest_route=\/wp\/v2\/posts\/6308","targetHints":{"allow":["GET"]}}],"collection":[{"href":"https:\/\/archives.regards.fr\/index.php?rest_route=\/wp\/v2\/posts"}],"about":[{"href":"https:\/\/archives.regards.fr\/index.php?rest_route=\/wp\/v2\/types\/post"}],"author":[{"embeddable":true,"href":"https:\/\/archives.regards.fr\/index.php?rest_route=\/wp\/v2\/users\/1039"}],"replies":[{"embeddable":true,"href":"https:\/\/archives.regards.fr\/index.php?rest_route=%2Fwp%2Fv2%2Fcomments&post=6308"}],"version-history":[{"count":0,"href":"https:\/\/archives.regards.fr\/index.php?rest_route=\/wp\/v2\/posts\/6308\/revisions"}],"wp:attachment":[{"href":"https:\/\/archives.regards.fr\/index.php?rest_route=%2Fwp%2Fv2%2Fmedia&parent=6308"}],"wp:term":[{"taxonomy":"category","embeddable":true,"href":"https:\/\/archives.regards.fr\/index.php?rest_route=%2Fwp%2Fv2%2Fcategories&post=6308"},{"taxonomy":"post_tag","embeddable":true,"href":"https:\/\/archives.regards.fr\/index.php?rest_route=%2Fwp%2Fv2%2Ftags&post=6308"}],"curies":[{"name":"wp","href":"https:\/\/api.w.org\/{rel}","templated":true}]}}