{"id":6292,"date":"2013-02-25T13:00:00","date_gmt":"2013-02-25T12:00:00","guid":{"rendered":"https:\/\/wp.muchomaas.com\/nous-sommes-toutes-des-laiderons6292\/"},"modified":"2023-06-23T23:13:43","modified_gmt":"2023-06-23T21:13:43","slug":"nous-sommes-toutes-des-laiderons6292","status":"publish","type":"post","link":"https:\/\/archives.regards.fr\/?p=6292","title":{"rendered":"Nous sommes toutes des laiderons"},"content":{"rendered":"<p class=\"post_excerpt\">DSK pr\u00e9f\u00e8re les moches. Marcela Iacub s&#8217;en \u00e9tonne dans son livre \u00e0 para\u00eetre mercredi. Moches comment ? \u00ab Comme une femme normale ? \u00bb, a r\u00e9agi Christine Angot dans Le Monde. Salvateur. <\/p>\n<p><em>\u00ab Je pensais, \u00e9bahie : plus elles sont moches et vulgaires, plus elles doivent lui plaire \u00bb<\/em>, \u00e9crit Marcela Iacub dans <em>Belle et B\u00eate<\/em> (\u00e9d. Stock) \u00e0 para\u00eetre mercredi. Croqu\u00e9 par J\u00e9r\u00f4me Garcin dans <em>Le Nouvel Observateur<\/em>, DSK devient du coup un <em>\u00ab grand consommateur de laiderons \u00bb<\/em>\u2026 Apr\u00e8s tout, il faut bien appeler un porc un porc et un laideron un laideron. Ben oui, y\u2019a qu\u2019\u00e0 voir Nafissatou Diallo, hier trop moche pour se faire violer, aujourd\u2019hui assez pour se faire trousser\u2026 Subtil retournement du stigmate \u2013 ce qui revient au m\u00eame dans ce cas. <em>To be or not to be<\/em> baisable. Ec\u0153urant. <\/p>\n<p>Heureusement, il y a Christine Angot pour cracher son d\u00e9go\u00fbt \u00e0 la face des journalistes \u00e9moustill\u00e9s par la morale de cette histoire : qu\u2019une (sainte) femme aime un (sale) cochon semble tellement r\u00e9jouir ces hommes cultiv\u00e9s qui ne sont pas vieux, pas moches, pas machistes, pas vulgaires, pas insensibles, pas \u00e9go\u00efstes, pas brutaux. <em>\u00ab Moche pourquoi ? \u00bb<\/em>, demande Angot dans <em><a href=\"http:\/\/www.lemonde.fr\/idees\/article\/2013\/02\/23\/non-non-non-et-non_1837772_3232.html\">Le Monde<\/a><\/em> au sujet de Nafissatou Diallo. <em>\u00ab Parce qu&#8217;elle ne met pas de mascara L&#8217;Or\u00e9al ? Moche comme une femme normale ? Moche comme une femme non mannequin ? Moche comme moi. Moche comme la plupart des femmes que je connais et avec qui je suis amie. Moche comme la femme de ces journalistes, qui estiment qu&#8217;un homme riche a les moyens de se payer un objet plus beau que \u00e7a. \u00bb<\/em> Moches comme nous toutes. <\/p>\n<p>A la th\u00e9orie du cochon, on pr\u00e9f\u00e8re mille fois celle du gorille. Souvenons-nous du livre de Virginie Despentes (<em>King Kong th\u00e9orie<\/em>, \u00e9d. Grasset, ndlr) : <em>\u00ab J\u2019\u00e9cris de chez les moches, pour les moches, les frigides, les mal bais\u00e9es, les imbaisables, toutes les exclues du grand march\u00e9 \u00e0 la bonne meuf.<\/em> (\u2026) <em>Parce que l\u2019id\u00e9al de la femme blanche s\u00e9duisante qu\u2019on nous brandit tout le temps sous le nez, je crois bien qu\u2019il n\u2019existe pas \u00bb<\/em>. Pas s\u00fbr que ces prolottes de la f\u00e9minit\u00e9 fascinent Marcela Iacub. C\u2019est sans doute qu\u2019elle \u00e9crit de chez les belles. Trop b\u00eate. <div id='gallery-1' class='gallery galleryid-6292 gallery-columns-3 gallery-size-thumbnail'><figure class='gallery-item'>\n\t\t\t<div class='gallery-icon landscape'>\n\t\t\t\t<a href='https:\/\/archives.regards.fr\/wp-content\/uploads\/2013\/02\/iacub-6d2.png'><img loading=\"lazy\" decoding=\"async\" width=\"150\" height=\"150\" src=\"https:\/\/archives.regards.fr\/wp-content\/uploads\/2013\/02\/iacub-6d2-150x150.png\" class=\"attachment-thumbnail size-thumbnail\" alt=\"iacub.png\" \/><\/a>\n\t\t\t<\/div><\/figure>\n\t\t<\/div>\n<\/p>\n","protected":false},"excerpt":{"rendered":"<p>DSK pr\u00e9f\u00e8re les moches. Marcela Iacub s&#8217;en \u00e9tonne dans son livre \u00e0 para\u00eetre mercredi. Moches comment ? \u00ab Comme une femme normale ? \u00bb, a r\u00e9agi Christine Angot dans Le Monde. Salvateur. <\/p>\n","protected":false},"author":573,"featured_media":17855,"comment_status":"open","ping_status":"open","sticky":false,"template":"","format":"standard","meta":{"_themeisle_gutenberg_block_has_review":false,"footnotes":""},"categories":[173],"tags":[],"class_list":["post-6292","post","type-post","status-publish","format-standard","has-post-thumbnail","hentry","category-fetees-une-journee-exploitees-toute-lannee"],"_links":{"self":[{"href":"https:\/\/archives.regards.fr\/index.php?rest_route=\/wp\/v2\/posts\/6292","targetHints":{"allow":["GET"]}}],"collection":[{"href":"https:\/\/archives.regards.fr\/index.php?rest_route=\/wp\/v2\/posts"}],"about":[{"href":"https:\/\/archives.regards.fr\/index.php?rest_route=\/wp\/v2\/types\/post"}],"author":[{"embeddable":true,"href":"https:\/\/archives.regards.fr\/index.php?rest_route=\/wp\/v2\/users\/573"}],"replies":[{"embeddable":true,"href":"https:\/\/archives.regards.fr\/index.php?rest_route=%2Fwp%2Fv2%2Fcomments&post=6292"}],"version-history":[{"count":0,"href":"https:\/\/archives.regards.fr\/index.php?rest_route=\/wp\/v2\/posts\/6292\/revisions"}],"wp:featuredmedia":[{"embeddable":true,"href":"https:\/\/archives.regards.fr\/index.php?rest_route=\/wp\/v2\/media\/17855"}],"wp:attachment":[{"href":"https:\/\/archives.regards.fr\/index.php?rest_route=%2Fwp%2Fv2%2Fmedia&parent=6292"}],"wp:term":[{"taxonomy":"category","embeddable":true,"href":"https:\/\/archives.regards.fr\/index.php?rest_route=%2Fwp%2Fv2%2Fcategories&post=6292"},{"taxonomy":"post_tag","embeddable":true,"href":"https:\/\/archives.regards.fr\/index.php?rest_route=%2Fwp%2Fv2%2Ftags&post=6292"}],"curies":[{"name":"wp","href":"https:\/\/api.w.org\/{rel}","templated":true}]}}