{"id":6285,"date":"2013-02-21T20:53:55","date_gmt":"2013-02-21T19:53:55","guid":{"rendered":"https:\/\/wp.muchomaas.com\/tout-s-est-bien-passe-d-emmanuele6285\/"},"modified":"2023-06-23T23:13:42","modified_gmt":"2023-06-23T21:13:42","slug":"tout-s-est-bien-passe-d-emmanuele6285","status":"publish","type":"post","link":"https:\/\/archives.regards.fr\/?p=6285","title":{"rendered":"Tout s\u2019est bien pass\u00e9 d&#8217;Emmanu\u00e8le Bernheim"},"content":{"rendered":"<p>Voici un roman au style contemporain sur une question contemporaine. Tout s\u2019est bien pass\u00e9 raconte l\u2019impossible euthanasie dans notre soci\u00e9t\u00e9 qui s\u2019interroge sur comment mourir dans la dignit\u00e9, sur le droit de choisir sa mort. Emmanu\u00e8le Bernheim, qui avait re\u00e7u le Prix Medicis pour <em>Sa femme<\/em>, m\u00e8ne un r\u00e9cit angoiss\u00e9, dans lequel deux s\u0153urs accompagnent leur p\u00e8re octog\u00e9naire en souffrance \u00e0 l\u2019h\u00f4pital. Un p\u00e8re qui demande \u00e0 sa fille de l\u2019aider \u00e0 mourir, la douleur, un environnement hospitalier qui n\u2019a pas le droit, la police\u2026 Tout se passe bien pour nous faire r\u00e9fl\u00e9chir.<\/p>\n<p>Emmanu\u00e8le Bernheim, <em>Tout s\u2019est bien pass\u00e9<\/em>, Gallimard, 205 pages, 17,90 euros.<br \/>\n<div id='gallery-1' class='gallery galleryid-6285 gallery-columns-3 gallery-size-thumbnail'><figure class='gallery-item'>\n\t\t\t<div class='gallery-icon portrait'>\n\t\t\t\t<a href='https:\/\/archives.regards.fr\/wp-content\/uploads\/2013\/02\/9782070124343fs-7fc.gif'><img loading=\"lazy\" decoding=\"async\" width=\"150\" height=\"150\" src=\"https:\/\/archives.regards.fr\/wp-content\/uploads\/2013\/02\/9782070124343fs-7fc-150x150.gif\" class=\"attachment-thumbnail size-thumbnail\" alt=\"9782070124343fs.gif\" \/><\/a>\n\t\t\t<\/div><\/figure>\n\t\t<\/div>\n<\/p>\n","protected":false},"excerpt":{"rendered":"<p>Voici un roman au style contemporain sur une question contemporaine. Tout s\u2019est bien pass\u00e9 raconte l\u2019impossible euthanasie dans notre soci\u00e9t\u00e9 qui s\u2019interroge sur comment mourir dans la dignit\u00e9, sur le droit de choisir sa mort. Emmanu\u00e8le Bernheim, qui avait re\u00e7u le Prix Medicis pour Sa femme, m\u00e8ne un r\u00e9cit angoiss\u00e9, dans lequel deux s\u0153urs accompagnent [&hellip;]<\/p>\n","protected":false},"author":570,"featured_media":17841,"comment_status":"open","ping_status":"open","sticky":false,"template":"","format":"standard","meta":{"_themeisle_gutenberg_block_has_review":false,"footnotes":""},"categories":[111],"tags":[353],"class_list":["post-6285","post","type-post","status-publish","format-standard","has-post-thumbnail","hentry","category-nos-selections","tag-litterature"],"_links":{"self":[{"href":"https:\/\/archives.regards.fr\/index.php?rest_route=\/wp\/v2\/posts\/6285","targetHints":{"allow":["GET"]}}],"collection":[{"href":"https:\/\/archives.regards.fr\/index.php?rest_route=\/wp\/v2\/posts"}],"about":[{"href":"https:\/\/archives.regards.fr\/index.php?rest_route=\/wp\/v2\/types\/post"}],"author":[{"embeddable":true,"href":"https:\/\/archives.regards.fr\/index.php?rest_route=\/wp\/v2\/users\/570"}],"replies":[{"embeddable":true,"href":"https:\/\/archives.regards.fr\/index.php?rest_route=%2Fwp%2Fv2%2Fcomments&post=6285"}],"version-history":[{"count":0,"href":"https:\/\/archives.regards.fr\/index.php?rest_route=\/wp\/v2\/posts\/6285\/revisions"}],"wp:featuredmedia":[{"embeddable":true,"href":"https:\/\/archives.regards.fr\/index.php?rest_route=\/wp\/v2\/media\/17841"}],"wp:attachment":[{"href":"https:\/\/archives.regards.fr\/index.php?rest_route=%2Fwp%2Fv2%2Fmedia&parent=6285"}],"wp:term":[{"taxonomy":"category","embeddable":true,"href":"https:\/\/archives.regards.fr\/index.php?rest_route=%2Fwp%2Fv2%2Fcategories&post=6285"},{"taxonomy":"post_tag","embeddable":true,"href":"https:\/\/archives.regards.fr\/index.php?rest_route=%2Fwp%2Fv2%2Ftags&post=6285"}],"curies":[{"name":"wp","href":"https:\/\/api.w.org\/{rel}","templated":true}]}}