{"id":6273,"date":"2013-02-20T13:06:38","date_gmt":"2013-02-20T12:06:38","guid":{"rendered":"https:\/\/wp.muchomaas.com\/fermetures-d-entreprises-a-t-on6273\/"},"modified":"2023-06-23T23:13:41","modified_gmt":"2023-06-23T21:13:41","slug":"fermetures-d-entreprises-a-t-on6273","status":"publish","type":"post","link":"https:\/\/archives.regards.fr\/?p=6273","title":{"rendered":"Fermetures d&#8217;entreprises : a-t-on tout essay\u00e9 ?"},"content":{"rendered":"<p class=\"post_excerpt\">Toutes les semaines, Cl\u00e9mentine Autain, directrice de Regards participe au d\u00e9bat Yahoo anim\u00e9 par Christophe Hondelatte, face \u00e0 Elisabeth L\u00e9vy. Emission du 19 f\u00e9vrier 2013.<\/p>\n<p><strong>Fermetures d&#8217;entreprises : a-t-on tout essay\u00e9 ? <\/strong><br \/>\n<iframe loading=\"lazy\" width=\"460\" height=\"260\" scrolling=\"no\" frameborder=\"0\" src=\"http:\/\/fr.news.yahoo.com\/video\/fermetures-dentreprises-t-tout-essay\u00e9-092651908.html?format=embed&#038;player_autoplay=false\"><\/iframe><br clear=\"all\"><\/p>\n<p><strong>Et aussi :<\/strong><\/p>\n<p><strong>NKM pr\u00e9sidentiable en 2017 ?<\/strong><br \/>\n<iframe loading=\"lazy\" width=\"460\" height=\"260\" scrolling=\"no\" frameborder=\"0\" src=\"http:\/\/fr.news.yahoo.com\/video\/nkm-t-elle-un-grand-085842112.html?format=embed&#038;player_autoplay=false\"><\/iframe><br clear=\"all\"><br \/>\n<br \/>\n<strong>Le vote doit-il \u00eatre obligatoire ?<\/strong><br \/>\n<iframe loading=\"lazy\" width=\"460\" height=\"260\" scrolling=\"no\" frameborder=\"0\" src=\"http:\/\/fr.news.yahoo.com\/video\/le-vote-doit-il-\u00eatre-091810196.html?format=embed&#038;player_autoplay=false\"><\/iframe><br \/>\n<br clear=\"all\"><div id='gallery-1' class='gallery galleryid-6273 gallery-columns-3 gallery-size-thumbnail'><figure class='gallery-item'>\n\t\t\t<div class='gallery-icon landscape'>\n\t\t\t\t<a href='https:\/\/archives.regards.fr\/wp-content\/uploads\/2013\/02\/yahoo-11-3c0.jpg'><img loading=\"lazy\" decoding=\"async\" width=\"150\" height=\"150\" src=\"https:\/\/archives.regards.fr\/wp-content\/uploads\/2013\/02\/yahoo-11-3c0-150x150.jpg\" class=\"attachment-thumbnail size-thumbnail\" alt=\"Fermetures d&#039;entreprises : a-t-on tout essay\u00e9 ?\" aria-describedby=\"gallery-1-17828\" \/><\/a>\n\t\t\t<\/div>\n\t\t\t\t<figcaption class='wp-caption-text gallery-caption' id='gallery-1-17828'>\n\t\t\t\tFermetures d&#8217;entreprises : a-t-on tout essay\u00e9 ?\n\t\t\t\t<\/figcaption><\/figure>\n\t\t<\/div>\n<\/p>\n","protected":false},"excerpt":{"rendered":"<p>Toutes les semaines, Cl\u00e9mentine Autain, directrice de Regards participe au d\u00e9bat Yahoo anim\u00e9 par Christophe Hondelatte, face \u00e0 Elisabeth L\u00e9vy. Emission du 19 f\u00e9vrier 2013.<\/p>\n","protected":false},"author":570,"featured_media":17828,"comment_status":"open","ping_status":"open","sticky":false,"template":"","format":"standard","meta":{"_themeisle_gutenberg_block_has_review":false,"footnotes":""},"categories":[156],"tags":[],"class_list":["post-6273","post","type-post","status-publish","format-standard","has-post-thumbnail","hentry","category-debat-yahoo"],"_links":{"self":[{"href":"https:\/\/archives.regards.fr\/index.php?rest_route=\/wp\/v2\/posts\/6273","targetHints":{"allow":["GET"]}}],"collection":[{"href":"https:\/\/archives.regards.fr\/index.php?rest_route=\/wp\/v2\/posts"}],"about":[{"href":"https:\/\/archives.regards.fr\/index.php?rest_route=\/wp\/v2\/types\/post"}],"author":[{"embeddable":true,"href":"https:\/\/archives.regards.fr\/index.php?rest_route=\/wp\/v2\/users\/570"}],"replies":[{"embeddable":true,"href":"https:\/\/archives.regards.fr\/index.php?rest_route=%2Fwp%2Fv2%2Fcomments&post=6273"}],"version-history":[{"count":0,"href":"https:\/\/archives.regards.fr\/index.php?rest_route=\/wp\/v2\/posts\/6273\/revisions"}],"wp:featuredmedia":[{"embeddable":true,"href":"https:\/\/archives.regards.fr\/index.php?rest_route=\/wp\/v2\/media\/17828"}],"wp:attachment":[{"href":"https:\/\/archives.regards.fr\/index.php?rest_route=%2Fwp%2Fv2%2Fmedia&parent=6273"}],"wp:term":[{"taxonomy":"category","embeddable":true,"href":"https:\/\/archives.regards.fr\/index.php?rest_route=%2Fwp%2Fv2%2Fcategories&post=6273"},{"taxonomy":"post_tag","embeddable":true,"href":"https:\/\/archives.regards.fr\/index.php?rest_route=%2Fwp%2Fv2%2Ftags&post=6273"}],"curies":[{"name":"wp","href":"https:\/\/api.w.org\/{rel}","templated":true}]}}