{"id":6269,"date":"2013-02-19T22:16:52","date_gmt":"2013-02-19T21:16:52","guid":{"rendered":"https:\/\/wp.muchomaas.com\/hollande-l-homme-que-la-grece-n6269\/"},"modified":"2013-02-19T22:16:52","modified_gmt":"2013-02-19T21:16:52","slug":"hollande-l-homme-que-la-grece-n6269","status":"publish","type":"post","link":"https:\/\/archives.regards.fr\/?p=6269","title":{"rendered":"Hollande, l&#8217;homme que la Gr\u00e8ce n&#8217;attendait pas"},"content":{"rendered":"<h2>Le totem \u00e9conomique <\/h2>\n<p>Fran\u00e7ois Hollande, pr\u00e9sident de la R\u00e9publique fran\u00e7aise, s&#8217;est rendu accompagn\u00e9 d&#8217;une cohorte d&#8217;hommes d&#8217;affaires mardi 19 f\u00e9vrier \u00e0 Ath\u00e8nes \u00e0 l&#8217;invitation du Premier ministre grec Antonis Samaras. Le d\u00e9placement, qui a dur\u00e9 6 heures, n&#8217;a suscit\u00e9 qu&#8217;une relative indiff\u00e9rence et a tr\u00e8s peu \u00e9t\u00e9 relay\u00e9 par les m\u00e9dias, suite \u00e0 un appel \u00e0 la gr\u00e8ve lanc\u00e9 ce jour-l\u00e0 par la centrale syndicale des journalistes grecs. Discr\u00e9tion, sourire, le pr\u00e9sident fran\u00e7ais venu \u00ab\u00a0en ami\u00a0\u00bb se d\u00e9marque ainsi de la chanceli\u00e8re allemande Angela Merkel, dont la visite le 9 octobre dernier avait d\u00e9clench\u00e9 des manifestations d&#8217;hostilit\u00e9 dans tout le pays. La m\u00e9thode douce en somme, mais pour quels r\u00e9sultats\u00a0?<\/p>\n<p>Prenant soin d&#8217;accorder la veille un entretien au quotidien de centre gauche <em>Ta Nea<\/em>, <em>\u00ab\u00a0plac\u00e9 sous le signe de l&#8217;optimisme\u00a0\u00bb<\/em> &#8211; alors qu&#8217;aujourd&#8217;hui 3.9 millions de personnes vivent sous le seuil de pauvret\u00e9, soit plus d&#8217;un tiers de la population grecque\u00a0! &#8211; au mieux a-t-il pu \u00ab\u00a0miser sur la croissance\u00a0\u00bb, invoqu\u00e9e une fois de plus comme un mantra. Aucune certitude ne se d\u00e9gage des indicateurs \u00e9conomiques\u00a0: le d\u00e9ficit public pourrait atteindre 4,3\u00a0% du PIB pour 2013, contre un objectif initial de 5,5\u00a0%, mais la dette grecque devrait continuer \u00e0 progresser jusqu\u2019en 2014 pour atteindre 190\u00a0% du PIB. Quel cr\u00e9dit accorder \u00e0 ces pr\u00e9visions, r\u00e9guli\u00e8rement d\u00e9menties par les faits\u00a0?<\/p>\n<p>Malgr\u00e9 l&#8217;accord conclu le 8 f\u00e9vrier par les chefs d&#8217;Etat et de gouvernement de l&#8217;Union europ\u00e9enne, le budget europ\u00e9en pour la p\u00e9riode 2014-2020 \u2013 dit \u00ab\u00a0cadre financier pluriannuel\u00a0\u00bb, fait toujours l&#8217;objet de d\u00e9bats houleux, et ne pourra \u00eatre vot\u00e9 avant l&#8217;\u00e9t\u00e9. Il pr\u00e9voit de toute fa\u00e7on un budget en baisse pour les 6 prochaines ann\u00e9es. Dans ce cadre, on voit mal quelles avanc\u00e9es concr\u00e8tes pourraient \u00eatre annonc\u00e9es en terme de relance. D&#8217;autant que la France, o\u00f9 se conjuguent croissance faible et d\u00e9ficit sup\u00e9rieur \u00e0 3%, appara\u00eet \u00e0 son tour comme un \u00ab\u00a0mauvais \u00e9l\u00e8ve\u00a0\u00bb de l&#8217;Europe. Un paradoxe pour un des \u00c9tat pr\u00eateur, qui serait bien malvenu \u00e0 ass\u00e9ner le credo n\u00e9o-lib\u00e9ral \u00e0 ses voisins.<\/p>\n<h2>Vendre des fr\u00e9gates \u00e0 un pays d&#8217;armateurs<\/h2>\n<p>L&#8217;affichage par Fran\u00e7ois Hollande de sa \u00ab\u00a0confiance\u00a0\u00bb et de son \u00ab\u00a0soutien\u00a0\u00bb, est cens\u00e9 \u00ab\u00a0rassurer\u00a0\u00bb les quelques industriels fran\u00e7ais rest\u00e9s en Gr\u00e8ce (Bic, Lafarge, Alstom), voire d&#8217;hypoth\u00e9tiques investisseurs comme Vinci, alors que le Cr\u00e9dit Agricole, la Soci\u00e9t\u00e9 G\u00e9n\u00e9rale ou Carrefour ont d\u00e9j\u00e0 ferm\u00e9 boutique. Pour les convaincre, il n&#8217;est pas \u00e0 exclure que le gouvernement grec soit oblig\u00e9 de leur accorder des avantages tels (d\u00e9gr\u00e8vement fiscal, mesures d\u00e9rogatoires au droit du travail\u2026) qu&#8217;\u00e0 l&#8217;arriv\u00e9e, l&#8217;op\u00e9ration se solde par encore plus de sacrifices pour la population grecque. <\/p>\n<p>Mais cette apparente visite de courtoisie vise surtout \u00e0 conclure un gros accord de location-vente portant sur des fr\u00e9gates de la soci\u00e9t\u00e9 DCNS. Il ne s&#8217;agit \u00e9videmment pas d&#8217;une simple flottille de plaisance, mais de fr\u00e9gates multimission, dites FREMM, qui devront notamment servir pour la recherche de p\u00e9trole et de gaz en mer Eg\u00e9e, o\u00f9 Total a d&#8217;importantes vis\u00e9es. L&#8217;enjeu est de taille et le ministre fran\u00e7ais de la D\u00e9fense Jean-Yves le Drian appuiera \u00e0 son tour ce projet lors d&#8217;une visite officielle la semaine suivante.<\/p>\n<p>Comme repr\u00e9sentant de la \u00ab Task force \u00bb, dont l&#8217;arriv\u00e9e des inspecteurs des bailleurs de fonds attendue fin f\u00e9vrier est cens\u00e9e aider la Gr\u00e8ce \u00e0 devenir plus comp\u00e9titive, Fran\u00e7ois Hollande serait plus inspir\u00e9 de relever le cas de l&#8217;usine Vio.Me de Thessalonique, reprise en autogestion sous forme de <a href=\"http:\/\/www.viome.org\/p\/francais.html\">coop\u00e9rative ouvri\u00e8re<\/a>, dont le succ\u00e8s pourrait servir d&#8217;exemple pour le minist\u00e8re du Redressement productif comme pour celui de l&#8217;Economie sociale et solidaire.<\/p>\n<h2>La justice taboue<\/h2>\n<p>\u00ab\u00a0Lib\u00e9rer l&#8217;initiative\u00a0\u00bb ne peut se faire dans le cadre d&#8217;une d\u00e9mocratie dysfonctionnelle, au risque sinon d&#8217;un contexte social explosif. Dans ce cas <em>\u00ab\u00a0exporter le savoir-faire fran\u00e7ais\u00a0\u00bb<\/em> [[Selon l&#8217;expression consacr\u00e9e depuis la proposition faite en plein printemps arabe par Michelle Alliot-marie, alors chef de la diplomatie fran\u00e7aise, au r\u00e9gime tunisien de Ben Ali.]] consistait, sous le pr\u00e9c\u00e9dent gouvernement, \u00e0 opposer une r\u00e9ponse brutale et imm\u00e9diate \u00e0 tout probl\u00e8me s\u00e9curitaire. Pour s&#8217;en d\u00e9marquer, le gouvernement actuel pourrait \u00e0 l&#8217;inverse mettre l&#8217;accent sur la m\u00e9thode de la garde des sceaux Christiane Taubira en terme de dynamique d\u00e9mocratique [[<a href=\"http:\/\/conference-consensus.justice.gouv.fr\/\">http:\/\/conference-consensus.justice.gouv.fr<\/a>.]]. <\/p>\n<p>L\u00e0 o\u00f9 pr\u00e9cis\u00e9ment l&#8217;Europe conditionne le versement de ses aides \u00e0 une r\u00e9forme de l&#8217;administration, le blocage institutionnel des pouvoirs l\u00e9gislatif et ex\u00e9cutif invite \u00e0 repenser le r\u00f4le du 3e pouvoir, judiciaire, qui doit avoir les moyens de lutter contre la corruption et de prot\u00e9ger les droits des citoyens, fragilis\u00e9s quotidiennement par les effets des politiques \u00e9conomiques.<\/p>\n<p>Le tribunal correctionnel d&#8217;Igoumenitsa a ainsi publi\u00e9 le 15 janvier 2013 une d\u00e9cision fond\u00e9e sur l&#8217;\u00e9tat de n\u00e9cessit\u00e9, conduisant \u00e0 l&#8217;acquittement de quinze personnes \u00e9vad\u00e9es alors qu\u2019elles se trouvaient d\u00e9tenues dans des conditions jug\u00e9es d\u00e9gradantes [[<a href=\"http:\/\/revdh.org\/2013\/01\/15\/droits-des-detenus-grec-acquittement-evasion-conditions-de-detention\/\">http:\/\/revdh.org<\/a>.]].<\/p>\n<p>Les magistrats mobilisent les outils \u00e0 leur port\u00e9e\u00a0: en gr\u00e8ve depuis des mois alors que ce droit ne leur est pas constitutionnellement reconnu, ils se heurtent \u00e0 une fin de non-recevoir du gouvernement, et en appellent \u00e0 la coop\u00e9ration internationale pour faire entendre leurs revendications. Les institutions europ\u00e9ennes font la sourde oreille mais l&#8217;association des Magistrats Europ\u00e9ens pour la D\u00e9mocratie Et les Libert\u00e9s (Medel) s&#8217;est, quant \u00e0 elle, <a href=\"http:\/\/www.medelnet.org\/index.php?option=com_content&#038;view=article&#038;id=188%3Amedel-support-for-the-greek-judges-and-prosecutors&#038;catid=57%3Aeurope&#038;Itemid=179&#038;lang=fr\">prononc\u00e9e<\/a> en solidarit\u00e9.<br \/>\nGeorges Almpouras, pr\u00e9sident du Tribunal de premi\u00e8re instance de Karpenisi, invit\u00e9 au dernier congr\u00e8s du Syndicat de la Magistrature \u00e0 Paris a point\u00e9 ces difficult\u00e9s (voir la vid\u00e9o ci-dessous).<\/p>\n<p><iframe loading=\"lazy\" width=\"460\" height=\"259\" src=\"http:\/\/www.youtube.com\/embed\/hxg2rmD_JcY?rel=0\" frameborder=\"0\" allowfullscreen><\/iframe><br clear=\"all\"><\/p>\n<p>Des recours sont toujours pendants contre les deuxi\u00e8me et troisi\u00e8me memoranda\u2026 On comprendra les r\u00e9ticences de l&#8217;ex\u00e9cutif \u00e0 aborder le sujet sensible de l&#8217;ind\u00e9pendance de la justice. Une journ\u00e9e nationale de gr\u00e8ve g\u00e9n\u00e9rale contre les plans d&#8217;aust\u00e9rit\u00e9 est d\u00e9cr\u00e9t\u00e9e pour le lendemain de son voyage, Fran\u00e7ois Hollande, lui, sera d\u00e9j\u00e0 reparti.<\/p>\n","protected":false},"excerpt":{"rendered":"<p>Le totem \u00e9conomique Fran\u00e7ois Hollande, pr\u00e9sident de la R\u00e9publique fran\u00e7aise, s&#8217;est rendu accompagn\u00e9 d&#8217;une cohorte d&#8217;hommes d&#8217;affaires mardi 19 f\u00e9vrier \u00e0 Ath\u00e8nes \u00e0 l&#8217;invitation du Premier ministre grec Antonis Samaras. Le d\u00e9placement, qui a dur\u00e9 6 heures, n&#8217;a suscit\u00e9 qu&#8217;une relative indiff\u00e9rence et a tr\u00e8s peu \u00e9t\u00e9 relay\u00e9 par les m\u00e9dias, suite \u00e0 un appel [&hellip;]<\/p>\n","protected":false},"author":1,"featured_media":0,"comment_status":"open","ping_status":"open","sticky":false,"template":"","format":"standard","meta":{"_themeisle_gutenberg_block_has_review":false,"footnotes":""},"categories":[157],"tags":[420],"class_list":["post-6269","post","type-post","status-publish","format-standard","hentry","category-web","tag-grece"],"_links":{"self":[{"href":"https:\/\/archives.regards.fr\/index.php?rest_route=\/wp\/v2\/posts\/6269","targetHints":{"allow":["GET"]}}],"collection":[{"href":"https:\/\/archives.regards.fr\/index.php?rest_route=\/wp\/v2\/posts"}],"about":[{"href":"https:\/\/archives.regards.fr\/index.php?rest_route=\/wp\/v2\/types\/post"}],"author":[{"embeddable":true,"href":"https:\/\/archives.regards.fr\/index.php?rest_route=\/wp\/v2\/users\/1"}],"replies":[{"embeddable":true,"href":"https:\/\/archives.regards.fr\/index.php?rest_route=%2Fwp%2Fv2%2Fcomments&post=6269"}],"version-history":[{"count":0,"href":"https:\/\/archives.regards.fr\/index.php?rest_route=\/wp\/v2\/posts\/6269\/revisions"}],"wp:attachment":[{"href":"https:\/\/archives.regards.fr\/index.php?rest_route=%2Fwp%2Fv2%2Fmedia&parent=6269"}],"wp:term":[{"taxonomy":"category","embeddable":true,"href":"https:\/\/archives.regards.fr\/index.php?rest_route=%2Fwp%2Fv2%2Fcategories&post=6269"},{"taxonomy":"post_tag","embeddable":true,"href":"https:\/\/archives.regards.fr\/index.php?rest_route=%2Fwp%2Fv2%2Ftags&post=6269"}],"curies":[{"name":"wp","href":"https:\/\/api.w.org\/{rel}","templated":true}]}}