{"id":6267,"date":"2013-02-19T09:20:20","date_gmt":"2013-02-19T08:20:20","guid":{"rendered":"https:\/\/wp.muchomaas.com\/quand-lyon-se-leve-contre-l6267\/"},"modified":"2013-02-19T09:20:20","modified_gmt":"2013-02-19T08:20:20","slug":"quand-lyon-se-leve-contre-l6267","status":"publish","type":"post","link":"https:\/\/archives.regards.fr\/?p=6267","title":{"rendered":"Quand Lyon se l\u00e8ve contre l&#8217;extr\u00e9misme de droite"},"content":{"rendered":"<p class=\"post_excerpt\">Les Lyonnais ont dit non \u00e0 la pr\u00e9sence de l&#8217;extr\u00eame-droite radicale dans son quartier historique. En cause, un local des Identitaires et la multiplication des agressions. Le mouvement a rassembl\u00e9 bien au-del\u00e0 de l&#8217;extr\u00eame-gauche.<\/p>\n<p><em>\u00ab\u00a0Fermez le local ! Arr\u00eatez les ratonnades\u00a0\u00bb<\/em>, <em>\u00ab\u00a0pas de fachos dans les quartiers, pas de quartiers pour les fachos\u00a0\u00bb<\/em>, criait la foule lors de la manifestation samedi pour exiger la fermeture de <a href=\"http:\/\/www.lyonlemelhor.org\/la-traboule\/\">La Traboule<\/a>, le local et si\u00e8ge national de G\u00e9n\u00e9ration Identitaire. La Traboule a ouvert ses portes en octobre 2010 en plein centre historique, dans le Vieux-Lyon. Ils \u00e9taient 1800 selon la police, 3000 selon les organisateurs, le <a href=\"http:\/\/collectifvigilance69.over-blog.com\/\">collectif de vigilance 69 contre l&#8217;extr\u00eame-droite<\/a>, \u00e0 s&#8217;opposer aux provocations de l&#8217;extr\u00eame-droite. Selon le collectif, les agressions seraient en augmentation depuis l&#8217;\u00e9tablissement de ce mouvement ethno-r\u00e9gionaliste et anti-musulman dans le quartier. <\/p>\n<p>Si les musulmans sont pris pour cibles, les personnes identifi\u00e9es comme de gauche le sont tout autant. Vigilance 69 rapporte ainsi qu&#8217;un jeune s&#8217;est fait rouer de coups en f\u00e9vrier \u00e0 quinze contre un alors qu&#8217;il essayait de retirer des autocollants de G\u00e9n\u00e9ration identitaire. En juillet 2011, un bar \u00e0 chicha est saccag\u00e9. A l&#8217;int\u00e9rieur on pouvait lire des inscriptions comme <em>\u00ab Hitler n\u2019a pas fini le travail \u00bb<\/em>. Les habitants gardent en m\u00e9moire les vitrines de restaurants kebab bris\u00e9es lors d&#8217;une marche pour <em>\u00ab la libert\u00e9 d&#8217;expression \u00bb<\/em> en mai 2011 (l&#8217;intitul\u00e9 <em>\u00ab\u00a0marche des cochons\u00a0\u00bb<\/em> avait \u00e9t\u00e9 interdit). Et la liste pourrait largement s&#8217;allonger&#8230; <\/p>\n<h2>Vieux-Lyon\u00a0: territoire de toute l&#8217;extr\u00eame-droite<\/h2>\n<p>Depuis La Traboule o\u00f9 tr\u00f4ne un casque de l\u00e9gionnaire sur une chemin\u00e9e m\u00e9di\u00e9vale, le porte-parole de G\u00e9n\u00e9ration Identitaire, Damien Rieu r\u00e9cuse toute responsabilit\u00e9. Pourtant les Identitaires sont point\u00e9s du doigt par la justice. Par exemple, le secr\u00e9taire de l\u2019association \u00ab Les Petits Lyonnais \u00bb, vitrine culturelle de G\u00e9n\u00e9ration identitaire, a \u00e9t\u00e9 condamn\u00e9 \u00e0 5 mois ferme, pour avoir agress\u00e9 deux personnes en avril 2011. <\/p>\n<p>Ces actions violentes ne sont pas du seul fait des adh\u00e9rents de La Traboule. C&#8217;est toute l&#8217;extr\u00eame-droite qui a ses habitudes dans le Vieux-Lyon et elle marque son territoire. La ville est un laboratoire national pour toutes ces mouvances\u00a0: vir\u00e9 du Front National pour des photos de lui effectuant des saluts nazis, Alexandre Gabriac fonde \u00e0 Lyon en octobre 2011 les Jeunesses nationalistes. Il \u00e9tait pr\u00e9sent ce m\u00eame samedi au XVe \u00ab\u00a0Forum de la nation\u00a0\u00bb dans l&#8217;agglom\u00e9ration lyonnaise o\u00f9 \u00e9tait invit\u00e9 la p\u00e9tainiste Oeuvre fran\u00e7aise, des n\u00e9gationnistes ou encore les Allemands du NPD.<\/p>\n<p><strong><em>Un mouvement rassembleur<br \/>\n<\/strong><\/em><\/p>\n<p>La manifestation est parvenue \u00e0 rassembler un public divers \u00e0 l&#8217;image du collectif Vigilance. Si les anarchistes \u00e9taient nombreux, des \u00e9lus socialistes et du Front de gauche marchaient au premier rang, des membres de SOS Racisme suivaient tout comme des employ\u00e9s et responsables de MJC, des habitants et commer\u00e7ants du quartier. <\/p>\n<p>Tout en reconnaissant <em>\u00ab\u00a0le travail des anarchistes\u00a0\u00bb<\/em>, le Conseiller r\u00e9gional Gauche unitaire, Armand Creus tient \u00e0 ce que ne soit pas <em>\u00ab\u00a0un combat extr\u00eame-droite contre extr\u00eame-gauche mais d\u00e9mocratie contre totalitarisme\u00a0\u00bb<\/em>.\u00a0<em>\u00ab\u00a0Nous retrouverons les socialistes lors des luttes sociales mais pour l&#8217;instant la priorit\u00e9 est de pouvoir manifester sans les nervis fascistes\u00a0\u00bb<\/em>, explique l&#8217;anarchiste David qui a lui-m\u00eame re\u00e7u un tesson de bouteilles sur le cr\u00e2ne en mars 2010 alors qu&#8217;il sortait d&#8217;un bouchon lyonnais (13 point de sutures).<\/p>\n<p>Au passage du d\u00e9fil\u00e9 aux abords du quartier Saint-Jean, quartier o\u00f9 se trouve le local, la tension est palpable. Deux jeunes font des saluts nazis \u00e0 l&#8217;adresse des manifestants. Sur les marches menant \u00e0 leur local les jeunes identitaires regardaient le d\u00e9fil\u00e9 en mettant en \u00e9vidence le drapeau de Lyon. Malgr\u00e9 ces provocations aucun incident n&#8217;est \u00e0 signaler. Une autre victoire pour le collectif.<\/p>\n","protected":false},"excerpt":{"rendered":"<p>Les Lyonnais ont dit non \u00e0 la pr\u00e9sence de l&#8217;extr\u00eame-droite radicale dans son quartier historique. En cause, un local des Identitaires et la multiplication des agressions. Le mouvement a rassembl\u00e9 bien au-del\u00e0 de l&#8217;extr\u00eame-gauche.<\/p>\n","protected":false},"author":1,"featured_media":0,"comment_status":"open","ping_status":"open","sticky":false,"template":"","format":"standard","meta":{"_themeisle_gutenberg_block_has_review":false,"footnotes":""},"categories":[157],"tags":[355],"class_list":["post-6267","post","type-post","status-publish","format-standard","hentry","category-web","tag-extreme-droite"],"_links":{"self":[{"href":"https:\/\/archives.regards.fr\/index.php?rest_route=\/wp\/v2\/posts\/6267","targetHints":{"allow":["GET"]}}],"collection":[{"href":"https:\/\/archives.regards.fr\/index.php?rest_route=\/wp\/v2\/posts"}],"about":[{"href":"https:\/\/archives.regards.fr\/index.php?rest_route=\/wp\/v2\/types\/post"}],"author":[{"embeddable":true,"href":"https:\/\/archives.regards.fr\/index.php?rest_route=\/wp\/v2\/users\/1"}],"replies":[{"embeddable":true,"href":"https:\/\/archives.regards.fr\/index.php?rest_route=%2Fwp%2Fv2%2Fcomments&post=6267"}],"version-history":[{"count":0,"href":"https:\/\/archives.regards.fr\/index.php?rest_route=\/wp\/v2\/posts\/6267\/revisions"}],"wp:attachment":[{"href":"https:\/\/archives.regards.fr\/index.php?rest_route=%2Fwp%2Fv2%2Fmedia&parent=6267"}],"wp:term":[{"taxonomy":"category","embeddable":true,"href":"https:\/\/archives.regards.fr\/index.php?rest_route=%2Fwp%2Fv2%2Fcategories&post=6267"},{"taxonomy":"post_tag","embeddable":true,"href":"https:\/\/archives.regards.fr\/index.php?rest_route=%2Fwp%2Fv2%2Ftags&post=6267"}],"curies":[{"name":"wp","href":"https:\/\/api.w.org\/{rel}","templated":true}]}}