{"id":6227,"date":"2013-02-07T15:38:00","date_gmt":"2013-02-07T14:38:00","guid":{"rendered":"https:\/\/wp.muchomaas.com\/the-angry-cats-neo-rockabilly-from6227\/"},"modified":"2023-06-23T23:13:37","modified_gmt":"2023-06-23T21:13:37","slug":"the-angry-cats-neo-rockabilly-from6227","status":"publish","type":"post","link":"https:\/\/archives.regards.fr\/?p=6227","title":{"rendered":"\u00ab\u00a0The Angry Cats\u00a0\u00bb, neo-rockabilly from Paris"},"content":{"rendered":"<p>Le rockabilly n\u2019est jamais vraiment mort. Depuis les premi\u00e8res saillies d\u2019Eddie Cochran et de Carl Perkins (le jumeau maudit d\u2019Elvis Presley chez Sun records), cette forme brutale et s\u00e9minale du rock\u2019n\u2019roll, versant blanc et \u00ab\u00a0white trash\u00a0\u00bb  (dans la continuit\u00e9 du hillbilly, interpr\u00e9tation prolo de la country), a continu\u00e9 \u00e0 hanter de mani\u00e8re r\u00e9currente les couloirs du ch\u00e2teau hant\u00e9 de la musique populaire. R\u00e9guli\u00e8rement des groupes reviennent donc jouer aux fant\u00f4mes \u00e0 rouflaquettes, banane gomin\u00e9e et chemise noire satin\u00e9e, souvent en provenance de la perfide Albion (qui se souvient de Crazy Cavan, h\u00e9ros des Teddy boys et autres rockeurs anti-mods). Nous avons ensuite eu droit aux Stray Cats, puis d\u00e9barqu\u00e8rent les \u00ab\u00a0psychos\u00a0\u00bb dans le sillage des M\u00e9t\u00e9ors qui y inject\u00e8rent le m\u00e9tal urbain du punk. Aujourd\u2019hui les Angry Cats s\u2019inscrivent dans cette veine du \u00ab\u00a0make it new\u00a0\u00bb (faire du neuf avec du vieux) et sortent leur premier ep (cd 4 titres), avec exclusivement des compos persos (ce qui est plut\u00f4t rare dans une sc\u00e8ne qui cultive la nostalgie et l\u2019art &#8211; souvent plaisant &#8211; de la reprise). Emmen\u00e9 par Fred Alpi, habituellement plus connu pour sa folk militante (autre singularit\u00e9 dans un milieu travaill\u00e9 parfois par de sombres passions r\u00e9acs), le combo d\u00e9livre une prestation carr\u00e9e et enflamm\u00e9e des plus convaincantes. En attendant de v\u00e9rifier la bonne surprise sur la longueur d\u2019un album, \u00e0 ne pas rater sur sc\u00e8ne. <\/p>\n<p><iframe loading=\"lazy\" width=\"460\" height=\"259\" src=\"http:\/\/www.youtube.com\/embed\/cQnGen6xI1w?rel=0\" frameborder=\"0\" allowfullscreen><\/iframe><\/p>\n<p><a href=\"http:\/\/www.theangrycats.com\/\">www.theangrycats.com<\/a><div id='gallery-1' class='gallery galleryid-6227 gallery-columns-3 gallery-size-thumbnail'><figure class='gallery-item'>\n\t\t\t<div class='gallery-icon landscape'>\n\t\t\t\t<a href='https:\/\/archives.regards.fr\/wp-content\/uploads\/2013\/02\/stacks_image_36-2cc.jpg'><img loading=\"lazy\" decoding=\"async\" width=\"150\" height=\"150\" src=\"https:\/\/archives.regards.fr\/wp-content\/uploads\/2013\/02\/stacks_image_36-2cc-150x150.jpg\" class=\"attachment-thumbnail size-thumbnail\" alt=\"stacks_image_36.jpg\" srcset=\"https:\/\/archives.regards.fr\/wp-content\/uploads\/2013\/02\/stacks_image_36-2cc-150x150.jpg 150w, https:\/\/archives.regards.fr\/wp-content\/uploads\/2013\/02\/stacks_image_36-2cc-300x300.jpg 300w, https:\/\/archives.regards.fr\/wp-content\/uploads\/2013\/02\/stacks_image_36-2cc.jpg 500w\" sizes=\"auto, (max-width: 150px) 100vw, 150px\" \/><\/a>\n\t\t\t<\/div><\/figure>\n\t\t<\/div>\n<\/p>\n","protected":false},"excerpt":{"rendered":"<p>Le rockabilly n\u2019est jamais vraiment mort. Depuis les premi\u00e8res saillies d\u2019Eddie Cochran et de Carl Perkins (le jumeau maudit d\u2019Elvis Presley chez Sun records), cette forme brutale et s\u00e9minale du rock\u2019n\u2019roll, versant blanc et \u00ab\u00a0white trash\u00a0\u00bb (dans la continuit\u00e9 du hillbilly, interpr\u00e9tation prolo de la country), a continu\u00e9 \u00e0 hanter de mani\u00e8re r\u00e9currente les couloirs [&hellip;]<\/p>\n","protected":false},"author":579,"featured_media":17753,"comment_status":"open","ping_status":"open","sticky":false,"template":"","format":"standard","meta":{"_themeisle_gutenberg_block_has_review":false,"footnotes":""},"categories":[111],"tags":[446],"class_list":["post-6227","post","type-post","status-publish","format-standard","has-post-thumbnail","hentry","category-nos-selections","tag-concert"],"_links":{"self":[{"href":"https:\/\/archives.regards.fr\/index.php?rest_route=\/wp\/v2\/posts\/6227","targetHints":{"allow":["GET"]}}],"collection":[{"href":"https:\/\/archives.regards.fr\/index.php?rest_route=\/wp\/v2\/posts"}],"about":[{"href":"https:\/\/archives.regards.fr\/index.php?rest_route=\/wp\/v2\/types\/post"}],"author":[{"embeddable":true,"href":"https:\/\/archives.regards.fr\/index.php?rest_route=\/wp\/v2\/users\/579"}],"replies":[{"embeddable":true,"href":"https:\/\/archives.regards.fr\/index.php?rest_route=%2Fwp%2Fv2%2Fcomments&post=6227"}],"version-history":[{"count":0,"href":"https:\/\/archives.regards.fr\/index.php?rest_route=\/wp\/v2\/posts\/6227\/revisions"}],"wp:featuredmedia":[{"embeddable":true,"href":"https:\/\/archives.regards.fr\/index.php?rest_route=\/wp\/v2\/media\/17753"}],"wp:attachment":[{"href":"https:\/\/archives.regards.fr\/index.php?rest_route=%2Fwp%2Fv2%2Fmedia&parent=6227"}],"wp:term":[{"taxonomy":"category","embeddable":true,"href":"https:\/\/archives.regards.fr\/index.php?rest_route=%2Fwp%2Fv2%2Fcategories&post=6227"},{"taxonomy":"post_tag","embeddable":true,"href":"https:\/\/archives.regards.fr\/index.php?rest_route=%2Fwp%2Fv2%2Ftags&post=6227"}],"curies":[{"name":"wp","href":"https:\/\/api.w.org\/{rel}","templated":true}]}}