{"id":6218,"date":"2013-02-06T15:51:01","date_gmt":"2013-02-06T14:51:01","guid":{"rendered":"https:\/\/wp.muchomaas.com\/celine-coupe-en-deux6218\/"},"modified":"2013-02-06T15:51:01","modified_gmt":"2013-02-06T14:51:01","slug":"celine-coupe-en-deux6218","status":"publish","type":"post","link":"https:\/\/archives.regards.fr\/?p=6218","title":{"rendered":"C\u00e9line coup\u00e9 en deux"},"content":{"rendered":"<p class=\"post_excerpt\">d&#8217;Eug\u00e8ne Saccomano<\/p>\n<p>Derri\u00e8re le journaliste sportif Eug\u00e8ne Saccomano, ex-animateur de \u00ab\u00a0On refait le match\u00a0\u00bb, ce \u00ab\u00a0Masque et la plume\u00a0\u00bb du ballon rond, se cache un c\u00e9linien \u00e9hont\u00e9. Et il fallait l\u2019\u00eatre pour se risquer dans une fiction biographique, un \u00ab\u00a0roman vrai\u00a0\u00bb sur l\u2019auteur de <em>Mort \u00e0 cr\u00e9dit<\/em>. Avec une th\u00e9orie\u00a0: il y a deux C\u00e9line (d\u2019o\u00f9 le titre)\u00a0: celui d\u2019avant 1937, bel homme, dandy, jouisseur (Saccamano se d\u00e9lecte dans les sc\u00e8nes de cul). Et celui d\u2019apr\u00e8s, clochardis\u00e9 et monogame. Mais peu ou pas d\u2019explication sur cette rupture\u00a0: cela reste un roman, pas un essai. <\/p>\n<p>Avec, aussi, de la mauvaise foi\u00a0: la soi-disant rencontre en 1943 entre Sartre et C\u00e9line, que Saccomano, en bon c\u00e9linien, raconte en se pin\u00e7ant le nez, avec un pur d\u00e9go\u00fbt pour le premier. Carton rouge.<\/p>\n<p>Enfin, et c\u2019est sans doute le mieux, avec un style qui, sans \u00eatre effront\u00e9ment c\u00e9linien, fort heureusement, lui emprunte n\u00e9anmoins un rythme, une \u00e9motion et une admiration de bon lecteur.<br \/>\nBut\u00a0!!!!!!!<\/p>\n<p><em>C\u00e9line coup\u00e9 en deux<\/em> d&#8217;Eug\u00e8ne Saccomano, Le Castor Astral, 202 pages, 15 euros.<\/p>\n","protected":false},"excerpt":{"rendered":"<p>d&#8217;Eug\u00e8ne Saccomano<\/p>\n","protected":false},"author":1,"featured_media":17737,"comment_status":"open","ping_status":"open","sticky":false,"template":"","format":"standard","meta":{"_themeisle_gutenberg_block_has_review":false,"footnotes":""},"categories":[111],"tags":[353],"class_list":["post-6218","post","type-post","status-publish","format-standard","has-post-thumbnail","hentry","category-nos-selections","tag-litterature"],"_links":{"self":[{"href":"https:\/\/archives.regards.fr\/index.php?rest_route=\/wp\/v2\/posts\/6218","targetHints":{"allow":["GET"]}}],"collection":[{"href":"https:\/\/archives.regards.fr\/index.php?rest_route=\/wp\/v2\/posts"}],"about":[{"href":"https:\/\/archives.regards.fr\/index.php?rest_route=\/wp\/v2\/types\/post"}],"author":[{"embeddable":true,"href":"https:\/\/archives.regards.fr\/index.php?rest_route=\/wp\/v2\/users\/1"}],"replies":[{"embeddable":true,"href":"https:\/\/archives.regards.fr\/index.php?rest_route=%2Fwp%2Fv2%2Fcomments&post=6218"}],"version-history":[{"count":0,"href":"https:\/\/archives.regards.fr\/index.php?rest_route=\/wp\/v2\/posts\/6218\/revisions"}],"wp:featuredmedia":[{"embeddable":true,"href":"https:\/\/archives.regards.fr\/index.php?rest_route=\/wp\/v2\/media\/17737"}],"wp:attachment":[{"href":"https:\/\/archives.regards.fr\/index.php?rest_route=%2Fwp%2Fv2%2Fmedia&parent=6218"}],"wp:term":[{"taxonomy":"category","embeddable":true,"href":"https:\/\/archives.regards.fr\/index.php?rest_route=%2Fwp%2Fv2%2Fcategories&post=6218"},{"taxonomy":"post_tag","embeddable":true,"href":"https:\/\/archives.regards.fr\/index.php?rest_route=%2Fwp%2Fv2%2Ftags&post=6218"}],"curies":[{"name":"wp","href":"https:\/\/api.w.org\/{rel}","templated":true}]}}