{"id":6214,"date":"2013-01-05T23:00:00","date_gmt":"2013-01-05T22:00:00","guid":{"rendered":"https:\/\/wp.muchomaas.com\/pcf-grand-retour-ou-metamorphose6214\/"},"modified":"2023-06-23T23:13:35","modified_gmt":"2023-06-23T21:13:35","slug":"pcf-grand-retour-ou-metamorphose6214","status":"publish","type":"post","link":"https:\/\/archives.regards.fr\/?p=6214","title":{"rendered":"PCF, grand retour ou m\u00e9tamorphose ?"},"content":{"rendered":"<p class=\"post_excerpt\">Ressuscit\u00e9 de ses cendres, le PCF est aujourd\u2019hui \u00e0 la crois\u00e9e<br \/>\ndes chemins, celui du \u00abretour\u00bb ou celui de la \u00abr\u00e9forme\u00bb. Lequel<br \/>\nempruntera-t-il? Tout d\u00e9pendra de l\u2019\u00e9toile qui le guide\u2026<\/p>\n<p>Le 36e Congr\u00e8s du PCF est<br \/>\napparemment un congr\u00e8s<br \/>\nsans histoire. Le texte<br \/>\nqui sert de base \u00e0 la discussion<br \/>\n\u2013 la \u00ab base commune<br \/>\n\u00bb, dans le langage communiste<br \/>\n\u2013 a \u00e9t\u00e9 adopt\u00e9 par pr\u00e8s de trois quarts<br \/>\ndes 34 000 votants. Les trois textes<br \/>\n\u00ab alternatifs \u00bb, les plus attach\u00e9s \u00e0 l\u2019affirmation<br \/>\nintransigeante de \u00ab l\u2019identit\u00e9 \u00bb<br \/>\ncommuniste, se sont partag\u00e9s un peu<br \/>\nplus d\u2019un quart des suffrages restants,<br \/>\nalors qu\u2019ils en avaient recueilli pr\u00e8s de<br \/>\n40 % au 34e Congr\u00e8s de 2008. Il est \u00e0<br \/>\nnoter encore que, en juin 2011, Andr\u00e9<br \/>\nChassaigne et Emmanuel Dang Tran<br \/>\navaient \u00e9t\u00e9 choisis eux aussi \u00e0 40 %,<br \/>\nde pr\u00e9f\u00e9rence \u00e0 Jean-Luc M\u00e9lenchon<br \/>\npropos\u00e9 par la direction pour porter<br \/>\nles couleurs du Front de gauche \u00e0 la<br \/>\npr\u00e9sidentielle \u00e0 venir. Les courants<br \/>\n\u00ab orthodoxes \u00bb restent cantonn\u00e9s \u00e0<br \/>\nce seuil des 25 % qui constitue leur<br \/>\nmoyenne de la d\u00e9cennie pr\u00e9c\u00e9dente.<br \/>\nLa strat\u00e9gie du Front de gauche est<br \/>\nainsi sortie confort\u00e9e de la s\u00e9quence<br \/>\n\u00e9lectorale de 2012.<\/p>\n<p>Manifestement, le PC entend faire<br \/>\nentendre sa voix sp\u00e9cifique dans le<br \/>\nconcert de la gauche de gauche. Depuis<br \/>\nquelques mois, en effet, il s\u2019efforce d\u2019affirmer<br \/>\nson point de vue, sur un aspect<br \/>\nnotamment. Alors que Jean-Luc M\u00e9lenchon<br \/>\net ses amis font plut\u00f4t le pari d\u2019un<br \/>\nenfermement d\u00e9finitif du socialisme<br \/>\nfran\u00e7ais dans la logique sociale-lib\u00e9rale<br \/>\n\u00e0 l\u2019anglo-saxonne, les responsables<br \/>\ncommunistes insistent sur l\u2019existence,<br \/>\nau sein du PS, d\u2019une opposition persistante<br \/>\n\u00e0 cette ligne de recentrage global.<br \/>\nSans doute, la n\u00e9cessit\u00e9 pour les communistes<br \/>\nde pr\u00e9server leur patrimoine<br \/>\nlocal pousse-t-elle \u00e0 une plus grande<br \/>\nprudence dans la mani\u00e8re de s\u2019opposer<br \/>\n\u00e0 la nouvelle logique socialiste incarn\u00e9e<br \/>\npar le tandem Hollande-Ayrault. Mais<br \/>\nl\u2019int\u00e9r\u00eat partisan imm\u00e9diat n\u2019est pas le<br \/>\nseul facteur explicatif. Le PC n\u2019a pas<br \/>\noubli\u00e9 une vieille tradition, qui remonte<br \/>\nau milieu des ann\u00e9es 1930 et qui associe<br \/>\nl\u2019affirmation identitaire et le projet<br \/>\nde vastes rassemblements potentiellement<br \/>\nmajoritaires. Un socialisme d\u00e9finitivement<br \/>\npass\u00e9 \u00e0 droite : cela ne fait pas partie de la culture communiste\u2026<br \/>\nPar ailleurs, l\u2019encadrement du parti reste<br \/>\n\u00e9chaud\u00e9 par l\u2019\u00e9chec des tentations de<br \/>\n\u00ab faire la diff\u00e9rence \u00bb, qui domin\u00e8rent le<br \/>\nPCF apr\u00e8s 1977 (et la fin du programme<br \/>\ncommun) et apr\u00e8s 1984 (quand les communistes<br \/>\nont quitt\u00e9 le gouvernement). En<br \/>\nbref, les communistes ne sont pas pr\u00eats<br \/>\n\u00e0 tabler sur une \u00ab insurrection \u00bb montante<br \/>\net sur un basculement in\u00e9vitable<br \/>\nde dominante entre le Front de gauche<br \/>\net le PS. Dans les faits, par-del\u00e0 l\u2019abstention<br \/>\ntactique de ses \u00e9lus nationaux sur<br \/>\nle budget, le PCF est entr\u00e9 dans l\u2019opposition<br \/>\naux choix fondamentaux du pouvoir<br \/>\nsocialiste. Il exercera toutefois cette<br \/>\nfonction \u00e0 sa mani\u00e8re\u2026<\/p>\n<h2>Deux d\u00e9bats sous-jacents<\/h2>\n<p>Le d\u00e9part des \u00ab communistes unitaires \u00bb<br \/>\nen 2010 a modifi\u00e9 les \u00e9quilibres du d\u00e9bat<br \/>\ninterne. Depuis 2008, les partisans d\u2019une<br \/>\n\u00ab m\u00e9tamorphose \u00bb du PCF (Marie-Pierre<br \/>\nVieu) se sont int\u00e9gr\u00e9s dans la nouvelle<br \/>\nmajorit\u00e9 regroup\u00e9e autour de Pierre Laurent,<br \/>\nde m\u00eame que les anciens \u00ab marchaisiens<br \/>\n\u00bb qui se d\u00e9signaient comme<br \/>\nles \u00ab novateurs \u00bb (Nicolas Marchand).<br \/>\nLa seule opposition officielle est donc<br \/>\ncelle des plus \u00ab identitaires \u00bb, alors que<br \/>\nles joutes des ann\u00e9es 2000 opposaient<br \/>\nvolontiers les \u00ab orthodoxes \u00bb et les \u00ab refondateurs<br \/>\n\u00bb. Le consensus interne est-il<br \/>\nd\u00e9sormais trouv\u00e9 ?<\/p>\n<p>En fait, deux grands d\u00e9bats restent sousjacents<br \/>\ndans l\u2019actif communiste, m\u00eame<br \/>\ns\u2019ils sont faiblement explicit\u00e9s. Le premier<br \/>\nse rapproche de celui qui a anim\u00e9<br \/>\nl\u2019organisation communiste apr\u00e8s 2005 :<br \/>\n\u00e0 cette \u00e9poque, la direction communiste<br \/>\navait estim\u00e9 que la place occup\u00e9e par les<br \/>\nmilitants communistes, dans la victoire du<br \/>\nNon au r\u00e9f\u00e9rendum constitutionnel europ\u00e9en,<br \/>\nredonnait au PCF la premi\u00e8re place<br \/>\nau sein de la gauche de gauche. De cette<br \/>\nconviction alors in\u00e9branlable est issue la<br \/>\nd\u00e9sastreuse candidature communiste<br \/>\n\u00e0 l\u2019\u00e9lection pr\u00e9sidentielle de 2007. Le<br \/>\nPCF d\u2019aujourd\u2019hui va-t-il tirer, de la m\u00eame<br \/>\nmani\u00e8re, la conviction que la dynamique<br \/>\nprometteuse du Front de gauche le remet<br \/>\nen selle, comme aux plus beaux jours ? \u00c0<br \/>\nsuivre certains propos, \u00e0 \u00e9couter certains<br \/>\naccents, on pourrait penser qu\u2019une partie<br \/>\nde l\u2019appareil et des militants veut croire<br \/>\nque le balancier de l\u2019histoire est en train<br \/>\nde revenir du bon c\u00f4t\u00e9 : apr\u00e8s la longue<br \/>\nd\u00e9pression produite par la crise du sovi\u00e9tisme,<br \/>\nle temps serait revenu d\u2019une<br \/>\naffirmation communiste retrouvant les mots, les signes et les r\u00e9flexes des<br \/>\np\u00e9riodes expansives d\u2019antan.<\/p>\n<p>Le second d\u00e9bat est plus explicite (Cf.<br \/>\narticle ci-contre) et rejoint le premier sur<br \/>\nla th\u00e9matique du \u00ab grand retour \u00bb. Dans<br \/>\nl\u2019espace communiste, beaucoup ont eu<br \/>\ndu mal \u00e0 admettre, \u00e0 partir des ann\u00e9es<br \/>\n1970, que la lutte des classes pouvait<br \/>\nemprunter d\u2019autres chemins que ceux<br \/>\ndu combat salarial classique. La mont\u00e9e<br \/>\ndes \u00ab nouveaux mouvements sociaux \u00bb<br \/>\n(ann\u00e9es 1970), puis celle du \u00ab mouvement<br \/>\nsocial \u00bb (ann\u00e9es 1990) ont d\u00e9sar\u00e7onn\u00e9<br \/>\net irrit\u00e9 \u00e0 l\u2019\u00e9poque, d\u2019autant plus<br \/>\nque les vieux concurrents du socialisme<br \/>\net de l\u2019extr\u00eame gauche ont fait leur miel<br \/>\nde ces nouvelles conflictualit\u00e9s. En relan\u00e7ant<br \/>\nla question \u00ab sociale \u00bb classique<br \/>\n(\u00e0 base salariale), la crise peut donner<br \/>\naujourd\u2019hui l\u2019impression que les pendules<br \/>\nse remettent \u00e0 l\u2019heure et que la pouss\u00e9e<br \/>\ndu \u00ab soci\u00e9tal \u00bb n\u2019\u00e9tait rien d\u2019autre que la<br \/>\ncapitulation de l\u2019esprit de classe. Finies<br \/>\nles \u00ab petites fleurs \u00bb, comme s\u2019en gaussait<br \/>\nun haut responsable communiste d\u2019hier,<br \/>\nrevenons enfin au \u00ab hard social \u00bb\u2026<\/p>\n<p>Dans les deux d\u00e9bats, le ma\u00eetre mot dominant<br \/>\npourrait alors \u00eatre celui d\u2019un retour \u00e0<br \/>\nla case d\u00e9part. Avec des mots diff\u00e9rents<br \/>\npeut-\u00eatre, avec un rajeunissement de<br \/>\nl\u2019enveloppe et un rafra\u00eechissement des<br \/>\ncouleurs, mais sur la base d\u2019un retour aux<br \/>\n\u00ab fondamentaux \u00bb pr\u00e9tendument oubli\u00e9s.<br \/>\nSi cela \u00e9tait, l\u2019ouverture r\u00e9elle qui a accompagn\u00e9<br \/>\nle choix du Front de gauche,<br \/>\ns\u2019accompagnerait d\u2019un certain classicisme.<br \/>\nAu prix d\u2019une relative immobilit\u00e9 ?<div id='gallery-1' class='gallery galleryid-6214 gallery-columns-3 gallery-size-thumbnail'><figure class='gallery-item'>\n\t\t\t<div class='gallery-icon landscape'>\n\t\t\t\t<a href='https:\/\/archives.regards.fr\/wp-content\/uploads\/2013\/02\/pcf2-793.jpg'><img loading=\"lazy\" decoding=\"async\" width=\"150\" height=\"150\" src=\"https:\/\/archives.regards.fr\/wp-content\/uploads\/2013\/02\/pcf2-793-150x150.jpg\" class=\"attachment-thumbnail size-thumbnail\" alt=\"pcf2.jpg\" \/><\/a>\n\t\t\t<\/div><\/figure>\n\t\t<\/div>\n<\/p>\n","protected":false},"excerpt":{"rendered":"<p>Ressuscit\u00e9 de ses cendres, le PCF est aujourd\u2019hui \u00e0 la crois\u00e9e<br \/>\ndes chemins, celui du \u00abretour\u00bb ou celui de la \u00abr\u00e9forme\u00bb. Lequel<br \/>\nempruntera-t-il? Tout d\u00e9pendra de l\u2019\u00e9toile qui le guide\u2026<\/p>\n","protected":false},"author":328,"featured_media":17733,"comment_status":"open","ping_status":"open","sticky":false,"template":"","format":"standard","meta":{"_themeisle_gutenberg_block_has_review":false,"footnotes":""},"categories":[1],"tags":[406],"class_list":["post-6214","post","type-post","status-publish","format-standard","has-post-thumbnail","hentry","category-non-classe","tag-pcf"],"_links":{"self":[{"href":"https:\/\/archives.regards.fr\/index.php?rest_route=\/wp\/v2\/posts\/6214","targetHints":{"allow":["GET"]}}],"collection":[{"href":"https:\/\/archives.regards.fr\/index.php?rest_route=\/wp\/v2\/posts"}],"about":[{"href":"https:\/\/archives.regards.fr\/index.php?rest_route=\/wp\/v2\/types\/post"}],"author":[{"embeddable":true,"href":"https:\/\/archives.regards.fr\/index.php?rest_route=\/wp\/v2\/users\/328"}],"replies":[{"embeddable":true,"href":"https:\/\/archives.regards.fr\/index.php?rest_route=%2Fwp%2Fv2%2Fcomments&post=6214"}],"version-history":[{"count":0,"href":"https:\/\/archives.regards.fr\/index.php?rest_route=\/wp\/v2\/posts\/6214\/revisions"}],"wp:featuredmedia":[{"embeddable":true,"href":"https:\/\/archives.regards.fr\/index.php?rest_route=\/wp\/v2\/media\/17733"}],"wp:attachment":[{"href":"https:\/\/archives.regards.fr\/index.php?rest_route=%2Fwp%2Fv2%2Fmedia&parent=6214"}],"wp:term":[{"taxonomy":"category","embeddable":true,"href":"https:\/\/archives.regards.fr\/index.php?rest_route=%2Fwp%2Fv2%2Fcategories&post=6214"},{"taxonomy":"post_tag","embeddable":true,"href":"https:\/\/archives.regards.fr\/index.php?rest_route=%2Fwp%2Fv2%2Ftags&post=6214"}],"curies":[{"name":"wp","href":"https:\/\/api.w.org\/{rel}","templated":true}]}}