{"id":6212,"date":"2013-02-06T14:11:31","date_gmt":"2013-02-06T13:11:31","guid":{"rendered":"https:\/\/wp.muchomaas.com\/florange-l-acier-trompe6212\/"},"modified":"2013-02-06T14:11:31","modified_gmt":"2013-02-06T13:11:31","slug":"florange-l-acier-trompe6212","status":"publish","type":"post","link":"https:\/\/archives.regards.fr\/?p=6212","title":{"rendered":"Florange, l&#8217;acier tromp\u00e9"},"content":{"rendered":"<p class=\"post_excerpt\">docu sur Public S\u00e9nat<\/p>\n<p>De Gandrange \u00e0 Florange, des salari\u00e9s du site lorrain d&#8217;Arcelor Mittal sont devenus en 4 ans un symbole de volont\u00e9 et de r\u00e9sistance ouvri\u00e8re. Pour ce documentaire, Tristan Thil s&#8217;est plong\u00e9 dans le quotidien de la lutte des ouvriers d&#8217;Arcelor Mittal pour la sauvegarde des derniers hauts-fourneaux de Lorraine. Au coeur de la dimension humaine, il tourne depuis quatre ans, de Gandrange \u00e0 Florange, nouant des liens privil\u00e9gi\u00e9s avec les acteurs de cette trag\u00e9die sociale&#8230;<\/p>\n<p>Un documentaire de 52 minutes r\u00e9alis\u00e9 par Tristan Thil<\/p>\n<p><iframe loading=\"lazy\" width=\"460\" height=\"259\" src=\"http:\/\/www.youtube.com\/embed\/_wXwuedT-H4?rel=0\" frameborder=\"0\" allowfullscreen><\/iframe><\/p>\n<p><a href=\"http:\/\/bit.ly\/WOvTHD\">www.publicsenat.fr<\/a><\/p>\n","protected":false},"excerpt":{"rendered":"<p>docu sur Public S\u00e9nat<\/p>\n","protected":false},"author":643,"featured_media":17732,"comment_status":"open","ping_status":"open","sticky":false,"template":"","format":"standard","meta":{"_themeisle_gutenberg_block_has_review":false,"footnotes":""},"categories":[111],"tags":[434,437],"class_list":["post-6212","post","type-post","status-publish","format-standard","has-post-thumbnail","hentry","category-nos-selections","tag-documentaire","tag-florange"],"_links":{"self":[{"href":"https:\/\/archives.regards.fr\/index.php?rest_route=\/wp\/v2\/posts\/6212","targetHints":{"allow":["GET"]}}],"collection":[{"href":"https:\/\/archives.regards.fr\/index.php?rest_route=\/wp\/v2\/posts"}],"about":[{"href":"https:\/\/archives.regards.fr\/index.php?rest_route=\/wp\/v2\/types\/post"}],"author":[{"embeddable":true,"href":"https:\/\/archives.regards.fr\/index.php?rest_route=\/wp\/v2\/users\/643"}],"replies":[{"embeddable":true,"href":"https:\/\/archives.regards.fr\/index.php?rest_route=%2Fwp%2Fv2%2Fcomments&post=6212"}],"version-history":[{"count":0,"href":"https:\/\/archives.regards.fr\/index.php?rest_route=\/wp\/v2\/posts\/6212\/revisions"}],"wp:featuredmedia":[{"embeddable":true,"href":"https:\/\/archives.regards.fr\/index.php?rest_route=\/wp\/v2\/media\/17732"}],"wp:attachment":[{"href":"https:\/\/archives.regards.fr\/index.php?rest_route=%2Fwp%2Fv2%2Fmedia&parent=6212"}],"wp:term":[{"taxonomy":"category","embeddable":true,"href":"https:\/\/archives.regards.fr\/index.php?rest_route=%2Fwp%2Fv2%2Fcategories&post=6212"},{"taxonomy":"post_tag","embeddable":true,"href":"https:\/\/archives.regards.fr\/index.php?rest_route=%2Fwp%2Fv2%2Ftags&post=6212"}],"curies":[{"name":"wp","href":"https:\/\/api.w.org\/{rel}","templated":true}]}}