{"id":6207,"date":"2013-02-05T18:54:49","date_gmt":"2013-02-05T17:54:49","guid":{"rendered":"https:\/\/wp.muchomaas.com\/le-citadin-le-citoyen-et-la-ville6207\/"},"modified":"2023-06-23T23:13:35","modified_gmt":"2023-06-23T21:13:35","slug":"le-citadin-le-citoyen-et-la-ville6207","status":"publish","type":"post","link":"https:\/\/archives.regards.fr\/?p=6207","title":{"rendered":"Le citadin, le citoyen et la ville"},"content":{"rendered":"<p>Animateurs du groupe Front de gauche sur la ville, 4 auteurs &#8211; \u00e9lu, \u00e9conomiste, urbaniste et architecte ont crois\u00e9 leur plume dans un petit livre qui expose quelques grands enjeux politiques autour de la question de la ville. Maitrise du foncier, d\u00e9mocratie locale, s\u2019\u00e9clairent d\u2019approches plus historiques et culturelles. En quelques dizaines de pages un petit livre qui ouvre des d\u00e9bats. <div id='gallery-1' class='gallery galleryid-6207 gallery-columns-3 gallery-size-thumbnail'><figure class='gallery-item'>\n\t\t\t<div class='gallery-icon landscape'>\n\t\t\t\t<a href='https:\/\/archives.regards.fr\/wp-content\/uploads\/2013\/02\/lib-4ad.jpg'><img loading=\"lazy\" decoding=\"async\" width=\"150\" height=\"150\" src=\"https:\/\/archives.regards.fr\/wp-content\/uploads\/2013\/02\/lib-4ad-150x150.jpg\" class=\"attachment-thumbnail size-thumbnail\" alt=\"lib.jpg\" \/><\/a>\n\t\t\t<\/div><\/figure>\n\t\t<\/div>\n<\/p>\n","protected":false},"excerpt":{"rendered":"<p>Animateurs du groupe Front de gauche sur la ville, 4 auteurs &#8211; \u00e9lu, \u00e9conomiste, urbaniste et architecte ont crois\u00e9 leur plume dans un petit livre qui expose quelques grands enjeux politiques autour de la question de la ville. Maitrise du foncier, d\u00e9mocratie locale, s\u2019\u00e9clairent d\u2019approches plus historiques et culturelles. En quelques dizaines de pages un [&hellip;]<\/p>\n","protected":false},"author":643,"featured_media":17722,"comment_status":"open","ping_status":"open","sticky":false,"template":"","format":"standard","meta":{"_themeisle_gutenberg_block_has_review":false,"footnotes":""},"categories":[111],"tags":[],"class_list":["post-6207","post","type-post","status-publish","format-standard","has-post-thumbnail","hentry","category-nos-selections"],"_links":{"self":[{"href":"https:\/\/archives.regards.fr\/index.php?rest_route=\/wp\/v2\/posts\/6207","targetHints":{"allow":["GET"]}}],"collection":[{"href":"https:\/\/archives.regards.fr\/index.php?rest_route=\/wp\/v2\/posts"}],"about":[{"href":"https:\/\/archives.regards.fr\/index.php?rest_route=\/wp\/v2\/types\/post"}],"author":[{"embeddable":true,"href":"https:\/\/archives.regards.fr\/index.php?rest_route=\/wp\/v2\/users\/643"}],"replies":[{"embeddable":true,"href":"https:\/\/archives.regards.fr\/index.php?rest_route=%2Fwp%2Fv2%2Fcomments&post=6207"}],"version-history":[{"count":0,"href":"https:\/\/archives.regards.fr\/index.php?rest_route=\/wp\/v2\/posts\/6207\/revisions"}],"wp:featuredmedia":[{"embeddable":true,"href":"https:\/\/archives.regards.fr\/index.php?rest_route=\/wp\/v2\/media\/17722"}],"wp:attachment":[{"href":"https:\/\/archives.regards.fr\/index.php?rest_route=%2Fwp%2Fv2%2Fmedia&parent=6207"}],"wp:term":[{"taxonomy":"category","embeddable":true,"href":"https:\/\/archives.regards.fr\/index.php?rest_route=%2Fwp%2Fv2%2Fcategories&post=6207"},{"taxonomy":"post_tag","embeddable":true,"href":"https:\/\/archives.regards.fr\/index.php?rest_route=%2Fwp%2Fv2%2Ftags&post=6207"}],"curies":[{"name":"wp","href":"https:\/\/api.w.org\/{rel}","templated":true}]}}