{"id":6206,"date":"2013-02-05T20:12:13","date_gmt":"2013-02-05T19:12:13","guid":{"rendered":"https:\/\/wp.muchomaas.com\/numero-de-fevrier-2013-du-e6206\/"},"modified":"2023-06-23T23:13:35","modified_gmt":"2023-06-23T21:13:35","slug":"numero-de-fevrier-2013-du-e6206","status":"publish","type":"post","link":"https:\/\/archives.regards.fr\/?p=6206","title":{"rendered":"Num\u00e9ro de f\u00e9vrier 2013 du e-Mensuel"},"content":{"rendered":"\n\n<p class=\"post_excerpt\">Cliquez sur la couverture ci-dessous pour d\u00e9couvrir le nouveau num\u00e9ro de notre e-mensuel. Autre format de lecture possible \u00e0 sa suite : la version Ipad et imprimable (avec images) et la version imprimable (sans images).<\/p>\n\n<strong>Tribune de Roger Martelli<\/strong> \u00c0 gauche autrement\n\n<strong>Dossier<\/strong> R\u00e9ouverture de la chasse au mammouth\n\n<strong>Entretien avec Didier Lestrade<\/strong> Du mariage homo \u00e0 la repolitisation du mouvement gay\n\n<strong>International<\/strong> L\u2019Afrique toujours victime de ses richesses\n\n<strong>Cin\u00e9ma<\/strong> Zero Dark Thirty\n<h2 class=\"wp-block-heading\">Documents joints<\/h2>\n\n\n\n<div class=\"wp-block-file\"><a href=\"https:\/\/wp.muchomaas.com\/wp-content\/uploads\/2013\/02\/emensuel05_ipad-ed2.pdf\">Version Ipad et imprimable (avec images)<\/a><\/div>\n\n\n\n<div class=\"wp-block-file\"><a href=\"https:\/\/wp.muchomaas.com\/wp-content\/uploads\/2013\/02\/nbz-da6.pdf\">Version imprimable (sans images)<\/a><\/div>\n\n\n","protected":false},"excerpt":{"rendered":"<p>Cliquez sur la couverture ci-dessous pour d\u00e9couvrir le nouveau num\u00e9ro de notre e-mensuel. Autre format de lecture possible \u00e0 sa suite : la version Ipad et imprimable (avec images) et la version imprimable (sans images).<\/p>\n","protected":false},"author":643,"featured_media":0,"comment_status":"open","ping_status":"open","sticky":false,"template":"","format":"standard","meta":{"_themeisle_gutenberg_block_has_review":false,"footnotes":""},"categories":[1],"tags":[359],"class_list":["post-6206","post","type-post","status-publish","format-standard","hentry","category-non-classe","tag-exclure-de-la-home"],"_links":{"self":[{"href":"https:\/\/archives.regards.fr\/index.php?rest_route=\/wp\/v2\/posts\/6206","targetHints":{"allow":["GET"]}}],"collection":[{"href":"https:\/\/archives.regards.fr\/index.php?rest_route=\/wp\/v2\/posts"}],"about":[{"href":"https:\/\/archives.regards.fr\/index.php?rest_route=\/wp\/v2\/types\/post"}],"author":[{"embeddable":true,"href":"https:\/\/archives.regards.fr\/index.php?rest_route=\/wp\/v2\/users\/643"}],"replies":[{"embeddable":true,"href":"https:\/\/archives.regards.fr\/index.php?rest_route=%2Fwp%2Fv2%2Fcomments&post=6206"}],"version-history":[{"count":0,"href":"https:\/\/archives.regards.fr\/index.php?rest_route=\/wp\/v2\/posts\/6206\/revisions"}],"wp:attachment":[{"href":"https:\/\/archives.regards.fr\/index.php?rest_route=%2Fwp%2Fv2%2Fmedia&parent=6206"}],"wp:term":[{"taxonomy":"category","embeddable":true,"href":"https:\/\/archives.regards.fr\/index.php?rest_route=%2Fwp%2Fv2%2Fcategories&post=6206"},{"taxonomy":"post_tag","embeddable":true,"href":"https:\/\/archives.regards.fr\/index.php?rest_route=%2Fwp%2Fv2%2Ftags&post=6206"}],"curies":[{"name":"wp","href":"https:\/\/api.w.org\/{rel}","templated":true}]}}