{"id":6190,"date":"2013-02-01T12:54:27","date_gmt":"2013-02-01T11:54:27","guid":{"rendered":"https:\/\/wp.muchomaas.com\/les-amerindiens-ressortent-de-l6190\/"},"modified":"2013-02-01T12:54:27","modified_gmt":"2013-02-01T11:54:27","slug":"les-amerindiens-ressortent-de-l6190","status":"publish","type":"post","link":"https:\/\/archives.regards.fr\/?p=6190","title":{"rendered":"Les Amerindiens ressortent de l&#8217;oubli"},"content":{"rendered":"<p class=\"post_excerpt\">Jean-Baptiste Mouttet, Julie Pacorel<\/p>\n<p>Quelques mots: Mayas, Azt\u00e8que, Quechuas; et quelques images: des pyramides dans la jungle, un paysan andin, un dessin anim\u00e9 des ann\u00e9es 80, les <em>Tristes tropiques<\/em> de Claude L\u00e9vi-Strauss, la figure de Raoni, ce chef amazonien qui eut son heure de gloire m\u00e9diatique dans les ann\u00e9es 90. C&#8217;est lui qui signe la pr\u00e9face de cet ouvrage dont le premier m\u00e9rite est justement de sortir les Indiens d&#8217;un imaginaire occidental g\u00e9n\u00e9ralement confus, fig\u00e9 et superficiel. Pour les inscrire au tableau des enjeux politiques contemporains. <\/p>\n<p>Le territoire est bien pr\u00e9cis: dix pays \u00ab<em>au sud de Panama<\/em>\u00bb (exit l&#8217;Am\u00e9rique centrale et le Mexique) que notre collaborateur Jean-Baptiste Mouttet et la journaliste Julie Pacorel, ont parcouru \u00e0 la toute fin des ann\u00e9es 2000. Pour y rencontrer les Quichuas, les Guarani, les Arhuaco, les Mapuches&#8230; R\u00e9confortant: ce qu&#8217;ils nous donnent \u00e0 voir, ce ne sont pas des \u00abtribus\u00bb en voie des disparition mais bien des peuples engag\u00e9s pour faire respecter leurs droits dans les soci\u00e9t\u00e9s o\u00f9 ils vivent et o\u00f9 beaucoup ont d\u00e9j\u00e0 pris leur place. Avec un point central, un noeud, \u00ab<em>une entit\u00e9 oubli\u00e9e de nos soci\u00e9t\u00e9s urbanis\u00e9es et financiaris\u00e9es: la terre, [ce] point de d\u00e9part et d&#8217;arriv\u00e9e de  toutes les luttes indiennes<\/em>\u00bb.<\/p>\n<p>S&#8217;affrontant ici aux propri\u00e9taires terriens, l\u00e0 aux groupes arm\u00e9s, partout aux multinationales pr\u00e9datrices, ils composent, selon les territoires, avec des Etats plus ou moins enclins \u00e0 reconna\u00eetre leurs droits. Des combats de longue dur\u00e9e, parfois co\u00fbteux en vie humaine, g\u00e9n\u00e9ralement men\u00e9s de mani\u00e8re pacifique mais d\u00e9termin\u00e9e. Les Indiens n&#8217;ont \u00ab<em>jamais \u00e9volu\u00e9 dans un contexte international aussi favorable<\/em>\u00bb qu&#8217;\u00e0 l&#8217;heure actuelle apr\u00e8s l&#8217;adoption en 2007 par l&#8217;Onu d&#8217;une \u00abD\u00e9claration sur les droits des peuples autochtone\u00bb, nous rappellent les auteurs. <\/p>\n<p>R\u00e9investissement de l&#8217;artisanat, arriv\u00e9e des Ong, d\u00e9veloppement d&#8217;un autre tourisme&#8230; L&#8217;ouvrage aborde des enjeux tr\u00e8s concrets de l&#8217;actuel processus de \u00ab<em>reconqu\u00eate de leur destin<\/em>\u00bb dans lequel sont engag\u00e9s les Amerindiens. Qui avancent, d\u00e9sormais unis par del\u00e0 les fronti\u00e8res et organis\u00e9s (y compris m\u00e9diatiquement), sur une \u00ab<em>voie indienne<\/em>\u00bb: ces peuples \u00ab<em>veulent que leur territoire soit reconnu, non pas comme un espace ferm\u00e9, reclus et oubli\u00e9, subsistant seulement d&#8217;aides de l&#8217;Etat, mais comme un espace vivant dont ils ont pris les r\u00eanes et tracent l&#8217;avenir.<\/em>\u00bb<\/p>\n","protected":false},"excerpt":{"rendered":"<p>Jean-Baptiste Mouttet, Julie Pacorel<\/p>\n","protected":false},"author":558,"featured_media":0,"comment_status":"open","ping_status":"open","sticky":false,"template":"","format":"standard","meta":{"_themeisle_gutenberg_block_has_review":false,"footnotes":""},"categories":[111],"tags":[392],"class_list":["post-6190","post","type-post","status-publish","format-standard","hentry","category-nos-selections","tag-essai"],"_links":{"self":[{"href":"https:\/\/archives.regards.fr\/index.php?rest_route=\/wp\/v2\/posts\/6190","targetHints":{"allow":["GET"]}}],"collection":[{"href":"https:\/\/archives.regards.fr\/index.php?rest_route=\/wp\/v2\/posts"}],"about":[{"href":"https:\/\/archives.regards.fr\/index.php?rest_route=\/wp\/v2\/types\/post"}],"author":[{"embeddable":true,"href":"https:\/\/archives.regards.fr\/index.php?rest_route=\/wp\/v2\/users\/558"}],"replies":[{"embeddable":true,"href":"https:\/\/archives.regards.fr\/index.php?rest_route=%2Fwp%2Fv2%2Fcomments&post=6190"}],"version-history":[{"count":0,"href":"https:\/\/archives.regards.fr\/index.php?rest_route=\/wp\/v2\/posts\/6190\/revisions"}],"wp:attachment":[{"href":"https:\/\/archives.regards.fr\/index.php?rest_route=%2Fwp%2Fv2%2Fmedia&parent=6190"}],"wp:term":[{"taxonomy":"category","embeddable":true,"href":"https:\/\/archives.regards.fr\/index.php?rest_route=%2Fwp%2Fv2%2Fcategories&post=6190"},{"taxonomy":"post_tag","embeddable":true,"href":"https:\/\/archives.regards.fr\/index.php?rest_route=%2Fwp%2Fv2%2Ftags&post=6190"}],"curies":[{"name":"wp","href":"https:\/\/api.w.org\/{rel}","templated":true}]}}