{"id":6170,"date":"2013-01-29T18:12:42","date_gmt":"2013-01-29T17:12:42","guid":{"rendered":"https:\/\/wp.muchomaas.com\/le-viol-de-l-invisible-au-cinema6170\/"},"modified":"2013-01-29T18:12:42","modified_gmt":"2013-01-29T17:12:42","slug":"le-viol-de-l-invisible-au-cinema6170","status":"publish","type":"post","link":"https:\/\/archives.regards.fr\/?p=6170","title":{"rendered":"Le viol de l\u2019invisible, au cin\u00e9ma"},"content":{"rendered":"<p>C\u2019est une lame de fond, comme un mouvement mondial de lib\u00e9ration qui n\u2019aurait ni cheffe, ni organisation, une convergence de paroles fracassant le silence, une irruption de visages rendant visible l\u2019invisible. Apr\u00e8s l\u2019affaire DSK, l\u2019\u00e9motion internationale suscit\u00e9e par la mort d\u2019une jeune indienne des suites d\u2019un viol, le Manifeste des 313 femmes d\u00e9clarant avoir \u00e9t\u00e9 viol\u00e9es ou encore le succ\u00e8s de romans tel qu\u2019<em>Une semaine de vacances<\/em> de Christine Angot, voici la sortie en France du film isra\u00e9lien de Michal Aviad, <em>Invisible<\/em>. Intimiste, juste, remarquablement interpr\u00e9t\u00e9, il combine des faits r\u00e9els, les crimes commis en 1978 \u00e0 Tel Aviv par un violeur en s\u00e9rie, et de fiction. Deux femmes victimes du m\u00eame homme se croisent et se rencontrent. La peur, la mort, l\u2019enfermement les heurts de la sexualit\u00e9 et de la vie sentimentale : le film esquisse ce que le viol brise, durablement, et traite de l\u2019impossible ou difficile verbalisation. Il montre que la parole lib\u00e8re des d\u00e9mons, canalise la col\u00e8re, permet la reconstruction. <em>Invisible<\/em> vient d\u2019\u00eatre remarqu\u00e9 dans de nombreux festivals de films internationaux, de Haifa \u00e0 Cracovie, de Berlin \u00e0 Cr\u00e9teil. Emouvant.<\/p>\n<p><iframe loading=\"lazy\" frameborder=\"0\" width=\"460\" height=\"260\" src=\"http:\/\/www.dailymotion.com\/embed\/video\/xx05yo?theme=cappuccino&#038;foreground=%23FFFFFF&#038;highlight=%23FFF6D9&#038;background=%23666666\"><\/iframe><\/p>\n","protected":false},"excerpt":{"rendered":"<p>C\u2019est une lame de fond, comme un mouvement mondial de lib\u00e9ration qui n\u2019aurait ni cheffe, ni organisation, une convergence de paroles fracassant le silence, une irruption de visages rendant visible l\u2019invisible. Apr\u00e8s l\u2019affaire DSK, l\u2019\u00e9motion internationale suscit\u00e9e par la mort d\u2019une jeune indienne des suites d\u2019un viol, le Manifeste des 313 femmes d\u00e9clarant avoir \u00e9t\u00e9 [&hellip;]<\/p>\n","protected":false},"author":570,"featured_media":0,"comment_status":"open","ping_status":"open","sticky":false,"template":"","format":"standard","meta":{"_themeisle_gutenberg_block_has_review":false,"footnotes":""},"categories":[170],"tags":[],"class_list":["post-6170","post","type-post","status-publish","format-standard","hentry","category-journee-de-la-lutte"],"_links":{"self":[{"href":"https:\/\/archives.regards.fr\/index.php?rest_route=\/wp\/v2\/posts\/6170","targetHints":{"allow":["GET"]}}],"collection":[{"href":"https:\/\/archives.regards.fr\/index.php?rest_route=\/wp\/v2\/posts"}],"about":[{"href":"https:\/\/archives.regards.fr\/index.php?rest_route=\/wp\/v2\/types\/post"}],"author":[{"embeddable":true,"href":"https:\/\/archives.regards.fr\/index.php?rest_route=\/wp\/v2\/users\/570"}],"replies":[{"embeddable":true,"href":"https:\/\/archives.regards.fr\/index.php?rest_route=%2Fwp%2Fv2%2Fcomments&post=6170"}],"version-history":[{"count":0,"href":"https:\/\/archives.regards.fr\/index.php?rest_route=\/wp\/v2\/posts\/6170\/revisions"}],"wp:attachment":[{"href":"https:\/\/archives.regards.fr\/index.php?rest_route=%2Fwp%2Fv2%2Fmedia&parent=6170"}],"wp:term":[{"taxonomy":"category","embeddable":true,"href":"https:\/\/archives.regards.fr\/index.php?rest_route=%2Fwp%2Fv2%2Fcategories&post=6170"},{"taxonomy":"post_tag","embeddable":true,"href":"https:\/\/archives.regards.fr\/index.php?rest_route=%2Fwp%2Fv2%2Ftags&post=6170"}],"curies":[{"name":"wp","href":"https:\/\/api.w.org\/{rel}","templated":true}]}}