{"id":6152,"date":"2013-01-24T10:47:31","date_gmt":"2013-01-24T09:47:31","guid":{"rendered":"https:\/\/wp.muchomaas.com\/affiche-action-quand-la-politique6152\/"},"modified":"2013-01-24T10:47:31","modified_gmt":"2013-01-24T09:47:31","slug":"affiche-action-quand-la-politique6152","status":"publish","type":"post","link":"https:\/\/archives.regards.fr\/?p=6152","title":{"rendered":"Affiche-Action ! Quand la politique s&#8217;\u00e9crit dans la rue"},"content":{"rendered":"<p class=\"post_excerpt\">exposition aux Invalides<\/p>\n<p>Outil de communication graphique et plastique, l\u2019affiche est l\u2019un des supports privil\u00e9gi\u00e9s de l\u2019\u00e9crit dans la rue. Aujourd\u2019hui<br \/>\ntr\u00e8s largement associ\u00e9e aux messages publicitaires, elle fut avant tout l\u2019expression d\u2019une parole publique forte. Nombreux sont les exemples qui ont marqu\u00e9 l\u2019histoire : des affiches r\u00e9volutionnaires de 1789 \u00e0 celle de mai 68, les \u00e9crits politiques n\u2019ont eu de cesse de recouvrir les murs de la ville, faisant de la rue, le terrain d\u2019affirmation de la d\u00e9mocratie.<\/p>\n<p><iframe loading=\"lazy\" frameborder=\"0\" width=\"460\" height=\"259\" src=\"http:\/\/www.dailymotion.com\/embed\/video\/xw4k8n\"><\/iframe><br clear=\"all\"><\/p>\n<p>Avec plus de 150 documents, l\u2019exposition <em>Affiche-action ! Quand la politique s\u2019\u00e9crit dans la rue<\/em> dresse une g\u00e9n\u00e9alogie de l\u2019\u00e9crit urbain par le prisme des affiches texte, au coeur des r\u00e9volutions qui ont fa\u00e7onn\u00e9 notre soci\u00e9t\u00e9.  Comment l\u2019\u00e9crit investit la rue ? Quelles formes graphiques pour quels discours politiques ? L\u2019exposition revient sur autant de probl\u00e9matiques historiques \u00e9clairant nos propres pratiques d\u2019appropriation et d\u2019investissement de l\u2019espace public.<\/p>\n<p><strong> <em>Affiche-Action ! Quand la politique s&#8217;\u00e9crit dans la rue<\/em> <\/strong><br \/>\nJusqu&#8217;au 24 f\u00e9vrier 2013<br \/>\nPrix d&#8217;entr\u00e9e : 5 \u20ac \/ Tarif r\u00e9duit 3 \u20ac<br \/>\n<a href=\"http:\/\/expositionafficheaction.fr\/\">http:\/\/expositionafficheaction.fr<\/a><\/p>\n<p>Biblioth\u00e8que de Documentation Internationale Contemporaine<br \/>\nMus\u00e9e d\u2019Histoire contemporaine<br \/> <br \/>\nH\u00f4tel national des Invalides<br \/>\nCour d\u2019Honneur<br \/>\nParis 7e<\/p>\n","protected":false},"excerpt":{"rendered":"<p>exposition aux Invalides<\/p>\n","protected":false},"author":643,"featured_media":17647,"comment_status":"open","ping_status":"open","sticky":false,"template":"","format":"standard","meta":{"_themeisle_gutenberg_block_has_review":false,"footnotes":""},"categories":[111],"tags":[393],"class_list":["post-6152","post","type-post","status-publish","format-standard","has-post-thumbnail","hentry","category-nos-selections","tag-expo"],"_links":{"self":[{"href":"https:\/\/archives.regards.fr\/index.php?rest_route=\/wp\/v2\/posts\/6152","targetHints":{"allow":["GET"]}}],"collection":[{"href":"https:\/\/archives.regards.fr\/index.php?rest_route=\/wp\/v2\/posts"}],"about":[{"href":"https:\/\/archives.regards.fr\/index.php?rest_route=\/wp\/v2\/types\/post"}],"author":[{"embeddable":true,"href":"https:\/\/archives.regards.fr\/index.php?rest_route=\/wp\/v2\/users\/643"}],"replies":[{"embeddable":true,"href":"https:\/\/archives.regards.fr\/index.php?rest_route=%2Fwp%2Fv2%2Fcomments&post=6152"}],"version-history":[{"count":0,"href":"https:\/\/archives.regards.fr\/index.php?rest_route=\/wp\/v2\/posts\/6152\/revisions"}],"wp:featuredmedia":[{"embeddable":true,"href":"https:\/\/archives.regards.fr\/index.php?rest_route=\/wp\/v2\/media\/17647"}],"wp:attachment":[{"href":"https:\/\/archives.regards.fr\/index.php?rest_route=%2Fwp%2Fv2%2Fmedia&parent=6152"}],"wp:term":[{"taxonomy":"category","embeddable":true,"href":"https:\/\/archives.regards.fr\/index.php?rest_route=%2Fwp%2Fv2%2Fcategories&post=6152"},{"taxonomy":"post_tag","embeddable":true,"href":"https:\/\/archives.regards.fr\/index.php?rest_route=%2Fwp%2Fv2%2Ftags&post=6152"}],"curies":[{"name":"wp","href":"https:\/\/api.w.org\/{rel}","templated":true}]}}