{"id":6149,"date":"2013-01-23T17:29:06","date_gmt":"2013-01-23T16:29:06","guid":{"rendered":"https:\/\/wp.muchomaas.com\/qui-sont-les-commanditaires-d-omer6149\/"},"modified":"2023-06-23T23:13:24","modified_gmt":"2023-06-23T21:13:24","slug":"qui-sont-les-commanditaires-d-omer6149","status":"publish","type":"post","link":"https:\/\/archives.regards.fr\/?p=6149","title":{"rendered":"Qui sont les commanditaires d&#8217;\u00d6mer G\u00fcney?"},"content":{"rendered":"<p class=\"post_excerpt\">Le profil de l&#8217;homme mis en examen lundi dans le cadre de l&#8217;enqu\u00eate sur l&#8217;assassinat des militantes kurdes soul\u00e8ve plus d&#8217;interrogations qu&#8217;il n&#8217;apporte de r\u00e9ponse.<\/p>\n<p>La mise en examen lundi soir de \u00d6mer G\u00fcney, suspect\u00e9 d&#8217;avoir particip\u00e9 \u00e0 l&#8217;ex\u00e9cution, le 9 janvier \u00e0 Paris, de Leyla \u00c7aylemez, Sakine Canciz et Fidan Dogan est loin d&#8217;avoir satisfait les membres de la communaut\u00e9 kurde. Comme nous l&#8217;\u00e9crivions lundi soir (<a href=\"https:\/\/wp.muchomaas.com\/monde\/les-kurdes-peinent-a-croire-au,6136\">\u00abLes kurdes peinent \u00e0 croire au r\u00e8glement de compte interne\u00bb<\/a>) ces derniers ne consid\u00e8rent pas que le profil du suspect autorise \u00e0 classer d\u00e9finitivement l&#8217;affaire dans le tiroir des conflits internes au mouvement. Au contraire.<\/p>\n<p>Au lendemain de l&#8217;annonce faite par le Procureur de Paris de la mise en examen, Murat Karayilan, actuellement responsable militaire du PKK a d\u00e9clar\u00e9, dans une intervention traduite et relay\u00e9e hier par l&#8217;agence kurde Azadnews (<a href=\"http:\/\/www.azadnewsagency.com\/nuce\/pkk-les-assassinats-contre-les-kurdes-a-paris-ont-ete-commis-par-la-turquie-et-dautres-etats\/\">\u00abPKK : les assassinats contre les Kurdes \u00e0 Paris ont \u00e9t\u00e9 commis par la Turquie et d\u2019autres Etats\u00bb<\/a>), que \u00d6mer G\u00fcney n&#8217;avait \u00ab<em>aucun lien avec le PKK, aucun lien avec l&#8217;administration du PKK<\/em>\u00bb, contrairement aux informations qui ont circul\u00e9. Si le suspect \u00e9tait bien \u00ab<em>une personne qui fr\u00e9quentait l&#8217;association kurde parisienne et participait de temps \u00e0 autre aux manifestations pacifiques<\/em>\u00bb, cela ne signifie pas qu&#8217;il \u00e9tait membre du parti, souligne le leader de la gu\u00e9rilla kurde pour qui \u00ab<em>la probabilit\u00e9 que cette personne se soit infiltr\u00e9e il y a deux ans et qu\u2019elle ait travaill\u00e9 dans l\u2019association est tr\u00e8s forte. Il est clair et manifeste que notre mouvement est face \u00e0 un complot (&#8230;). En massacrant une figure symbolique de notre mouvement ainsi que deux importantes cadres kurdes, le sc\u00e9nario pr\u00e9par\u00e9 pour attaquer notre mouvement, en essayant de donner l\u2019image d\u2019un conflit interne, est aujourd\u2019hui plus que jamais \u00e0 l\u2019ordre du jour.<\/em>\u00bb <\/p>\n<p>Le chef militaire \u00e9tablit un lien entre le triple assassinat du 9 janvier et les r\u00e9cents affrontements au Kurdistan. Il \u00e9voque notamment une attaque conduite le 31 d\u00e9cembre par l&#8217;arm\u00e9e turque qui a co\u00fbt\u00e9 la vie \u00e0 un certain \u00abNuman (Ertem Karabulut)\u00bb, responsable de r\u00e9gion, et les \u00ab<em>op\u00e9rations militaires d&#8217;envergure<\/em>\u00bb men\u00e9es le 14 janvier contre les \u00ab<em>hauts cadres [du] mouvement<\/em>\u00bb dans la r\u00e9gion de Qandil au Kurdistan irakien. Des \u00e9v\u00e8nements dont la proximit\u00e9 laisse penser selon lui que les Kurdes sont bel et bien face \u00e0 une offensive concert\u00e9e qui entend \u00ab<em>saboter les pourparlers qui ont d\u00e9but\u00e9 dans l&#8217;\u00eele de prison d&#8217;Imrali<\/em>\u00bb, o\u00f9 est emprisonn\u00e9 Abdullah Ocalan.<\/p>\n<p>Cette th\u00e8se d&#8217;un plan ourdi par des services turcs pour d\u00e9clencher une spirale n\u00e9gative susceptible de faire \u00e9chouer les n\u00e9gociations actuelles est aujourd&#8217;hui tr\u00e8s partag\u00e9e dans les milieux militants. O\u00f9 l&#8217;on insiste sur le fait qu&#8217;\u00d6mer G\u00fcney n&#8217;\u00e9tait li\u00e9 que de loin \u00e0 une association kurde en r\u00e9gion parisienne et qu&#8217;il n&#8217;\u00e9tait \u00ab<em>m\u00eame pas un militant de base<\/em>\u00bb du PKK. Affirmant que le suspect appartient en fait \u00e0 une famille proche des \u00abLoups gris\u00bb &#8211; mouvement turc, ultra-nationaliste et fascisant, relativement actif en Europe occidentale, notamment en Belgique -, un militant s&#8217;interroge: \u00ab<em>La police fiche syst\u00e9matiquement tous les militants de la cause kurde. Pourquoi alors n&#8217;ont-ils aucun fichier sur lui, alors qu&#8217;il est cens\u00e9 \u00eatre membre du PKK ?<\/em>\u00bb Avant de proposer quelques r\u00e9ponses lapidaires: \u00ab<em>C&#8217;est une affaire pr\u00e9par\u00e9e minutieusement, l&#8217;Etat Turc est impliqu\u00e9 et la France essaie de cacher cette v\u00e9rit\u00e9.<\/em>\u00bb<div id='gallery-1' class='gallery galleryid-6149 gallery-columns-3 gallery-size-thumbnail'><figure class='gallery-item'>\n\t\t\t<div class='gallery-icon landscape'>\n\t\t\t\t<a href='https:\/\/archives.regards.fr\/wp-content\/uploads\/2013\/01\/k-a23.jpg'><img loading=\"lazy\" decoding=\"async\" width=\"150\" height=\"150\" src=\"https:\/\/archives.regards.fr\/wp-content\/uploads\/2013\/01\/k-a23-150x150.jpg\" class=\"attachment-thumbnail size-thumbnail\" alt=\"k.jpg\" \/><\/a>\n\t\t\t<\/div><\/figure>\n\t\t<\/div>\n<\/p>\n","protected":false},"excerpt":{"rendered":"<p>Le profil de l&#8217;homme mis en examen lundi dans le cadre de l&#8217;enqu\u00eate sur l&#8217;assassinat des militantes kurdes soul\u00e8ve plus d&#8217;interrogations qu&#8217;il n&#8217;apporte de r\u00e9ponse.<\/p>\n","protected":false},"author":558,"featured_media":17640,"comment_status":"open","ping_status":"open","sticky":false,"template":"","format":"standard","meta":{"_themeisle_gutenberg_block_has_review":false,"footnotes":""},"categories":[157],"tags":[441],"class_list":["post-6149","post","type-post","status-publish","format-standard","has-post-thumbnail","hentry","category-web","tag-kurdes"],"_links":{"self":[{"href":"https:\/\/archives.regards.fr\/index.php?rest_route=\/wp\/v2\/posts\/6149","targetHints":{"allow":["GET"]}}],"collection":[{"href":"https:\/\/archives.regards.fr\/index.php?rest_route=\/wp\/v2\/posts"}],"about":[{"href":"https:\/\/archives.regards.fr\/index.php?rest_route=\/wp\/v2\/types\/post"}],"author":[{"embeddable":true,"href":"https:\/\/archives.regards.fr\/index.php?rest_route=\/wp\/v2\/users\/558"}],"replies":[{"embeddable":true,"href":"https:\/\/archives.regards.fr\/index.php?rest_route=%2Fwp%2Fv2%2Fcomments&post=6149"}],"version-history":[{"count":0,"href":"https:\/\/archives.regards.fr\/index.php?rest_route=\/wp\/v2\/posts\/6149\/revisions"}],"wp:featuredmedia":[{"embeddable":true,"href":"https:\/\/archives.regards.fr\/index.php?rest_route=\/wp\/v2\/media\/17640"}],"wp:attachment":[{"href":"https:\/\/archives.regards.fr\/index.php?rest_route=%2Fwp%2Fv2%2Fmedia&parent=6149"}],"wp:term":[{"taxonomy":"category","embeddable":true,"href":"https:\/\/archives.regards.fr\/index.php?rest_route=%2Fwp%2Fv2%2Fcategories&post=6149"},{"taxonomy":"post_tag","embeddable":true,"href":"https:\/\/archives.regards.fr\/index.php?rest_route=%2Fwp%2Fv2%2Ftags&post=6149"}],"curies":[{"name":"wp","href":"https:\/\/api.w.org\/{rel}","templated":true}]}}