{"id":6143,"date":"2013-01-23T14:11:41","date_gmt":"2013-01-23T13:11:41","guid":{"rendered":"https:\/\/wp.muchomaas.com\/meeting-du-front-de-gauche-pour6143\/"},"modified":"2023-06-23T23:13:23","modified_gmt":"2023-06-23T21:13:23","slug":"meeting-du-front-de-gauche-pour6143","status":"publish","type":"post","link":"https:\/\/archives.regards.fr\/?p=6143","title":{"rendered":"Ce soir, meeting du Front de gauche pour une alternative \u00e0 l&#8217;aust\u00e9rit\u00e9"},"content":{"rendered":"<p class=\"post_excerpt\">Lancement \u00e0 Metz ce soir de la campagne nationale du Front de gauche \u00ab L&#8217;alternative \u00e0 l&#8217;aust\u00e9rit\u00e9 c&#8217;est possible \u00bb<\/p>\n<p>Mercredi 23 janvier, \u00e0 l&#8217;occasion du lancement de la campagne nationale \u00abL&#8217;alternative \u00e0 l&#8217;aust\u00e9rit\u00e9 c&#8217;est possible \u00bb, le Front de gauche tiendra un grand meeting \u00e0 Metz, avec la participation de nombreux syndicalistes et des dirigeants des organisations membres du Front de gauche : Jean-Luc M\u00e9lenchon, Pierre Laurent, Myriam Martin, Christian Picquet et Cl\u00e9mentine Autain. Le Front de gauche pr\u00e9sentera des propositions pour l&#8217;emploi et les droits des salari\u00e9s et montrera que de vraies solutions pour la s\u00e9curisation des salari\u00e9s et de l&#8217;emploi existent.<\/p>\n<p>Retransmission en direct \u00e0 partir de 19h30 sur <a href=\"http:\/\/www.placeaupeuple2012.fr\/meeting-de-metz-en-direct-a-partir-de-19h30\/\">placeaupeuple.fr<\/a> et <a href=\"http:\/\/www.pcf.fr\/33746\">pcf.fr<\/a><\/p>\n<p>Depuis 6 mois, les grands axes de la politique du gouvernement ne r\u00e9pondent pas aux attentes et au besoin de changement des Fran\u00e7ais. Adoption du trait\u00e9 budg\u00e9taire europ\u00e9en, cadeau de 20 milliards aux grands patrons, augmentation de la TVA, propositions sur la flexibilit\u00e9\u2026 le gouvernement reproduit les recettes lib\u00e9rales qui conduisent d\u2019autres pays europ\u00e9ens dans le mur. Ces politiques \u00e9chouent partout en Europe, elles \u00e9choueront de la m\u00eame mani\u00e8re en France.<\/p>\n<p>Pour sortir de la crise, il faut combattre les logiques financi\u00e8res et s\u2019opposer aux politiques d\u2019aust\u00e9rit\u00e9 qui en d\u00e9coulent. Le Front de gauche s\u2019engage dans une campagne de plusieurs mois pour lutter contre tout esprit de r\u00e9signation et d\u00e9montrer qu\u2019une alternative \u00e0 gauche est possible. Cette campagne s\u2019adresse \u00e0 toutes celles et tous ceux qui ont vot\u00e9 pour un changement politique et plus largement \u00e0 l\u2019\u00e9crasante majorit\u00e9 du peuple qui souffre de la crise. Elle doit permettre que leur voix s\u2019exprime avec force face \u00e0 l\u2019arrogance du MEDEF. Au cours de cette campagne, lors de meetings, d\u2019initiatives publiques diverses, \u00e0 travers des mat\u00e9riels \u00e9dit\u00e9s en grand nombre, le Front de Gauche mettra en d\u00e9bat des propositions pour d\u00e9montrer que ce n\u2019est pas le co\u00fbt du travail qui est en cause mais celui du capital, que de l\u2019argent, il y en a, pour remettre en cause les privil\u00e8ges, pour des politiques qui servent l\u2019Humain d\u2019abord. Toutes choses qu\u2019un gouvernement de gauche digne de ce nom devrait mettre en application pour rompre avec les logiques lib\u00e9rales et productivistes.<\/p>\n<p>Le premier acte de cette campagne se d\u00e9roulera le 23 janvier \u00e0 Metz, \u00e0 deux pas de Florange, lieu symbole o\u00f9 le gouvernement fran\u00e7ais a abandonn\u00e9 les salari\u00e9-e-s et sa sid\u00e9rurgie dans les griffes de Mittal. Tous les principaux dirigeants des composantes du Front de gauche seront r\u00e9unis au cours d\u2019un meeting au Palais des Congr\u00e8s de Metz. Elles et ils y accueilleront notamment une d\u00e9l\u00e9gation de salari\u00e9-e-s du site sid\u00e9rurgique.<\/p>\n<div id='gallery-1' class='gallery galleryid-6143 gallery-columns-3 gallery-size-thumbnail'><figure class='gallery-item'>\n\t\t\t<div class='gallery-icon portrait'>\n\t\t\t\t<a href='https:\/\/archives.regards.fr\/wp-content\/uploads\/2013\/01\/affiche-e55.jpg'><img loading=\"lazy\" decoding=\"async\" width=\"150\" height=\"150\" src=\"https:\/\/archives.regards.fr\/wp-content\/uploads\/2013\/01\/affiche-e55-150x150.jpg\" class=\"attachment-thumbnail size-thumbnail\" alt=\"Meeting du Front de gauche pour une alternative \u00e0 l\u2019aust\u00e9rit\u00e9\" aria-describedby=\"gallery-1-17634\" \/><\/a>\n\t\t\t<\/div>\n\t\t\t\t<figcaption class='wp-caption-text gallery-caption' id='gallery-1-17634'>\n\t\t\t\tMeeting du Front de gauche pour une alternative \u00e0 l\u2019aust\u00e9rit\u00e9\n\t\t\t\t<\/figcaption><\/figure>\n\t\t<\/div>\n\n","protected":false},"excerpt":{"rendered":"<p>Lancement \u00e0 Metz ce soir de la campagne nationale du Front de gauche \u00ab L&#8217;alternative \u00e0 l&#8217;aust\u00e9rit\u00e9 c&#8217;est possible \u00bb<\/p>\n","protected":false},"author":643,"featured_media":17634,"comment_status":"open","ping_status":"open","sticky":false,"template":"","format":"standard","meta":{"_themeisle_gutenberg_block_has_review":false,"footnotes":""},"categories":[278],"tags":[],"class_list":["post-6143","post","type-post","status-publish","format-standard","has-post-thumbnail","hentry","category-tribunes"],"_links":{"self":[{"href":"https:\/\/archives.regards.fr\/index.php?rest_route=\/wp\/v2\/posts\/6143","targetHints":{"allow":["GET"]}}],"collection":[{"href":"https:\/\/archives.regards.fr\/index.php?rest_route=\/wp\/v2\/posts"}],"about":[{"href":"https:\/\/archives.regards.fr\/index.php?rest_route=\/wp\/v2\/types\/post"}],"author":[{"embeddable":true,"href":"https:\/\/archives.regards.fr\/index.php?rest_route=\/wp\/v2\/users\/643"}],"replies":[{"embeddable":true,"href":"https:\/\/archives.regards.fr\/index.php?rest_route=%2Fwp%2Fv2%2Fcomments&post=6143"}],"version-history":[{"count":0,"href":"https:\/\/archives.regards.fr\/index.php?rest_route=\/wp\/v2\/posts\/6143\/revisions"}],"wp:featuredmedia":[{"embeddable":true,"href":"https:\/\/archives.regards.fr\/index.php?rest_route=\/wp\/v2\/media\/17634"}],"wp:attachment":[{"href":"https:\/\/archives.regards.fr\/index.php?rest_route=%2Fwp%2Fv2%2Fmedia&parent=6143"}],"wp:term":[{"taxonomy":"category","embeddable":true,"href":"https:\/\/archives.regards.fr\/index.php?rest_route=%2Fwp%2Fv2%2Fcategories&post=6143"},{"taxonomy":"post_tag","embeddable":true,"href":"https:\/\/archives.regards.fr\/index.php?rest_route=%2Fwp%2Fv2%2Ftags&post=6143"}],"curies":[{"name":"wp","href":"https:\/\/api.w.org\/{rel}","templated":true}]}}