{"id":6141,"date":"2013-01-23T11:12:54","date_gmt":"2013-01-23T10:12:54","guid":{"rendered":"https:\/\/wp.muchomaas.com\/mali-hollande-est-il-un6141\/"},"modified":"2023-06-23T23:13:22","modified_gmt":"2023-06-23T21:13:22","slug":"mali-hollande-est-il-un6141","status":"publish","type":"post","link":"https:\/\/archives.regards.fr\/?p=6141","title":{"rendered":"Mali : Hollande est-il un n\u00e9ocolonialiste ?"},"content":{"rendered":"<p class=\"post_excerpt\">Toutes les semaines, Cl\u00e9mentine Autain, directrice de Regards participe au d\u00e9bat Yahoo anim\u00e9 par Christophe Hondelatte, face \u00e0 Elisabeth L\u00e9vy. Emission du 22 janvier. Exceptionnellement Christophe Hondelatte \u00e9tait remplac\u00e9 par Patrick Ch\u00eane.<\/p>\n<p><strong>Mali : Hollande est-il un n\u00e9ocolonialiste ?<\/strong><br \/>\n<iframe loading=\"lazy\" width=\"460\" height=\"260\" scrolling=\"no\" frameborder=\"0\" src=\"http:\/\/fr.news.yahoo.com\/video\/mali-hollande-est-il-un-122030735.html?format=embed&#038;player_autoplay=false\"><\/iframe><br clear=\"all\"><\/p>\n<p><strong>Et aussi :<\/strong><\/p>\n<ul>\n<li> &#8211; <a href=\"http:\/\/fr.news.yahoo.com\/video\/armstrong-honte-du-sport-ou-081814142.html\">Armstrong : honte du sport ou bouc \u00e9missaire ?<\/a><br clear=\"all\"><\/li>\n<\/ul>\n<div id='gallery-1' class='gallery galleryid-6141 gallery-columns-3 gallery-size-thumbnail'><figure class='gallery-item'>\n\t\t\t<div class='gallery-icon landscape'>\n\t\t\t\t<a href='https:\/\/archives.regards.fr\/wp-content\/uploads\/2013\/01\/yahoo-9-78c.jpg'><img loading=\"lazy\" decoding=\"async\" width=\"150\" height=\"150\" src=\"https:\/\/archives.regards.fr\/wp-content\/uploads\/2013\/01\/yahoo-9-78c-150x150.jpg\" class=\"attachment-thumbnail size-thumbnail\" alt=\"yahoo-9.jpg\" \/><\/a>\n\t\t\t<\/div><\/figure>\n\t\t<\/div>\n\n","protected":false},"excerpt":{"rendered":"<p>Toutes les semaines, Cl\u00e9mentine Autain, directrice de Regards participe au d\u00e9bat Yahoo anim\u00e9 par Christophe Hondelatte, face \u00e0 Elisabeth L\u00e9vy. Emission du 22 janvier. Exceptionnellement Christophe Hondelatte \u00e9tait remplac\u00e9 par Patrick Ch\u00eane.<\/p>\n","protected":false},"author":643,"featured_media":17628,"comment_status":"open","ping_status":"open","sticky":false,"template":"","format":"standard","meta":{"_themeisle_gutenberg_block_has_review":false,"footnotes":""},"categories":[156],"tags":[],"class_list":["post-6141","post","type-post","status-publish","format-standard","has-post-thumbnail","hentry","category-debat-yahoo"],"_links":{"self":[{"href":"https:\/\/archives.regards.fr\/index.php?rest_route=\/wp\/v2\/posts\/6141","targetHints":{"allow":["GET"]}}],"collection":[{"href":"https:\/\/archives.regards.fr\/index.php?rest_route=\/wp\/v2\/posts"}],"about":[{"href":"https:\/\/archives.regards.fr\/index.php?rest_route=\/wp\/v2\/types\/post"}],"author":[{"embeddable":true,"href":"https:\/\/archives.regards.fr\/index.php?rest_route=\/wp\/v2\/users\/643"}],"replies":[{"embeddable":true,"href":"https:\/\/archives.regards.fr\/index.php?rest_route=%2Fwp%2Fv2%2Fcomments&post=6141"}],"version-history":[{"count":0,"href":"https:\/\/archives.regards.fr\/index.php?rest_route=\/wp\/v2\/posts\/6141\/revisions"}],"wp:featuredmedia":[{"embeddable":true,"href":"https:\/\/archives.regards.fr\/index.php?rest_route=\/wp\/v2\/media\/17628"}],"wp:attachment":[{"href":"https:\/\/archives.regards.fr\/index.php?rest_route=%2Fwp%2Fv2%2Fmedia&parent=6141"}],"wp:term":[{"taxonomy":"category","embeddable":true,"href":"https:\/\/archives.regards.fr\/index.php?rest_route=%2Fwp%2Fv2%2Fcategories&post=6141"},{"taxonomy":"post_tag","embeddable":true,"href":"https:\/\/archives.regards.fr\/index.php?rest_route=%2Fwp%2Fv2%2Ftags&post=6141"}],"curies":[{"name":"wp","href":"https:\/\/api.w.org\/{rel}","templated":true}]}}