{"id":6124,"date":"2013-01-17T16:42:12","date_gmt":"2013-01-17T15:42:12","guid":{"rendered":"https:\/\/wp.muchomaas.com\/enfants-d-homos-leurs-paroles-a-l6124\/"},"modified":"2023-06-23T23:13:21","modified_gmt":"2023-06-23T21:13:21","slug":"enfants-d-homos-leurs-paroles-a-l6124","status":"publish","type":"post","link":"https:\/\/archives.regards.fr\/?p=6124","title":{"rendered":"Enfants d&#8217;homos, leurs paroles \u00e0 l&#8217;Assembl\u00e9e nationale"},"content":{"rendered":"<p class=\"post_excerpt\">Dans le cadre du projet de loi sur l&#8217;ouverture du mariage aux couples de m\u00eame sexe, des enfants devenus adultes, \u00e9lev\u00e9s dans des familles homoparentales, ont \u00e9t\u00e9 auditionn\u00e9s \u00e0 l&#8217;Assembl\u00e9e nationale, en commission, le 20 d\u00e9cembre 2012. Des t\u00e9moignages simples, forts et \u00e9mouvants. Des tranches de vie&#8230; normale.\n<\/p>\n<p><strong>Alexandre Chevalier<\/strong><br \/>\n<iframe loading=\"lazy\" width=\"460\" height=\"259\" src=\"http:\/\/www.youtube.com\/embed\/nw5yDR87g1I\" frameborder=\"0\" allowfullscreen><\/iframe><\/p>\n<p><strong>Louise Fasso-Monaldi <\/strong><br \/>\n<iframe loading=\"lazy\" width=\"460\" height=\"259\" src=\"http:\/\/www.youtube.com\/embed\/__2Cdktl8lQ\" frameborder=\"0\" allowfullscreen><\/iframe><\/p>\n<p><strong>Pablo Seban<\/strong><br \/>\n<iframe loading=\"lazy\" width=\"460\" height=\"259\" src=\"http:\/\/www.youtube.com\/embed\/I7INyZLJyjw\" frameborder=\"0\" allowfullscreen><\/iframe><\/p>\n<p><strong>Model\u00e8ne Daniel<\/strong><br \/>\n<iframe loading=\"lazy\" width=\"460\" height=\"259\" src=\"http:\/\/www.youtube.com\/embed\/mI_qSvrCaE0\" frameborder=\"0\" allowfullscreen><\/iframe><\/p>\n<p><strong>L&#8217;audition dans son int\u00e9gralit\u00e9<\/strong><br \/>\n<iframe loading=\"lazy\" width=\"460\" height=\"259\" src=\"http:\/\/www.youtube.com\/embed\/njmufiNeF5M\" frameborder=\"0\" allowfullscreen><\/iframe><\/p>\n<p><strong><a href=\"http:\/\/www.youtube.com\/user\/mariagepourtous?feature=watch\">D&#8217;autres vid\u00e9os des d\u00e9bats \u00e0 l&#8217;Assembl\u00e9e Nationale<\/a><\/strong><div id='gallery-1' class='gallery galleryid-6124 gallery-columns-3 gallery-size-thumbnail'><figure class='gallery-item'>\n\t\t\t<div class='gallery-icon landscape'>\n\t\t\t\t<a href='https:\/\/archives.regards.fr\/wp-content\/uploads\/2013\/01\/mariage-3-f18.jpg'><img loading=\"lazy\" decoding=\"async\" width=\"150\" height=\"150\" src=\"https:\/\/archives.regards.fr\/wp-content\/uploads\/2013\/01\/mariage-3-f18-150x150.jpg\" class=\"attachment-thumbnail size-thumbnail\" alt=\"Enfants d\u2019homos, leurs paroles \u00e0 l\u2019Assembl\u00e9e nationale\" aria-describedby=\"gallery-1-17603\" \/><\/a>\n\t\t\t<\/div>\n\t\t\t\t<figcaption class='wp-caption-text gallery-caption' id='gallery-1-17603'>\n\t\t\t\tEnfants d\u2019homos, leurs paroles \u00e0 l\u2019Assembl\u00e9e nationale\n\t\t\t\t<\/figcaption><\/figure>\n\t\t<\/div>\n<\/p>\n","protected":false},"excerpt":{"rendered":"<p>Dans le cadre du projet de loi sur l&#8217;ouverture du mariage aux couples de m\u00eame sexe, des enfants devenus adultes, \u00e9lev\u00e9s dans des familles homoparentales, ont \u00e9t\u00e9 auditionn\u00e9s \u00e0 l&#8217;Assembl\u00e9e nationale, en commission, le 20 d\u00e9cembre 2012. Des t\u00e9moignages simples, forts et \u00e9mouvants. Des tranches de vie&#8230; normale.<\/p>\n","protected":false},"author":643,"featured_media":17603,"comment_status":"open","ping_status":"open","sticky":false,"template":"","format":"standard","meta":{"_themeisle_gutenberg_block_has_review":false,"footnotes":""},"categories":[279],"tags":[327],"class_list":["post-6124","post","type-post","status-publish","format-standard","has-post-thumbnail","hentry","category-videos","tag-lgbt"],"_links":{"self":[{"href":"https:\/\/archives.regards.fr\/index.php?rest_route=\/wp\/v2\/posts\/6124","targetHints":{"allow":["GET"]}}],"collection":[{"href":"https:\/\/archives.regards.fr\/index.php?rest_route=\/wp\/v2\/posts"}],"about":[{"href":"https:\/\/archives.regards.fr\/index.php?rest_route=\/wp\/v2\/types\/post"}],"author":[{"embeddable":true,"href":"https:\/\/archives.regards.fr\/index.php?rest_route=\/wp\/v2\/users\/643"}],"replies":[{"embeddable":true,"href":"https:\/\/archives.regards.fr\/index.php?rest_route=%2Fwp%2Fv2%2Fcomments&post=6124"}],"version-history":[{"count":0,"href":"https:\/\/archives.regards.fr\/index.php?rest_route=\/wp\/v2\/posts\/6124\/revisions"}],"wp:featuredmedia":[{"embeddable":true,"href":"https:\/\/archives.regards.fr\/index.php?rest_route=\/wp\/v2\/media\/17603"}],"wp:attachment":[{"href":"https:\/\/archives.regards.fr\/index.php?rest_route=%2Fwp%2Fv2%2Fmedia&parent=6124"}],"wp:term":[{"taxonomy":"category","embeddable":true,"href":"https:\/\/archives.regards.fr\/index.php?rest_route=%2Fwp%2Fv2%2Fcategories&post=6124"},{"taxonomy":"post_tag","embeddable":true,"href":"https:\/\/archives.regards.fr\/index.php?rest_route=%2Fwp%2Fv2%2Ftags&post=6124"}],"curies":[{"name":"wp","href":"https:\/\/api.w.org\/{rel}","templated":true}]}}