{"id":611,"date":"2017-12-26T21:03:01","date_gmt":"2017-12-26T20:03:01","guid":{"rendered":"https:\/\/wp.muchomaas.com\/breve-gerard-collomb-611\/"},"modified":"2017-12-26T21:03:01","modified_gmt":"2017-12-26T20:03:01","slug":"breve-gerard-collomb-611","status":"publish","type":"post","link":"https:\/\/archives.regards.fr\/?p=611","title":{"rendered":"G\u00e9rard Collomb"},"content":{"rendered":"<p><em>\u00ab\u00a0Pour mes concitoyens,<\/em> [l&#8217;asile et l&#8217;immigration] <em>c&#8217;est un vrai probl\u00e8me. C&#8217;est m\u00eame devenu un probl\u00e8me qui leur semble plus fondamental que le ch\u00f4mage. \u00bb<\/em> (LCP, 19\/12\/2017)<\/p>\n","protected":false},"excerpt":{"rendered":"<p>\u00ab\u00a0Pour mes concitoyens, [l&#8217;asile et l&#8217;immigration] c&#8217;est un vrai probl\u00e8me. C&#8217;est m\u00eame devenu un probl\u00e8me qui leur semble plus fondamental que le ch\u00f4mage. \u00bb (LCP, 19\/12\/2017)<\/p>\n","protected":false},"author":1,"featured_media":0,"comment_status":"open","ping_status":"open","sticky":false,"template":"","format":"standard","meta":{"_themeisle_gutenberg_block_has_review":false,"footnotes":""},"categories":[284],"tags":[],"class_list":["post-611","post","type-post","status-publish","format-standard","hentry","category-declarama-breves"],"_links":{"self":[{"href":"https:\/\/archives.regards.fr\/index.php?rest_route=\/wp\/v2\/posts\/611","targetHints":{"allow":["GET"]}}],"collection":[{"href":"https:\/\/archives.regards.fr\/index.php?rest_route=\/wp\/v2\/posts"}],"about":[{"href":"https:\/\/archives.regards.fr\/index.php?rest_route=\/wp\/v2\/types\/post"}],"author":[{"embeddable":true,"href":"https:\/\/archives.regards.fr\/index.php?rest_route=\/wp\/v2\/users\/1"}],"replies":[{"embeddable":true,"href":"https:\/\/archives.regards.fr\/index.php?rest_route=%2Fwp%2Fv2%2Fcomments&post=611"}],"version-history":[{"count":0,"href":"https:\/\/archives.regards.fr\/index.php?rest_route=\/wp\/v2\/posts\/611\/revisions"}],"wp:attachment":[{"href":"https:\/\/archives.regards.fr\/index.php?rest_route=%2Fwp%2Fv2%2Fmedia&parent=611"}],"wp:term":[{"taxonomy":"category","embeddable":true,"href":"https:\/\/archives.regards.fr\/index.php?rest_route=%2Fwp%2Fv2%2Fcategories&post=611"},{"taxonomy":"post_tag","embeddable":true,"href":"https:\/\/archives.regards.fr\/index.php?rest_route=%2Fwp%2Fv2%2Ftags&post=611"}],"curies":[{"name":"wp","href":"https:\/\/api.w.org\/{rel}","templated":true}]}}