{"id":6093,"date":"2013-01-14T20:23:00","date_gmt":"2013-01-14T19:23:00","guid":{"rendered":"https:\/\/wp.muchomaas.com\/vous-avez-dit-accord-social6093\/"},"modified":"2023-06-23T23:13:19","modified_gmt":"2023-06-23T21:13:19","slug":"vous-avez-dit-accord-social6093","status":"publish","type":"post","link":"https:\/\/archives.regards.fr\/?p=6093","title":{"rendered":"Vous avez dit \u00ab\u00a0accord social\u00a0\u00bb\u00a0?"},"content":{"rendered":"<p class=\"post_excerpt\">On parle volontiers d&#8217;un accord social historique. Or cet accord n&#8217;a \u00e9t\u00e9 sign\u00e9 que par des organisations syndicales ne repr\u00e9sentant pas la majorit\u00e9 des salari\u00e9s. Hormis quelques concessions en trompe-l&#8217;\u0153il obtenues dans les derni\u00e8res heures, cet accord remet en cause bien des aspects du droit du travail.<\/p>\n<p>La presse \u00e9trang\u00e8re ne tarit pas d&#8217;\u00e9loge envers l&#8217;accord patronat-syndicats du vendredi 11 janvier 2013. Pour le <em>Handelsblatt<\/em>, quotidien allemand de l&#8217;\u00e9conomie, <em>\u00ab\u00a0La France commence enfin ses r\u00e9formes structurelles\u00a0\u00bb<\/em>. Le tr\u00e8s conservateur <em>Wall Street Journal<\/em> explique ouvertement que <em>\u00ab\u00a0les employeurs fran\u00e7ais gagnent une nouvelle flexibilit\u00e9 \u00bb<\/em> tout en mod\u00e9rant son enthousiasme en soulignant qu&#8217;<em>\u00ab\u00a0il n\u2019est pas certain que l\u2019accord cr\u00e9e des emplois \u00e0 court terme, alors que la croissance en France est tomb\u00e9e \u00e0 pratiquement z\u00e9ro l\u2019ann\u00e9e pass\u00e9e\u00a0\u00bb<\/em>. Il se demande m\u00eame si les nouvelles r\u00e8gles, <em>\u00ab\u00a0ne pourraient pas avoir l\u2019effet inverse dans l\u2019imm\u00e9diat, comme ont pr\u00e9venu certains \u00e9conomistes\u00a0\u00bb<\/em>. Une franchise que l&#8217;on ne peut se permettre que de l&#8217;autre c\u00f4t\u00e9 de l&#8217;Atlantique.<\/p>\n<p>Mais de quel accord parle-t-on\u00a0? D&#8217;un accord sign\u00e9 par trois des cinq syndicats cens\u00e9s \u00eatre repr\u00e9sentatifs au niveau national. Si on se r\u00e9f\u00e8re aux derni\u00e8res \u00e9lections prudhommales de 2008, les trois organisations signataires, CFDT, CFTC et CFE-CGC repr\u00e9sentaient 38,69% des voix alors que la CGT et FO, qui ont refus\u00e9 de signer cet accord repr\u00e9sentaient 49,81%. C&#8217;est donc bien une minorit\u00e9 syndicale qui a sign\u00e9 cet accord avec le patronat, accord que le gouvernement Ayrault entend bien transcrire dans la loi d\u00e8s que possible. Accord ill\u00e9gitime qui comporte de nombreuses remises en cause du droit du travail\u00a0:<\/p>\n<ul>\n<li> &#8211; Possibilit\u00e9 pour les entreprises de conclure avec les syndicats un accord d&#8217;une dur\u00e9e maximale de deux ans dans lequel le salaire serait r\u00e9duit ou le temps de travail augment\u00e9. Le refus \u00e9ventuel de la part d&#8217;un salari\u00e9 entrainera son licenciement \u00e9conomique\u00a0;\n<\/li>\n<\/ul>\n<ul>\n<li> &#8211; La proc\u00e9dure du plan \u00ab\u00a0social\u00a0\u00bb est totalement boulevers\u00e9e. La mise en \u0153uvre d&#8217;un accord d&#8217;entreprise permet de s&#8217;affranchir des r\u00e8gles du droit du travail. En cas d&#8217;absence d&#8217;accord, l&#8217;entreprise peut faire valider celui-ci par la Direction r\u00e9gionale du travail (Direccte) qui a de deux \u00e0 quatre mois pour r\u00e9pondre (selon le nombre de licenciements). L&#8217;absence de r\u00e9ponse de l&#8217;administration vaut acceptation de celui-ci\u00a0;\n<\/li>\n<\/ul>\n<ul>\n<li> &#8211; Une entreprise qui lance une r\u00e9organisation avec mobilit\u00e9 interne n&#8217;aura plus \u00e0 \u00e9laborer un plan social. La non acceptation de la mutation par le salari\u00e9 sera une cause de licenciement pour motif personnel.\n<p>En \u00e9change, les salari\u00e9s auraient obtenu une compl\u00e9mentaire sant\u00e9 pour tous, contrat \u00ab\u00a0d&#8217;entr\u00e9e de gamme\u00a0\u00bb qui rapportera 4 milliards d&#8217;euros aux compagnies d&#8217;assurances dont le co\u00fbt est \u00e0 r\u00e9partir par moiti\u00e9 entre les salari\u00e9s et les employeurs. Jusqu&#8217;au dernier moment, le patronat a refus\u00e9 que les emplois courts soient tax\u00e9s, une formule n&#8217;ayant \u00e9t\u00e9 trouv\u00e9e que dans la matin\u00e9e de vendredi. D\u00e9sormais l&#8217;assurance-ch\u00f4mage sera de 7% au lieu de 4% pour les CDD inf\u00e9rieurs \u00e0 un mois, de 5,5% pour les CDD de un \u00e0 trois mois. Sont exclus de cette mesure les CDD sup\u00e9rieurs \u00e0 trois mois, les CDD saisonniers ou l&#8217;int\u00e9rim. Cette mesure aurait pu rapporter 150 millions d&#8217;euros par an au r\u00e9gime d&#8217;assurance-ch\u00f4mage&#8230; Il n&#8217;en sera rien puisque cette somme sera consacr\u00e9e \u00e0 une exon\u00e9ration de cotisations pendant trois mois pour toute embauche en CDI d\u2019un jeune de moins de 26 ans\u00a0: ce que le patronat a conc\u00e9d\u00e9 d&#8217;une main, il le reprend habilement de l&#8217;autre. <\/p>\n<\/li>\n<\/ul>\n<p>Il n&#8217;y a pas eu d&#8217;accord social, les syndicats repr\u00e9sentant la majorit\u00e9 des salari\u00e9s ayant refus\u00e9 de le signer. Cette situation s&#8217;explique par le cadre donn\u00e9 d\u00e8s le d\u00e9part par le gouvernement\u00a0: plus de flexibilit\u00e9 contre plus de s\u00e9curit\u00e9. Dans un tel cadre, seul le patronat a pr\u00e9sent\u00e9 ses propositions lesquelles ont \u00e9t\u00e9 amend\u00e9es \u00e0 la marge au dernier moment pour pouvoir valider une signature attendue de la CFDT. Cet \u00ab\u00a0accord\u00a0\u00bb n&#8217;a aucune l\u00e9gitimit\u00e9 \u00e0 \u00eatre retranscrit dans la loi et si la majorit\u00e9 parlementaire le faisait, elle ne ferait que se couper encore un peu plus de sa base \u00e9lectorale.<br \/>\n<div id='gallery-1' class='gallery galleryid-6093 gallery-columns-3 gallery-size-thumbnail'><figure class='gallery-item'>\n\t\t\t<div class='gallery-icon landscape'>\n\t\t\t\t<a href='https:\/\/archives.regards.fr\/wp-content\/uploads\/2013\/01\/w-072.jpg'><img loading=\"lazy\" decoding=\"async\" width=\"150\" height=\"150\" src=\"https:\/\/archives.regards.fr\/wp-content\/uploads\/2013\/01\/w-072-150x150.jpg\" class=\"attachment-thumbnail size-thumbnail\" alt=\"w.jpg\" \/><\/a>\n\t\t\t<\/div><\/figure>\n\t\t<\/div>\n<\/p>\n","protected":false},"excerpt":{"rendered":"<p>On parle volontiers d&#8217;un accord social historique. Or cet accord n&#8217;a \u00e9t\u00e9 sign\u00e9 que par des organisations syndicales ne repr\u00e9sentant pas la majorit\u00e9 des salari\u00e9s. Hormis quelques concessions en trompe-l&#8217;\u0153il obtenues dans les derni\u00e8res heures, cet accord remet en cause bien des aspects du droit du travail.<\/p>\n","protected":false},"author":672,"featured_media":17581,"comment_status":"open","ping_status":"open","sticky":false,"template":"","format":"standard","meta":{"_themeisle_gutenberg_block_has_review":false,"footnotes":""},"categories":[157],"tags":[291],"class_list":["post-6093","post","type-post","status-publish","format-standard","has-post-thumbnail","hentry","category-web","tag-analyse"],"_links":{"self":[{"href":"https:\/\/archives.regards.fr\/index.php?rest_route=\/wp\/v2\/posts\/6093","targetHints":{"allow":["GET"]}}],"collection":[{"href":"https:\/\/archives.regards.fr\/index.php?rest_route=\/wp\/v2\/posts"}],"about":[{"href":"https:\/\/archives.regards.fr\/index.php?rest_route=\/wp\/v2\/types\/post"}],"author":[{"embeddable":true,"href":"https:\/\/archives.regards.fr\/index.php?rest_route=\/wp\/v2\/users\/672"}],"replies":[{"embeddable":true,"href":"https:\/\/archives.regards.fr\/index.php?rest_route=%2Fwp%2Fv2%2Fcomments&post=6093"}],"version-history":[{"count":0,"href":"https:\/\/archives.regards.fr\/index.php?rest_route=\/wp\/v2\/posts\/6093\/revisions"}],"wp:featuredmedia":[{"embeddable":true,"href":"https:\/\/archives.regards.fr\/index.php?rest_route=\/wp\/v2\/media\/17581"}],"wp:attachment":[{"href":"https:\/\/archives.regards.fr\/index.php?rest_route=%2Fwp%2Fv2%2Fmedia&parent=6093"}],"wp:term":[{"taxonomy":"category","embeddable":true,"href":"https:\/\/archives.regards.fr\/index.php?rest_route=%2Fwp%2Fv2%2Fcategories&post=6093"},{"taxonomy":"post_tag","embeddable":true,"href":"https:\/\/archives.regards.fr\/index.php?rest_route=%2Fwp%2Fv2%2Ftags&post=6093"}],"curies":[{"name":"wp","href":"https:\/\/api.w.org\/{rel}","templated":true}]}}