{"id":6089,"date":"2013-01-14T12:25:55","date_gmt":"2013-01-14T11:25:55","guid":{"rendered":"https:\/\/wp.muchomaas.com\/marseille-2013-c-est-parti6089\/"},"modified":"2023-06-23T23:13:19","modified_gmt":"2023-06-23T21:13:19","slug":"marseille-2013-c-est-parti6089","status":"publish","type":"post","link":"https:\/\/archives.regards.fr\/?p=6089","title":{"rendered":"Marseille 2013, c&#8217;est (pas trop mal) parti"},"content":{"rendered":"<p class=\"post_excerpt\">Depuis samedi, Marseille est capitale europ\u00e9enne de la culture. \u00c7a va durer un an. Et le week-end de lancement a tenu ses promesses. Sans plus mais pas moins.<\/p>\n<p><strong>Vendredi 11 janvier, 11h au Club Pernod.<\/strong> Le Off tient sa conf\u00e9rence de presse de lancement. Un  moment plut\u00f4t d\u00e9contract\u00e9, marrant et branch\u00e9, \u00e0 l&#8217;image de ce que veut et de ce que saura probablement \u00eatre ce Off. La page d&#8217;accueil du <a href=\"http:\/\/www.marseille2013.com\">nouveau site web<\/a> est projet\u00e9e au mur. Le Off a  fait rentrer la douzaine de projets retenus (200 ont \u00e9t\u00e9 d\u00e9pos\u00e9s) dans des  axes de programmation \u00e0 l&#8217;ambivalence subtilement dos\u00e9e: Mytho city (\u00abMarseille se transforme, Marseille se la raconte grave\u00bb), Poubelle la ville (\u00abMarseille est belle, Marseille est laide\u00bb), Kalachnik&#8217;Off (\u00abMarseille est in\u00e9galitaire, Marseille est solidaire\u00bb) et Merguez capitale (\u00abMarseille est cosmopolite, Marseille est un village\u00bb). St\u00e9phane Sarpaux, qui anime la conf\u00e9rence, rappelle en quelques mots ce qui diff\u00e9rencie les approches In et Off de l&#8217;ann\u00e9e capitale: \u00ab<em>Le In a d\u00e9cid\u00e9 de tabler sur la Mediterran\u00e9e ; nous ont dit qu&#8217;il y a autre chose dans cette ville qu&#8217;un horizon bleu, que Marseille a des probl\u00e8mes et que cela fait partie de la ville. On en parle et donc on ne part pas du m\u00eame point.<\/em>\u00bb  Le calendrier, dr\u00f4le, et la monnaie officielle, le Gaston, du Off sont distribu\u00e9s aux journalistes pr\u00e9sents, une bonne trentaine. Ainsi qu&#8217;un des 30 000 sacs poubelles biod\u00e9gradables frapp\u00e9s du sigle du Off;  une proth\u00e8se mamaire est balanc\u00e9e dans la salle; on parle du programme \u00e0 venir du festival international du film chiant qui s&#8217;annonce all\u00e9chant mais aussi d&#8217;un spectacle \u00ab<em>cr\u00e9\u00e9 au 104 dans le XIX\u00e8me \u00e0 Paris<\/em>\u00bb; et on regrette l&#8217;absence de l&#8217;un des responsables actuellement \u00e0 New York. Avec de telles r\u00e9f\u00e9rences, les journalistes parisiens pr\u00e9sents ne sont pas d\u00e9pays\u00e9s. <\/p>\n<p>Tout \u00e7a se finit gentiment au bar ou sur la terrasse dominant le Vieux Port avec un verre d&#8217;alcool jaun\u00e2tre \u00e0 la main. Normal, on est au club Pernod, dernier partenaire en date du Off qui compte aussi la Banque Populaire. Ce qui provoque quelques grincements de dents: jusqu&#8217;\u00e0 quel point peut-on \u00eatre subversif quand on s&#8217;acoquine avec une grosse banque et un gros vendeur de pastaga ? Hein? Bah, on aura bien l&#8217;occasion d&#8217;en rediscuter dans l&#8217;ann\u00e9e.<\/p>\n<p>En attendant, ni Off, ni In, on peut \u00e9couter les doutes et la verve de Keny Arkana sur Marseille, cette capitale de la rupture:<\/p>\n<p><iframe loading=\"lazy\" width=\"460\" height=\"250\" src=\"http:\/\/www.youtube.com\/embed\/9xeK1_nxkjs\" frameborder=\"0\" allowfullscreen><\/iframe><\/p>\n<p><strong>Samedi 12 janvier, 19h, Place Bargemon.<\/strong> Un peu plus haut, place Sadi carnot, on fait donner les gabians (traduction: go\u00eblands) \u00e0 toute vol\u00e9e tandis que quelques types s&#8217;\u00e9nervent \u00e0 sculpter de la glace. Mais, l\u00e0, juste \u00e0 c\u00f4t\u00e9 de la mairie et du pavillon M, cette construction de bois cens\u00e9e \u00eatre The point n\u00e9vralgique de la communication vers le grand public de MP2013, les marseillais se sont mass\u00e9s pour participer \u00e0 la grande clameur. Cloches, sir\u00e8nes, cris. Quand on est dans la foule, on entend surtout le voisin gueuler, en fait. Et le disjonctage g\u00e9n\u00e9ral attendu, cens\u00e9 plonger quelques dizaines de seconde la ville dans le noir avant une r\u00e9-illumination, n&#8217;est pas vraiment au rendez-vous. Mais bon, \u00e7a fonctionne. La Bonne m\u00e8re s&#8217;\u00e9claire en couleurs, des fontaines lumineuses jaillissent du c\u00f4t\u00e9 de la nouvelle esplanade du Vieux Port, y&#8217;a du bruit. La foule est compacte et a visiblement envie de profiter du moment. Des spectacles de rue suivront dans diff\u00e9rents endroits durant la nuit. L&#8217;ouverture de MP 2013 n&#8217;est pas d&#8217;une originalit\u00e9 bouleversante mais ce n&#8217;est pas un flop. C&#8217;est d\u00e9j\u00e0 \u00e7a.<\/p>\n<p><strong>Dimanche 13 janvier, 10h30, parc Pastr\u00e9.<\/strong> Dans le grand parc situ\u00e9 \u00e0 la lisi\u00e8re des calanques, on croise des petits groupes, g\u00e9n\u00e9ralement papa-maman-enfants tous encapuchonn\u00e9s, un ballon bleu Edf dans la main des marmots, un parapluie dans celle des parents. Ils participent \u00e0 la carte au 13&#8217;Or, une sorte de course d&#8217;orientation culturelle \u00e0 faire sur l&#8217;un des 112 parcours trac\u00e9s dans 20 communes diff\u00e9rentes du p\u00e9rim\u00e8tre de MP2013. Il pleut, le plafond est bas, il fait froid. Ils sont vaillants les marseillais, parfois.<\/p>\n<p><strong>Lundi 14 janvier, dans la presse emball\u00e9e.<\/strong> &#8220;Un week-end de r\u00eave(s)&#8221; titre <em>La Marseillaise<\/em>; &#8220;Du jamais vu depuis la lib\u00e9ration&#8221;, s&#8217;enflamme <em>La Provence<\/em> qui consacre ses 11 premi\u00e8res pages aux \u00e9v\u00e8nements du week-end. Selon les organisateurs, entre 400 000 et 500 000 personne se sont d\u00e9plac\u00e9es au centre-ville samedi soir pour y participer. Ce matin, la presse locale est unanime: MP2013, c&#8217;est bien parti.<br \/>\nConfirmation, ou pas, dans les semaines et les mois \u00e0 venir: du front de mer \u00e0 la friche de la Belle de mai, la ville accueille ses premi\u00e8res expositions. Concerts, spectacles et conf\u00e9rences \u00e0 venir. On y reviendra dans Regards.<div id='gallery-1' class='gallery galleryid-6089 gallery-columns-3 gallery-size-thumbnail'><figure class='gallery-item'>\n\t\t\t<div class='gallery-icon landscape'>\n\t\t\t\t<a href='https:\/\/archives.regards.fr\/wp-content\/uploads\/2013\/01\/11012013415-2a2.jpg'><img loading=\"lazy\" decoding=\"async\" width=\"150\" height=\"150\" src=\"https:\/\/archives.regards.fr\/wp-content\/uploads\/2013\/01\/11012013415-2a2-150x150.jpg\" class=\"attachment-thumbnail size-thumbnail\" alt=\"Marseille 2013, c\u2019est (pas trop mal) parti\" aria-describedby=\"gallery-1-17579\" \/><\/a>\n\t\t\t<\/div>\n\t\t\t\t<figcaption class='wp-caption-text gallery-caption' id='gallery-1-17579'>\n\t\t\t\tMarseille 2013, c\u2019est (pas trop mal) parti\n\t\t\t\t<\/figcaption><\/figure>\n\t\t<\/div>\n<\/p>\n","protected":false},"excerpt":{"rendered":"<p>Depuis samedi, Marseille est capitale europ\u00e9enne de la culture. \u00c7a va durer un an. Et le week-end de lancement a tenu ses promesses. Sans plus mais pas moins.<\/p>\n","protected":false},"author":558,"featured_media":17579,"comment_status":"open","ping_status":"open","sticky":false,"template":"","format":"standard","meta":{"_themeisle_gutenberg_block_has_review":false,"footnotes":""},"categories":[141],"tags":[],"class_list":["post-6089","post","type-post","status-publish","format-standard","has-post-thumbnail","hentry","category-archives-web"],"_links":{"self":[{"href":"https:\/\/archives.regards.fr\/index.php?rest_route=\/wp\/v2\/posts\/6089","targetHints":{"allow":["GET"]}}],"collection":[{"href":"https:\/\/archives.regards.fr\/index.php?rest_route=\/wp\/v2\/posts"}],"about":[{"href":"https:\/\/archives.regards.fr\/index.php?rest_route=\/wp\/v2\/types\/post"}],"author":[{"embeddable":true,"href":"https:\/\/archives.regards.fr\/index.php?rest_route=\/wp\/v2\/users\/558"}],"replies":[{"embeddable":true,"href":"https:\/\/archives.regards.fr\/index.php?rest_route=%2Fwp%2Fv2%2Fcomments&post=6089"}],"version-history":[{"count":0,"href":"https:\/\/archives.regards.fr\/index.php?rest_route=\/wp\/v2\/posts\/6089\/revisions"}],"wp:featuredmedia":[{"embeddable":true,"href":"https:\/\/archives.regards.fr\/index.php?rest_route=\/wp\/v2\/media\/17579"}],"wp:attachment":[{"href":"https:\/\/archives.regards.fr\/index.php?rest_route=%2Fwp%2Fv2%2Fmedia&parent=6089"}],"wp:term":[{"taxonomy":"category","embeddable":true,"href":"https:\/\/archives.regards.fr\/index.php?rest_route=%2Fwp%2Fv2%2Fcategories&post=6089"},{"taxonomy":"post_tag","embeddable":true,"href":"https:\/\/archives.regards.fr\/index.php?rest_route=%2Fwp%2Fv2%2Ftags&post=6089"}],"curies":[{"name":"wp","href":"https:\/\/api.w.org\/{rel}","templated":true}]}}