{"id":6077,"date":"2013-01-10T10:20:35","date_gmt":"2013-01-10T09:20:35","guid":{"rendered":"https:\/\/wp.muchomaas.com\/la-master-class-de-laurent-cantet6077\/"},"modified":"2013-01-10T10:20:35","modified_gmt":"2013-01-10T09:20:35","slug":"la-master-class-de-laurent-cantet6077","status":"publish","type":"post","link":"https:\/\/archives.regards.fr\/?p=6077","title":{"rendered":"La Master class de Laurent Cantet"},"content":{"rendered":"<p class=\"post_excerpt\">au Forum des images<\/p>\n<p>Le Forum des images, \u00e0 Paris, accueille Laurent Cantet pour une master class, deux semaines apr\u00e8s la sortie en salles de son sixi\u00e8me long m\u00e9trage, <em>Foxfire<\/em>, adapt\u00e9 du roman de Joyce Carol Oates,<em> Confessions d&#8217;un gang de filles<\/em> (<a href=\"6059\">Lire notre chronique de <em>Foxfire<\/em><\/a>).<\/p>\n<p>Anim\u00e9 par le critique Pascal M\u00e9rigeau (<em>Nouvel Observateur<\/em>), l&#8217;entretien est l&#8217;occasion de parcourir une carri\u00e8re dont les premi\u00e8res r\u00e9alisations <em>Ressources humaines<\/em>, puis <em>L&#8217;Emploi du temps<\/em>, affichent d&#8217;embl\u00e9e une ma\u00eetrise et une rigueur remarquables, lou\u00e9es par la critique comme par le public. La Palme d&#8217;or du Festival de Cannes, en 2008, d\u00e9cern\u00e9e \u00e0 <em>Entre les murs<\/em>, confirme son statut de cin\u00e9aste majeur et lui donne une reconnaissance internationale. <\/p>\n<p>Au cours de cette master class, Laurent Cantet reviendra, images \u00e0 l&#8217;appui, sur ses m\u00e9thodes de travail, sur ses collaborations artistiques et la soci\u00e9t\u00e9 qu&#8217;il regarde avec acuit\u00e9. <\/p>\n<p>Jeudi 17 janvier, 19h30<br \/>\nTarif : 5 euros<\/p>\n<p>Forum des images<br \/>\n2, rue du Cin\u00e9ma<br \/>\n75001 Paris<br \/>\nT\u00e9l. 01 44 76 63 00<br \/>\n<a href=\"http:\/\/www.forumdesimages.fr\/fdi\/L-Academie\/La-Master-class\">www.forumdesimages.fr<\/a><\/p>\n","protected":false},"excerpt":{"rendered":"<p>au Forum des images<\/p>\n","protected":false},"author":643,"featured_media":17565,"comment_status":"open","ping_status":"open","sticky":false,"template":"","format":"standard","meta":{"_themeisle_gutenberg_block_has_review":false,"footnotes":""},"categories":[111],"tags":[299],"class_list":["post-6077","post","type-post","status-publish","format-standard","has-post-thumbnail","hentry","category-nos-selections","tag-cinema"],"_links":{"self":[{"href":"https:\/\/archives.regards.fr\/index.php?rest_route=\/wp\/v2\/posts\/6077","targetHints":{"allow":["GET"]}}],"collection":[{"href":"https:\/\/archives.regards.fr\/index.php?rest_route=\/wp\/v2\/posts"}],"about":[{"href":"https:\/\/archives.regards.fr\/index.php?rest_route=\/wp\/v2\/types\/post"}],"author":[{"embeddable":true,"href":"https:\/\/archives.regards.fr\/index.php?rest_route=\/wp\/v2\/users\/643"}],"replies":[{"embeddable":true,"href":"https:\/\/archives.regards.fr\/index.php?rest_route=%2Fwp%2Fv2%2Fcomments&post=6077"}],"version-history":[{"count":0,"href":"https:\/\/archives.regards.fr\/index.php?rest_route=\/wp\/v2\/posts\/6077\/revisions"}],"wp:featuredmedia":[{"embeddable":true,"href":"https:\/\/archives.regards.fr\/index.php?rest_route=\/wp\/v2\/media\/17565"}],"wp:attachment":[{"href":"https:\/\/archives.regards.fr\/index.php?rest_route=%2Fwp%2Fv2%2Fmedia&parent=6077"}],"wp:term":[{"taxonomy":"category","embeddable":true,"href":"https:\/\/archives.regards.fr\/index.php?rest_route=%2Fwp%2Fv2%2Fcategories&post=6077"},{"taxonomy":"post_tag","embeddable":true,"href":"https:\/\/archives.regards.fr\/index.php?rest_route=%2Fwp%2Fv2%2Ftags&post=6077"}],"curies":[{"name":"wp","href":"https:\/\/api.w.org\/{rel}","templated":true}]}}