{"id":6057,"date":"2012-12-07T19:15:00","date_gmt":"2012-12-07T18:15:00","guid":{"rendered":"https:\/\/wp.muchomaas.com\/28-minutes-pas-les-pires-de-la6057\/"},"modified":"2012-12-07T19:15:00","modified_gmt":"2012-12-07T18:15:00","slug":"28-minutes-pas-les-pires-de-la6057","status":"publish","type":"post","link":"https:\/\/archives.regards.fr\/?p=6057","title":{"rendered":"28 minutes, pas les pires de la soir\u00e9e t\u00e9l\u00e9"},"content":{"rendered":"<p>On peut avoir une t\u00e9l\u00e9 et<br \/>\nle soir, vers 20 heures,<br \/>\nvouloir soudain la regarder<br \/>\nsans forc\u00e9ment<br \/>\nsacrifier aux v\u00eapres<br \/>\ndes Guignols de Canal<br \/>\n\u2013 d\u2019apr\u00e8s des avis<br \/>\npertinents, il para\u00eet que c\u2019\u00e9tait mieux dans<br \/>\nles ann\u00e9es 1990, paix \u00e0 leurs \u00e2mes\u2026<br \/>\nCela peut arriver. Quoi qu\u2019il en soit, il y<br \/>\na d\u00e9sormais mieux \u00e0 faire, \u00e0 cette heurel\u00e0,<br \/>\nque de se cogner les grand-messes<br \/>\ncathodiques que sont (pour combien<br \/>\nde temps encore ?) les JT nationaux :<br \/>\ndepuis la rentr\u00e9e de septembre, tous les<br \/>\nsoirs \u00e0 20 h 05, Arte propose une version<br \/>\nrafra\u00eechie de son magazine 28\u2019pour 28<br \/>\nminutes m\u00eame si, en v\u00e9rit\u00e9, \u00e7a dure plus<br \/>\nd\u2019une demi-heure.<\/p>\n<p>Format simple : un invit\u00e9 dans \u00ab la Une<br \/>\ndu jour \u00bb introduit par un bref sujet<br \/>\nr\u00e9sumant les enjeux de la dite Une ;<br \/>\npuis un d\u00e9bat \u00ab Grand angle \u00bb auxquels<br \/>\nparticipent deux ou trois autres<br \/>\ninvit\u00e9s. Sur cette ossature se greffent<br \/>\nquelques rubriques\/chroniques, notamment<br \/>\nun fact-checking intitul\u00e9 \u00ab d\u00e9sintox<br \/>\n\u00bb en partenariat avec <em>Lib\u00e9ration<\/em> et<br \/>\nsa chronique \u00e9ponyme.<\/p>\n<p>Aux commandes du navire, une Elisabeth<br \/>\nQuin qui m\u00e8ne avec autorit\u00e9,<br \/>\ndynamisme et ce qu\u2019il faut d\u2019\u00e0-propos<br \/>\nsa petite tribu d\u2019intervenants-chroniqueurs.<br \/>\nLes r\u00e9guliers-quotidiens sont<br \/>\nRenaud D\u00e9ly (<em>Nouvel Observateur<\/em>),<br \/>\nNadia Daam et Juan Gomez (RFI). Le<br \/>\nvendredi, changement de plateau avec<br \/>\nnotamment des journalistes de la presse<br \/>\n\u00e9trang\u00e8re, un dessinateur, le chroniqueur<br \/>\nBenjamin Muller.<\/p>\n<p>Sur le fond et le contenu, rien d\u2019exceptionnel.<br \/>\nL\u2019approche des sujets trait\u00e9s<br \/>\nreste assez consensuelle \u2013 c\u2019est quand<br \/>\nm\u00eame de la t\u00e9l\u00e9 \u00e0 20 heures, faut pas<br \/>\ntrop en demander non plus, hein\u2026 Par<br \/>\nexemple, quand Renaud D\u00e9ly rappelle<br \/>\ngentiment \u00e0 tout le monde qu\u2019Isra\u00ebl est<br \/>\nune d\u00e9mocratie, personne ne moufte.<br \/>\nNormal. Ce n\u2019est donc pas l\u2019impertinence<br \/>\ndu propos politique qui fait de 28\u2019un<br \/>\nmoment de t\u00e9l\u00e9 possible, mais plut\u00f4t la<br \/>\nfa\u00e7on habile dont l\u2019\u00e9quipe use des proc\u00e9d\u00e9s<br \/>\nen vigueur aujourd\u2019hui dans ce type<br \/>\nd\u2019\u00e9mission. Le choix des invit\u00e9s est souvent<br \/>\npertinent et les d\u00e9bats, parfois vifs<br \/>\net contradictoires mais avec du respect<br \/>\net de l\u2019\u00e9coute mutuelle, parviennent \u00e0<br \/>\ndire des choses (contrairement aux talkshows<br \/>\n\u00e0 la Ruquier) sans trop se prendre<br \/>\nau s\u00e9rieux (contrairement aux d\u00e9bats \u00e0 la<br \/>\nCalvi). C\u2019est rythm\u00e9 et le t\u00e9l\u00e9spectateur<br \/>\nn\u2019est pas pris pour un imb\u00e9cile. Ce qui,<br \/>\n\u00e0 cette heure de grande \u00e9coute, est d\u00e9j\u00e0<br \/>\nune attention louable.<\/p>\n","protected":false},"excerpt":{"rendered":"<p>On peut avoir une t\u00e9l\u00e9 et le soir, vers 20 heures, vouloir soudain la regarder sans forc\u00e9ment sacrifier aux v\u00eapres des Guignols de Canal \u2013 d\u2019apr\u00e8s des avis pertinents, il para\u00eet que c\u2019\u00e9tait mieux dans les ann\u00e9es 1990, paix \u00e0 leurs \u00e2mes\u2026 Cela peut arriver. Quoi qu\u2019il en soit, il y a d\u00e9sormais mieux \u00e0 [&hellip;]<\/p>\n","protected":false},"author":558,"featured_media":0,"comment_status":"open","ping_status":"open","sticky":false,"template":"","format":"standard","meta":{"_themeisle_gutenberg_block_has_review":false,"footnotes":""},"categories":[1],"tags":[],"class_list":["post-6057","post","type-post","status-publish","format-standard","hentry","category-non-classe"],"_links":{"self":[{"href":"https:\/\/archives.regards.fr\/index.php?rest_route=\/wp\/v2\/posts\/6057","targetHints":{"allow":["GET"]}}],"collection":[{"href":"https:\/\/archives.regards.fr\/index.php?rest_route=\/wp\/v2\/posts"}],"about":[{"href":"https:\/\/archives.regards.fr\/index.php?rest_route=\/wp\/v2\/types\/post"}],"author":[{"embeddable":true,"href":"https:\/\/archives.regards.fr\/index.php?rest_route=\/wp\/v2\/users\/558"}],"replies":[{"embeddable":true,"href":"https:\/\/archives.regards.fr\/index.php?rest_route=%2Fwp%2Fv2%2Fcomments&post=6057"}],"version-history":[{"count":0,"href":"https:\/\/archives.regards.fr\/index.php?rest_route=\/wp\/v2\/posts\/6057\/revisions"}],"wp:attachment":[{"href":"https:\/\/archives.regards.fr\/index.php?rest_route=%2Fwp%2Fv2%2Fmedia&parent=6057"}],"wp:term":[{"taxonomy":"category","embeddable":true,"href":"https:\/\/archives.regards.fr\/index.php?rest_route=%2Fwp%2Fv2%2Fcategories&post=6057"},{"taxonomy":"post_tag","embeddable":true,"href":"https:\/\/archives.regards.fr\/index.php?rest_route=%2Fwp%2Fv2%2Ftags&post=6057"}],"curies":[{"name":"wp","href":"https:\/\/api.w.org\/{rel}","templated":true}]}}