{"id":6056,"date":"2012-12-07T19:20:00","date_gmt":"2012-12-07T18:20:00","guid":{"rendered":"https:\/\/wp.muchomaas.com\/gaza-et-la-nouvelle-donne6056\/"},"modified":"2012-12-07T19:20:00","modified_gmt":"2012-12-07T18:20:00","slug":"gaza-et-la-nouvelle-donne6056","status":"publish","type":"post","link":"https:\/\/archives.regards.fr\/?p=6056","title":{"rendered":"Gaza et la nouvelle donne r\u00e9gionale"},"content":{"rendered":"<p class=\"post_excerpt\">La Palestine prend du galon \u00e0 l\u2019ONU. R\u00e9sultat du printemps<br \/>\narabe ? Pour le politologue Bernard Botiveau, si la<br \/>\nPalestine fait bien l\u2019objet, du Caire \u00e0 Tunis, d\u2019une \u00ab solidarit\u00e9<br \/>\npermanente \u00bb, elle n\u2019est pas une \u00ab priorit\u00e9 politique \u00bb.<\/p>\n<p>C\u2019est fait. Depuis le 29 novembre,<br \/>\nla Palestine dispose<br \/>\naux Nations unies<br \/>\nd\u2019un statut d\u2019\u00c9tat observateur<br \/>\nnon-membre qui<br \/>\nla met au m\u00eame niveau que le Vatican.<br \/>\nCe rehaussement (138 \u00c9tats, dont la<br \/>\nFrance, ont vot\u00e9 pour, 41 se sont abstenus<br \/>\net 9 ont vot\u00e9 contre, dont les<br \/>\n\u00c9tats-Unis et Isra\u00ebl, bien entendu) est le<br \/>\npremier palier de ce type franchit par les<br \/>\nPalestiniens au sein du c\u00e9nacle onusien<br \/>\ndepuis quinze ans : le 7 juillet 1998,<br \/>\ndix ans apr\u00e8s avoir d\u00e9cid\u00e9 que la d\u00e9signation<br \/>\nde Palestine remplacerait celle<br \/>\nd\u2019OLP, l\u2019Assembl\u00e9e g\u00e9n\u00e9rale de l\u2019ONU<br \/>\n\u00e9levait le statut de la d\u00e9l\u00e9gation de Palestine<br \/>\n\u00e0 celui d\u2019observateur permanent.<br \/>\nLa Palestine n\u2019\u00e9tant toujours pas un<br \/>\n\u00c9tat membre de plein droit (ce qui n\u00e9cessiterait<br \/>\nun vote unanime du Conseil<br \/>\nde s\u00e9curit\u00e9, rendu \u00e0 ce jour impossible<br \/>\npar le veto des \u00c9tats-Unis), l\u2019avanc\u00e9e du<br \/>\n29 novembre, reste \u00ab symbolique \u00bb, rappelle<br \/>\nle politologue Bernard Botiveau [[Bernard Botiveau est chercheur du CNRS<br \/>\n\u00e0 l\u2019Institut de recherches et d\u2019\u00e9tudes sur le<br \/>\nmonde arabe et musulman (IREMAM) et auteur,<br \/>\nen 1999, de <em>L\u2019\u00c9tat palestinien<\/em> (Presses de<br \/>\nSciences Po).]].<br \/>\n<em>\u00ab Il y a quand m\u00eame quelque chose<br \/>\nd\u2019essentiel, c\u2019est l\u2019introduction du<br \/>\nterme d\u2019\u00c9tat, ajoute-t-il aussit\u00f4t. Cela va<br \/>\nrendre plus ais\u00e9 d\u2019expliquer qu\u2019il s\u2019agit<br \/>\nbien d\u2019une occupation : on n\u2019est plus<br \/>\ndans de vagues \u201cterritoires autonomes\u201d<br \/>\nmais dans un \u00c9tat et donc, si une arm\u00e9e<br \/>\n\u00e9trang\u00e8re s\u2019y trouve, c\u2019est de l\u2019occupation<br \/>\nen bonne et due forme. \u00bb<\/em><\/p>\n<p>Une occupation \u00e0 laquelle le \u00ab processus<br \/>\nde n\u00e9gociation \u00bb avec Isra\u00ebl que<br \/>\nMahmoud Abbas dit vouloir reprendre<br \/>\nd\u2019urgence, n\u2019a jamais mis fin, bien<br \/>\nau contraire : depuis la signature, \u00e0<br \/>\nWashington en septembre 1993, des<br \/>\naccords d\u2019Oslo, la population de colons en Cisjordanie est pass\u00e9e de<br \/>\n270 000 \u00e0 520 000 en 2010 [[Selon un document de la plateforme des<br \/>\nONG fran\u00e7aises pour la Palestine \u00ab Palestine,<br \/>\nles chiffres-clefs \u00bb, juillet 2012.]].<\/p>\n<p>Sur ce point crucial de l\u2019extension des<br \/>\ncolonies, comme sur ceux de la reconnaissance<br \/>\nde J\u00e9rusalem-Est comme<br \/>\ncapitale, du droit au retour des r\u00e9fugi\u00e9s,<br \/>\ndu d\u00e9mant\u00e8lement du mur, de la fin du<br \/>\nblocus de Gaza, le vote de l\u2019ONU ne va<br \/>\nrien changer. La r\u00e9alit\u00e9 concr\u00e8te de l\u2019occupation<br \/>\net des rapports de force sur<br \/>\nle terrain demeure inchang\u00e9e. <em>\u00ab Ce rehaussement<br \/>\nde statut va quand m\u00eame<br \/>\npermettre \u00e0 des repr\u00e9sentants de pays<br \/>\n\u00e9trangers de se rendre sur place en<br \/>\ntant que tels,<\/em> positive Bernard Botiveau.<br \/>\n<em>La Palestine si\u00e9geant d\u00e9sormais<br \/>\n\u00e0 l\u2019Unesco et comme \u00c9tat non-membre<br \/>\nobservateur \u00e0 l\u2019ONU, cela va faciliter ce<br \/>\ntype de contact et d\u2019\u00e9changes. \u00bb<\/em><\/p>\n<h2>Nouvelle donne apr\u00e8s Gaza<\/h2>\n<p>Une Palestine moins isol\u00e9e ? Huit jours<br \/>\navant le vote \u00e0 l\u2019ONU, l\u2019agression isra\u00e9lienne<br \/>\nde la bande de Gaza conduite<br \/>\nentre le 14 et le 21 novembre dernier [[Sur regards.fr, le 19 novembre : <a href=\"5863\">\u00ab A Gaza,<br \/>\nIsra\u00ebl tue et joue avec le feu \u00bb<\/a>.]]<br \/>\nen avait, pour ainsi dire, donn\u00e9 un avant-go\u00fbt.<br \/>\nDurant cette s\u00e9quence meurtri\u00e8re<br \/>\n(162 tu\u00e9s dont une quarantaine<br \/>\nd\u2019enfants et des centaines de bless\u00e9s<br \/>\ngraves, c\u00f4t\u00e9 palestinien ; 6 tu\u00e9s, c\u00f4t\u00e9<br \/>\nisra\u00e9lien) on a pu voir les premiers<br \/>\neffets diplomatiques du changement<br \/>\nde donne r\u00e9gionale, post-nouveaux r\u00e9gimes<br \/>\nen Tunisie et en \u00c9gypte. Durant<br \/>\nl\u2019op\u00e9ration militaire isra\u00e9lienne, le premier<br \/>\nministre \u00e9gyptien, suivi quelques<br \/>\njours plus tard du ministre tunisien des<br \/>\nAffaires \u00e9trang\u00e8res, se sont en effet<br \/>\nrendus \u00e0 Gaza pour afficher leur soutien<br \/>\naux Palestiniens.<\/p>\n<p><em>\u00ab Sur cette guerre de Gaza, l\u2019\u00c9gypte<br \/>\nest intervenue main dans la main avec<br \/>\nles \u00c9tats-Unis et Morsi, le Pr\u00e9sident<br \/>\n\u00e9gyptien, a pleinement jou\u00e9 son r\u00f4le<br \/>\npuisqu\u2019il a r\u00e9ussi \u00e0 obtenir du Hamas<br \/>\nqu\u2019il calme les factions les plus radicales<br \/>\ndu territoire qui, vu la violence<br \/>\ndes frappes isra\u00e9liennes, auraient probablement<br \/>\naim\u00e9 continuer d\u2019en d\u00e9coudre<br \/>\n\u00bb<\/em>, souligne le politologue pour<br \/>\nqui, \u00e0 cette occasion, il a \u00e9t\u00e9 d\u00e9montr\u00e9<br \/>\nque <em>\u00ab l\u2019\u00c9gypte reste bien le relais des<br \/>\n\u00c9tats-Unis dans la r\u00e9gion \u00bb<\/em>.<\/p>\n<p>Ce n\u2019est pas le moindre des paradoxes<br \/>\nde la situation actuelle. Les r\u00e9gimes de<br \/>\nMoubarak et de Ben Ali \u2013 pour s\u2019en tenir<br \/>\naux \u00ab r\u00e9voltes arabes \u00bb les plus \u00ab abouties<br \/>\n\u00bb \u00e0 ce jour \u2013 ont \u00e9t\u00e9 renvers\u00e9s par des peuples qui attendent de leurs dirigeants<br \/>\nplus d\u2019engagement aux c\u00f4t\u00e9s<br \/>\ndes Palestiniens. En l\u2019occurrence, Mohamed<br \/>\nMorsi et les Fr\u00e8res musulmans<br \/>\nau Caire, Moncef Marzouki et Ennhada<br \/>\n\u00e0 Tunis, ont toujours affich\u00e9 clairement<br \/>\nleur solidarit\u00e9 avec la cause palestinienne.<br \/>\nDe plus, les Fr\u00e8res musulmans<br \/>\nsont le mouvement, la matrice dont est<br \/>\nissu le Hamas, \u00e0 la t\u00eate de la bande de<br \/>\nGaza depuis cinq ans. Au regard de<br \/>\nces proximit\u00e9s historique, id\u00e9ologique,<br \/>\npolitique, l\u2019implication du gouvernement<br \/>\ndes \u00ab Fr\u00e8res \u00bb sur le conflit peut<br \/>\nsembler en de\u00e7\u00e0 de ce qu\u2019elle pourrait<br \/>\n\u00eatre. Selon Bernard Botiveau, du c\u00f4t\u00e9<br \/>\ndes peuples<em> \u00ab le soutien \u00e0 la cause<br \/>\npalestinienne dans les pays arabes est<br \/>\nauthentique et profond, \u00e7a ne fait aucun<br \/>\ndoute. Mais la r\u00e9alit\u00e9 c\u2019est que sur<br \/>\nle terrain, les \u00c9gyptiens par exemple<br \/>\nsont aujourd\u2019hui dans l\u2019urgence de<br \/>\nr\u00e9gler de lourds probl\u00e8mes mis en<br \/>\nlumi\u00e8re par la r\u00e9volution : le ch\u00f4mage,<br \/>\nles probl\u00e8mes \u00e9conomiques, etc. Les<br \/>\ngens restent mobilis\u00e9s sur des enjeux<br \/>\ninternes, y compris pour s\u2019assurer<br \/>\nque leurs r\u00e9volutions ne vont pas \u00eatre<br \/>\nconfisqu\u00e9es par de nouveaux r\u00e9gimes<br \/>\nautoritaires \u00bb<\/em>. Dans ce contexte, la Palestine<br \/>\nfait bien l\u2019objet d\u2019une \u00ab solidarit\u00e9<br \/>\nsinc\u00e8re et permanente \u00bb mais n\u2019est pas<br \/>\n\u00ab une priorit\u00e9 politique \u00bb.<\/p>\n<p>De plus, les situations diff\u00e8rent. <em>\u00ab En<br \/>\nTunisie, on est quand m\u00eame loin du<br \/>\nterrain de combat. Ce qui n\u2019est pas du<br \/>\ntout le cas avec l\u2019\u00c9gypte, notamment<br \/>\n\u00e0 cause du Sina\u00ef, par lequel transitent<br \/>\nde nombreux trafics mais aussi le gaz<br \/>\nlivr\u00e9 \u00e0 Isra\u00ebl. Ce territoire d\u00e9sertique<br \/>\nest aujourd\u2019hui un v\u00e9ritable enjeu : le<br \/>\nnouveau gouvernement \u00e9gyptien doit<br \/>\nd\u00e9montrer qu\u2019il en a le contr\u00f4le. \u00bb<\/em><\/p>\n<p>Une d\u00e9monstration qui passe notamment<br \/>\npar le maintien, aux fronti\u00e8res de<br \/>\nGaza d\u2019un contr\u00f4le assez restrictif de<br \/>\nla libert\u00e9 de circulation. <em>\u00ab Ils ont ouvert<br \/>\nles portes, mais mod\u00e9r\u00e9ment. Certes,<br \/>\nles Fr\u00e8res musulmans et le Hamas sont<br \/>\ndeux forces amies qui n\u2019ont pas de diff\u00e9rents<br \/>\npolitiques ; mais les premiers<br \/>\nsont d\u00e9sormais \u00e0 la t\u00eate de l\u2019\u00c9gypte et<br \/>\ndonc oblig\u00e9s de prendre des mesures,<br \/>\nau plan \u00e9conomique, sur la circulation<br \/>\naux fronti\u00e8res, etc. qui peuvent sembler<br \/>\ncontradictoires. C\u2019est une situation<br \/>\nambivalente ; si Morsi s\u2019est impliqu\u00e9 \u00e0<br \/>\nfond dans la m\u00e9diation \u00e0 Gaza, c\u2019est<br \/>\naussi pour montrer aux \u00c9tats-Unis<br \/>\nqu\u2019ils peuvent compter sur lui. \u00bb<\/em><br \/>\nCe faisant, en jouant avec un certain<br \/>\nsucc\u00e8s le r\u00f4le de m\u00e9diateur, le Pr\u00e9sident \u00e9gyptien a contribu\u00e9 \u00e0<br \/>\nrestaurer un peu la place du Hamas<br \/>\ndans le jeu r\u00e9gional o\u00f9 il appara\u00eet d\u00e9sormais<br \/>\ncomme \u00ab un adversaire utile \u00bb<br \/>\ncapable de mod\u00e9rer les ardeurs du<br \/>\nJihad islamique, du FPLP ou des<br \/>\nComit\u00e9s populaires \u00e0 Gaza.<\/p>\n<p>La visite, le 23 octobre dernier, sur<br \/>\nplace de l\u2019\u00e9mir du Qatar et de son ch\u00e9quier<br \/>\nrembourr\u00e9, participe \u00e9galement<br \/>\nde cet autre \u00ab rehaussement \u00bb. Dernier<br \/>\nparadoxe, sur la sc\u00e8ne politique<br \/>\npalestinienne, le Hamas \u2013 toujours<br \/>\nofficiellement consid\u00e9r\u00e9 comme une<br \/>\norganisation terroriste \u2013, tire donc aujourd\u2019hui<br \/>\nplus de b\u00e9n\u00e9fices, m\u00eame s\u2019ils<br \/>\nrestent minimes, de la nouvelle donne<br \/>\nr\u00e9gionale que son rival du Fatah\u2026 Qui<br \/>\nreste pourtant le \u00ab partenaire \u00bb privil\u00e9gi\u00e9<br \/>\ndes puissances occidentales qui,<br \/>\ndepuis deux ans, font mine de se f\u00e9liciter<br \/>\net\/ou d\u2019accompagner les changements<br \/>\nsurvenus dans le monde arabe.<\/p>\n","protected":false},"excerpt":{"rendered":"<p>La Palestine prend du galon \u00e0 l\u2019ONU. R\u00e9sultat du printemps<br \/>\narabe ? Pour le politologue Bernard Botiveau, si la<br \/>\nPalestine fait bien l\u2019objet, du Caire \u00e0 Tunis, d\u2019une \u00ab solidarit\u00e9<br \/>\npermanente \u00bb, elle n\u2019est pas une \u00ab priorit\u00e9 politique \u00bb.<\/p>\n","protected":false},"author":558,"featured_media":0,"comment_status":"open","ping_status":"open","sticky":false,"template":"","format":"standard","meta":{"_themeisle_gutenberg_block_has_review":false,"footnotes":""},"categories":[1],"tags":[332],"class_list":["post-6056","post","type-post","status-publish","format-standard","hentry","category-non-classe","tag-palestine"],"_links":{"self":[{"href":"https:\/\/archives.regards.fr\/index.php?rest_route=\/wp\/v2\/posts\/6056","targetHints":{"allow":["GET"]}}],"collection":[{"href":"https:\/\/archives.regards.fr\/index.php?rest_route=\/wp\/v2\/posts"}],"about":[{"href":"https:\/\/archives.regards.fr\/index.php?rest_route=\/wp\/v2\/types\/post"}],"author":[{"embeddable":true,"href":"https:\/\/archives.regards.fr\/index.php?rest_route=\/wp\/v2\/users\/558"}],"replies":[{"embeddable":true,"href":"https:\/\/archives.regards.fr\/index.php?rest_route=%2Fwp%2Fv2%2Fcomments&post=6056"}],"version-history":[{"count":0,"href":"https:\/\/archives.regards.fr\/index.php?rest_route=\/wp\/v2\/posts\/6056\/revisions"}],"wp:attachment":[{"href":"https:\/\/archives.regards.fr\/index.php?rest_route=%2Fwp%2Fv2%2Fmedia&parent=6056"}],"wp:term":[{"taxonomy":"category","embeddable":true,"href":"https:\/\/archives.regards.fr\/index.php?rest_route=%2Fwp%2Fv2%2Fcategories&post=6056"},{"taxonomy":"post_tag","embeddable":true,"href":"https:\/\/archives.regards.fr\/index.php?rest_route=%2Fwp%2Fv2%2Ftags&post=6056"}],"curies":[{"name":"wp","href":"https:\/\/api.w.org\/{rel}","templated":true}]}}