{"id":6055,"date":"2013-01-22T19:24:39","date_gmt":"2013-01-22T18:24:39","guid":{"rendered":"https:\/\/wp.muchomaas.com\/je-vous-en-prie-mefiez-vous-du6055\/"},"modified":"2013-01-22T19:24:39","modified_gmt":"2013-01-22T18:24:39","slug":"je-vous-en-prie-mefiez-vous-du6055","status":"publish","type":"post","link":"https:\/\/archives.regards.fr\/?p=6055","title":{"rendered":"\u00ab Je vous en prie, m\u00e9fiez-vous du mod\u00e8le allemand ! \u00bb Steffen Lehndorff, \u00e9conomiste"},"content":{"rendered":"<p class=\"post_excerpt\">Dans <em>Le triomphe des id\u00e9es fausses<\/em>, l\u2019\u00e9conomiste<br \/>\nSteffen Lehndorff remet s\u00e9rieusement en cause<br \/>\nle \u00ab mod\u00e8le allemand \u00bb, qu\u2019il juge responsable d\u2019une forme<br \/>\nd\u2019asphyxie des \u00e9conomies europ\u00e9ennes voisines.<\/p>\n<p><strong>Regards.fr.<\/strong> <em> <strong>En quoi les r\u00e9formes du march\u00e9 du travail<br \/>\nont eu un effet sur la \u00ab paup\u00e9risation<br \/>\n\u00bb du salari\u00e9 et sur le d\u00e9veloppement<br \/>\ndes bas salaires ?<\/strong><br \/>\n <\/em><\/p>\n<p><strong>Steffen Lehndorff.<\/strong> Aujourd\u2019hui en Allemagne, plus d\u2019un travailleur<br \/>\nsur cinq, soit 22 % des actifs,<br \/>\ngagne moins des deux tiers du salaire<br \/>\nmoyen, ce qui est la d\u00e9finition d\u2019un<br \/>\nbas salaire. Il y a une multitude de raisons<br \/>\n\u00e0 cela : les ouvriers couverts par<br \/>\nune convention collective par secteur<br \/>\nne sont d\u00e9sormais pas plus de 60 %,<br \/>\nalors m\u00eame que l\u2019extension de r\u00e8gles<br \/>\ncollectives \u00e9mises par le minist\u00e8re du<br \/>\nTravail a \u00e9t\u00e9 quasiment abandonn\u00e9e.<br \/>\nCe que nous appelons les \u00ab mini-jobs \u00bb<br \/>\nsont aussi devenus bien plus attractifs<br \/>\npour les employeurs et les employ\u00e9s.<br \/>\nSans compter que le d\u00e9mant\u00e8lement<br \/>\npartiel de l\u2019assurance ch\u00f4mage a forc\u00e9<br \/>\nde nombreuses personnes \u00e0 accepter<br \/>\ndes emplois \u00e0 n\u2019importe quelles<br \/>\nconditions et \u00e0 des niveaux moins \u00e9lev\u00e9s<br \/>\nde qualification. Tout ceci, bien<br \/>\ns\u00fbr, exerce une \u00e9norme pression<br \/>\nsur tous les autres travailleurs, tous<br \/>\ncomme les standards extr\u00eamement<br \/>\nfaibles qui ont cours pour un million<br \/>\nde travailleurs int\u00e9rimaires.<\/p>\n<p><em> <strong>L\u2019Allemagne est aussi connue en France<br \/>\npour la qualit\u00e9 de son dialogue social. Le<br \/>\nmilieu syndical allemand est-il toujours<br \/>\naussi puissant aujourd\u2019hui ?<\/strong> <\/em><\/p>\n<p>Les syndicats sont beaucoup moins fragment\u00e9s qu\u2019en France et le taux de<br \/>\nsyndicalisation est meilleur. Mais depuis<br \/>\ndix ou vingt ans, ils ont perdu de leur<br \/>\ninfluence politique. Notre \u00ab partenariat<br \/>\nsocial \u00bb a \u00e9t\u00e9 endommag\u00e9 par le tournant<br \/>\nn\u00e9olib\u00e9ral de ces dix derni\u00e8res<br \/>\nann\u00e9es. Dans l\u2019industrie de services,<br \/>\nil devient tr\u00e8s difficile d\u2019aller au bout<br \/>\nd\u2019une convention collective. Le syndicat<br \/>\ndu secteur tertiaire, par exemple, a d\u00fb<br \/>\norganiser de tr\u00e8s lourdes campagnes<br \/>\nsimplement pour mettre sur pied des<br \/>\ncomit\u00e9s d\u2019entreprise dans certains supermarch\u00e9s.<br \/>\nSi on regarde \u00e0 plus long<br \/>\nterme, dans les services publics, mais<br \/>\n\u00e9galement dans l\u2019industrie, la relation est<br \/>\ndevenue plus conflictuelle.<\/p>\n<p><em> <strong>Pourquoi n\u2019y a-t-il pas de salaire minimum<br \/>\nen Allemagne ?<\/strong> <\/em><\/p>\n<p>Quand les syndicats et le principe de la<br \/>\nn\u00e9gociation collective ont commenc\u00e9 \u00e0<br \/>\n\u00eatre affaiblis, \u00e0 la suite de la r\u00e9unification<br \/>\nallemande, le secteur des bas salaires<br \/>\ns\u2019est d\u00e9velopp\u00e9, d\u2019abord \u00e0 l\u2019Est, puis<br \/>\nprogressivement \u00e0 l\u2019Ouest. Les syndicats<br \/>\nn\u2019aimaient pas l\u2019id\u00e9e d\u2019un salaire<br \/>\nminimum statutaire, et ont milit\u00e9 pour la<br \/>\npr\u00e9valence des n\u00e9gociations collectives<br \/>\naussi longtemps que possible. Mais \u00e0<br \/>\nl\u2019occasion du retournement n\u00e9olib\u00e9ral<br \/>\ndu gouvernement rouge et vert au d\u00e9but<br \/>\ndes ann\u00e9es 2000, ils ont chang\u00e9 de point<br \/>\nde vue. Sur le plan politique, le Parti de<br \/>\ngauche a \u00e9t\u00e9 le premier \u00e0 appeler \u00e0 un<br \/>\nsalaire minimum, suivis par les Verts allemands,<br \/>\net r\u00e9cemment par les socio-d\u00e9mocrates.<br \/>\nAujourd\u2019hui, plus de trois Allemands<br \/>\nsur quatre soutiennent cette id\u00e9e.<\/p>\n<p><em> <strong>Comment ce mod\u00e8le a-t-il donc pu s\u2019imposer<br \/>\ncomme la seule issue possible<br \/>\npour toute l\u2019Europe ?<\/strong> <\/em><\/p>\n<p>L\u2019exportation massive de produits industriels<br \/>\nn\u2019est pas un ph\u00e9nom\u00e8ne nouveau<br \/>\nen Allemagne. Mais ce segment puissant<br \/>\nde l\u2019\u00e9conomie est de moins en<br \/>\nmoins encadr\u00e9 par un environnement institutionnel et un r\u00e9\u00e9quilibrage social<br \/>\nqui permettaient jusqu\u2019ici \u00e0 l\u2019\u00e9conomie<br \/>\net \u00e0 la soci\u00e9t\u00e9 tout enti\u00e8re de b\u00e9n\u00e9ficier<br \/>\nde ses succ\u00e8s. Corollaire de ce d\u00e9mant\u00e8lement<br \/>\net de l\u2019augmentation des bas<br \/>\nsalaires, le niveau de salaire moyen a<br \/>\nstagn\u00e9 lors du cycle \u00e9conomique qui a<br \/>\npr\u00e9c\u00e9d\u00e9 la crise. Ceci a ouvert la voie<br \/>\n\u00e0 un \u00e9norme avantage concurrentiel de<br \/>\nl\u2019Allemagne au sein du march\u00e9 europ\u00e9en.<\/p>\n<p><em> <strong>Cette strat\u00e9gie a-t-elle aussi fonctionn\u00e9<br \/>\npendant la crise ?<\/strong> <\/em><\/p>\n<p>Ce qui s\u2019est pass\u00e9 depuis 2008 est plut\u00f4t<br \/>\nparadoxal. La r\u00e9cession \u00e9conomique<br \/>\nen Allemagne au d\u00e9but de la crise \u00e9tait<br \/>\ndramatique, compte tenu du fait de notre<br \/>\nextr\u00eame d\u00e9pendance aux exportations.<br \/>\nCependant, le march\u00e9 du travail allemand<br \/>\nest rest\u00e9 stable gr\u00e2ce \u00e0 une s\u00e9rie<br \/>\nde mesures de soutien \u00e0 la croissance et<br \/>\nle coup d\u2019acc\u00e9l\u00e9rateur donn\u00e9 \u00e0 la flexibilit\u00e9<br \/>\ndans les entreprises. Le travail \u00e0 temps<br \/>\npartiel temporaire et la flexibilit\u00e9 dans les<br \/>\nheures de travail ont contribu\u00e9 \u00e0 \u00e9viter<br \/>\nles licenciements massifs. Tout ceci \u00e9tait<br \/>\nbas\u00e9 sur un retour de ce que l\u2019on a coutume<br \/>\nd\u2019appeler \u00ab le partenariat social \u00bb<br \/>\nallemand, qui est la cogestion \u00e0 tous les<br \/>\nniveaux de production. En gros, avant la<br \/>\ncrise, le bouleversement du mod\u00e8le socio-<br \/>\n\u00e9conomique allemand a activement<br \/>\ncontribu\u00e9 \u00e0 l\u2019\u00e9mergence d\u2019un d\u00e9s\u00e9quilibre<br \/>\ndans les \u00e9conomies europ\u00e9ennes.<br \/>\nMais la stabilisation du march\u00e9 du travail<br \/>\net de l\u2019\u00e9conomie \u00e0 partir de 2009 est en<br \/>\nfait attribuable \u00e0 la r\u00e9activation des \u00e9l\u00e9ments<br \/>\ndu mod\u00e8le allemand qui ont surv\u00e9cu<br \/>\n\u00e0 la volont\u00e9 des n\u00e9olib\u00e9raux.<\/p>\n<p><em> <strong>Les hommes politiques fran\u00e7ais sont<br \/>\nnombreux \u00e0 vanter le \u00ab mod\u00e8le allemand<br \/>\n\u00bb Est-ce qu\u2019ils se trompent ?<\/strong> <\/em><\/p>\n<p>Le d\u00e9bat actuel tourne uniquement autour<br \/>\ndu co\u00fbt du travail\u2026 Or ne sait-on<br \/>\npas que c\u2019est la productivit\u00e9, la qualit\u00e9<br \/>\nde la production, l\u2019organisation du travail,<br \/>\nla qualification et la formation de la<br \/>\nmain-d\u2019oeuvre ainsi que l\u2019innovation qui<br \/>\nsont centraux pour une meilleure comp\u00e9titivit\u00e9<br \/>\n\u00e0 l\u2019\u00e9chelle internationale ? Les<br \/>\npolitiques ont-ils oubli\u00e9 que la qualit\u00e9 des<br \/>\nservices sociaux est essentielle et que le<br \/>\nd\u00e9veloppement potentiel d\u2019un pays est<br \/>\naussi important que sa comp\u00e9titivit\u00e9 ?<br \/>\nSans compter que la campagne n\u00e9olib\u00e9rale<br \/>\nqui pointe du doigt l\u2019Allemagne<br \/>\ncomme \u00ab l\u2019homme malade de l\u2019Europe \u00bb<br \/>\na repris de la vigueur chez nous aussi,<br \/>\navec des pr\u00e9conisations qui vont toutes<br \/>\ndans le m\u00eame sens : accro\u00eetre les in\u00e9galit\u00e9s<br \/>\nsociales et salariales et appauvrir<br \/>\nles services publics. Ma suggestion est<br \/>\nla suivante : je vous en prie, m\u00e9fiez-vous<br \/>\ndu mod\u00e8le allemand !<\/p>\n","protected":false},"excerpt":{"rendered":"<p>Dans <em>Le triomphe des id\u00e9es fausses<\/em>, l\u2019\u00e9conomiste<br \/>\nSteffen Lehndorff remet s\u00e9rieusement en cause<br \/>\nle \u00ab mod\u00e8le allemand \u00bb, qu\u2019il juge responsable d\u2019une forme<br \/>\nd\u2019asphyxie des \u00e9conomies europ\u00e9ennes voisines.<\/p>\n","protected":false},"author":1,"featured_media":0,"comment_status":"open","ping_status":"open","sticky":false,"template":"","format":"standard","meta":{"_themeisle_gutenberg_block_has_review":false,"footnotes":""},"categories":[1],"tags":[293],"class_list":["post-6055","post","type-post","status-publish","format-standard","hentry","category-non-classe","tag-entretien"],"_links":{"self":[{"href":"https:\/\/archives.regards.fr\/index.php?rest_route=\/wp\/v2\/posts\/6055","targetHints":{"allow":["GET"]}}],"collection":[{"href":"https:\/\/archives.regards.fr\/index.php?rest_route=\/wp\/v2\/posts"}],"about":[{"href":"https:\/\/archives.regards.fr\/index.php?rest_route=\/wp\/v2\/types\/post"}],"author":[{"embeddable":true,"href":"https:\/\/archives.regards.fr\/index.php?rest_route=\/wp\/v2\/users\/1"}],"replies":[{"embeddable":true,"href":"https:\/\/archives.regards.fr\/index.php?rest_route=%2Fwp%2Fv2%2Fcomments&post=6055"}],"version-history":[{"count":0,"href":"https:\/\/archives.regards.fr\/index.php?rest_route=\/wp\/v2\/posts\/6055\/revisions"}],"wp:attachment":[{"href":"https:\/\/archives.regards.fr\/index.php?rest_route=%2Fwp%2Fv2%2Fmedia&parent=6055"}],"wp:term":[{"taxonomy":"category","embeddable":true,"href":"https:\/\/archives.regards.fr\/index.php?rest_route=%2Fwp%2Fv2%2Fcategories&post=6055"},{"taxonomy":"post_tag","embeddable":true,"href":"https:\/\/archives.regards.fr\/index.php?rest_route=%2Fwp%2Fv2%2Ftags&post=6055"}],"curies":[{"name":"wp","href":"https:\/\/api.w.org\/{rel}","templated":true}]}}