{"id":6052,"date":"2012-12-07T19:45:00","date_gmt":"2012-12-07T18:45:00","guid":{"rendered":"https:\/\/wp.muchomaas.com\/elles-ont-ete-violees-et-elles-le6052\/"},"modified":"2012-12-07T19:45:00","modified_gmt":"2012-12-07T18:45:00","slug":"elles-ont-ete-violees-et-elles-le6052","status":"publish","type":"post","link":"https:\/\/archives.regards.fr\/?p=6052","title":{"rendered":"Elles ont \u00e9t\u00e9 viol\u00e9es et elles le disent"},"content":{"rendered":"<p class=\"post_excerpt\">Lib\u00e9rer la parole des femmes victimes de viol pour que<br \/>\nla honte change de camp, tel est l\u2019objectif vis\u00e9 par<br \/>\nle documentaire \u00ab Viol, elles se manifestent \u00bb, cor\u00e9alis\u00e9<br \/>\npar Andr\u00e9a Rawlins et St\u00e9phane Carrel. Entretien.<\/p>\n<p>Le viol n\u2019est pas un fait-divers, mais un fait<br \/>\nsocial et politique qui touche, en France,<br \/>\n75 000 femmes chaque ann\u00e9e. Une<br \/>\ntoutes les huit minutes en moyenne. Et<br \/>\nbien davantage encore, si l\u2019on consid\u00e8re<br \/>\ntoutes celles qui ne portent pas plainte.<br \/>\nC\u2019est-\u00e0-dire, 90 % d\u2019entre elles. Publi\u00e9 fin<br \/>\nnovembre dans <em>Le Nouvel Observateur<\/em>,<br \/>\nle manifeste des 313 contre le viol lanc\u00e9<br \/>\npar la codirectrice de <em>Regards<\/em>, Cl\u00e9mentine<br \/>\nAutain, a d\u2019ores et d\u00e9j\u00e0 recueilli plus<br \/>\nde 700 signatures. Une initiative en lien<br \/>\navec le documentaire d\u2019Andr\u00e9a Rawlins,<br \/>\n<em>Viol, elles se manifestent<\/em>, diffus\u00e9 sur<br \/>\nFrance 2 au m\u00eame moment. Dans ce film,<br \/>\nplusieurs femmes c\u00e9l\u00e8bres ou anonymes<br \/>\nd\u00e9crivent, dans sa crudit\u00e9 et sa cruaut\u00e9,<br \/>\nla r\u00e9alit\u00e9 du crime qu\u2019elles ont subi. Elles<br \/>\ndisent l\u2019\u00e9tat de sid\u00e9ration qui s\u2019est empar\u00e9<br \/>\nd\u2019elles, les r\u00e9actions de leur entourage,<br \/>\nles cons\u00e9quences dans leur vie. Cet appel<br \/>\net ce documentaire ont d\u00e9clench\u00e9<br \/>\nune avalanche de r\u00e9ponses. Quarante<br \/>\nans apr\u00e8s le \u00ab manifeste des 343 \u00bb pour<br \/>\nle droit \u00e0 l\u2019avortement, la parole se lib\u00e8re<br \/>\nsur un autre non-dit.<\/p>\n<p><strong>Regards.fr. <\/strong> <em> <strong>Comment est n\u00e9 le projet de<br \/>\ndocumentaire contre le viol ?<\/strong> <\/em><\/p>\n<p><strong>Andr\u00e9a Rawlins.<\/strong> Les causes avancent par \u00e0-coups. On<br \/>\nest dans une \u00e9poque propice \u00e0 la lib\u00e9ration<br \/>\nde cette parole. L\u2019affaire DSK, son<br \/>\ntraitement, a servi d\u2019\u00e9lectrochoc. Dans<br \/>\nun pays des droits de l\u2019homme o\u00f9 les<br \/>\nfemmes ont le droit d\u2019avorter, o\u00f9 elles ont<br \/>\neu le droit de vote avant d\u2019autres, persiste<br \/>\nun archa\u00efsme. Cette histoire a ouvert le<br \/>\ncouvercle, les langues se sont d\u00e9li\u00e9es,<br \/>\ndes personnalit\u00e9s se sont prononc\u00e9es.<br \/>\n<em>\u00ab Troussage de domestique \u00bb<\/em>, <em>\u00ab Il n\u2019y<br \/>\na pas mort d\u2019homme \u00bb<\/em>\u2026 Ces mots qui<br \/>\nont \u00e9t\u00e9 prononc\u00e9s ne tiennent pas de la<br \/>\nmalveillance, ils t\u00e9moignent d\u2019un manque<br \/>\nd\u2019\u00e9ducation, y compris chez des intellectuels.<br \/>\nL\u2019id\u00e9e de r\u00e9aliser un documentaire<br \/>\nmanifeste contre le viol a germ\u00e9 dans<br \/>\nl\u2019esprit d\u2019un homme, Pascal Manoukian,<br \/>\n\u00e0 l\u2019agence Capa. Il a propos\u00e9 de<br \/>\nr\u00e9activer le manifeste des 343 en appliquant<br \/>\nle principe aux victimes de viol.<br \/>\nUn sujet tabou.<\/p>\n<p><em> <strong>A-t-il \u00e9t\u00e9 facile de trouver des femmes qui<br \/>\nacceptent de parler ?<\/strong> <\/em><\/p>\n<p>Quand on a commenc\u00e9 \u00e0 travailler sur<br \/>\nce film, j\u2019ai \u00e9t\u00e9 sid\u00e9r\u00e9e par le nombre<br \/>\nde personnes victimes de viol dans mon<br \/>\nentourage amical et professionnel. Ce<br \/>\nn\u2019est pas un fait-divers, mais un fl\u00e9au<br \/>\nsocial qui concerne toutes les femmes, et<br \/>\ndonc toute la soci\u00e9t\u00e9. J\u2019ai activ\u00e9 tous mes<br \/>\nr\u00e9seaux dans les milieux judiciaires, hospitalier,<br \/>\nassociatif. Une masse de femmes<br \/>\na r\u00e9pondu positivement. Mais si des stars<br \/>\ndu monde du cin\u00e9ma, de la chanson,<br \/>\ndu sport, de l\u2019\u00e9dition se sont confi\u00e9es \u00e0<br \/>\nnous, la plupart n\u2019ont pas voulu t\u00e9moigner<br \/>\npubliquement. Elles craignaient qu\u2019on leur<br \/>\ncolle une \u00e9tiquette sur le visage. Il y a la<br \/>\ntrouille de n\u2019\u00eatre plus per\u00e7u que comme<br \/>\n\u00e7a. On ne peut pas leur jeter la pierre\u2026<\/p>\n<p><em> <strong>En 2010, le Collectif f\u00e9ministe contre le<br \/>\nviol, Mix-Cit\u00e9 et Osez le f\u00e9minisme avaient<br \/>\nd\u00e9j\u00e0 publi\u00e9 un manifeste. Pourquoi l\u2019\u00e9cho<br \/>\nest-il plus important aujourd\u2019hui ?<\/strong> <\/em><\/p>\n<p>\u00c0 la t\u00e9l\u00e9, l\u2019initiative est in\u00e9dite. C\u2019est la<br \/>\npremi\u00e8re fois qu\u2019une cha\u00eene accepte un<br \/>\ndocumentaire qui prend la forme d\u2019un<br \/>\nmanifeste politique. Je rends hommage<br \/>\naux batailles qui ont pr\u00e9c\u00e9d\u00e9. Cette p\u00e9tition<br \/>\npubli\u00e9e en 2010 disait <em>\u00ab je suis l\u2019une<br \/>\nd\u2019elles, je peux \u00eatre l\u2019une d\u2019elles \u00bb<\/em>. J\u2019ai un<br \/>\nsouci avec cette formulation, car la suspicion<br \/>\np\u00e8se sur les victimes de viol : a-t-elle<br \/>\n\u00e9t\u00e9 viol\u00e9e ou \u00e9tait-elle consentante ?<\/p>\n<p><em> <strong>Contrairement au manifeste des 343 qui<br \/>\nvisait la lib\u00e9ralisation de l\u2019avortement, il ne<br \/>\ns\u2019agit pas sur le viol de faire \u00e9voluer le<br \/>\ncadre l\u00e9gislatif. Quel est le but de ce film<br \/>\net du manifeste publi\u00e9 dans Le Nouvel<br \/>\nObservateur ?<\/strong> <\/em><\/p>\n<p>La loi est bien faite. Le probl\u00e8me, c\u2019est<br \/>\nqu\u2019elle n\u2019est pas utilis\u00e9e. Seules 8 \u00e0<br \/>\n10 % des victimes portent plainte\u2026<br \/>\nAvec cette initiative, nous proposons aux<br \/>\nfemmes de sortir de l\u2019anonymat et de la<br \/>\nhonte, afin d\u2019\u00e9duquer la soci\u00e9t\u00e9 en rappelant<br \/>\nla r\u00e9alit\u00e9 du viol. Il reste un grand<br \/>\ntravail d\u2019\u00e9ducation populaire \u00e0 mener.<br \/>\nDans un d\u00eener en ville, on peut dire qu\u2019on<br \/>\na \u00e9t\u00e9 cambriol\u00e9e ou s\u00e9questr\u00e9e, on ne<br \/>\npeut pas dire qu\u2019on a \u00e9t\u00e9 viol\u00e9e. Cet aveu<br \/>\ncr\u00e9e un malaise, les convives regardent<br \/>\nleurs chaussures. Cl\u00e9mentine Autain<br \/>\nm\u2019a ouvert les yeux l\u00e0-dessus. Tr\u00e8s peu<br \/>\nde gens savent ce que c\u2019est et ce que<br \/>\n\u00e7a implique. L\u2019exemple du type qui vous<br \/>\ntombe dessus dans une ruelle sombre \u00e0<br \/>\n4 heures du matin n\u2019est pas majoritaire.<br \/>\nDans 80 % des cas, ce crime est commis<br \/>\npar un proche. Les porte-parole qui<br \/>\ns\u2019expriment dans le documentaire ont<br \/>\n\u00e9t\u00e9 s\u00e9lectionn\u00e9es parce qu\u2019elles acceptaient<br \/>\nde parler de la crudit\u00e9 et la brutalit\u00e9<br \/>\nd\u2019un viol. Elles y avaient r\u00e9fl\u00e9chi, m\u00eame si<br \/>\ntoutes n\u2019avaient pas r\u00e9ussi \u00e0 se reconstruire.<br \/>\nChaque parole individuelle devient<br \/>\nau fur et \u00e0 mesure universelle.<\/p>\n","protected":false},"excerpt":{"rendered":"<p>Lib\u00e9rer la parole des femmes victimes de viol pour que<br \/>\nla honte change de camp, tel est l\u2019objectif vis\u00e9 par<br \/>\nle documentaire \u00ab Viol, elles se manifestent \u00bb, cor\u00e9alis\u00e9<br \/>\npar Andr\u00e9a Rawlins et St\u00e9phane Carrel. Entretien.<\/p>\n","protected":false},"author":573,"featured_media":0,"comment_status":"open","ping_status":"open","sticky":false,"template":"","format":"standard","meta":{"_themeisle_gutenberg_block_has_review":false,"footnotes":""},"categories":[1],"tags":[293],"class_list":["post-6052","post","type-post","status-publish","format-standard","hentry","category-non-classe","tag-entretien"],"_links":{"self":[{"href":"https:\/\/archives.regards.fr\/index.php?rest_route=\/wp\/v2\/posts\/6052","targetHints":{"allow":["GET"]}}],"collection":[{"href":"https:\/\/archives.regards.fr\/index.php?rest_route=\/wp\/v2\/posts"}],"about":[{"href":"https:\/\/archives.regards.fr\/index.php?rest_route=\/wp\/v2\/types\/post"}],"author":[{"embeddable":true,"href":"https:\/\/archives.regards.fr\/index.php?rest_route=\/wp\/v2\/users\/573"}],"replies":[{"embeddable":true,"href":"https:\/\/archives.regards.fr\/index.php?rest_route=%2Fwp%2Fv2%2Fcomments&post=6052"}],"version-history":[{"count":0,"href":"https:\/\/archives.regards.fr\/index.php?rest_route=\/wp\/v2\/posts\/6052\/revisions"}],"wp:attachment":[{"href":"https:\/\/archives.regards.fr\/index.php?rest_route=%2Fwp%2Fv2%2Fmedia&parent=6052"}],"wp:term":[{"taxonomy":"category","embeddable":true,"href":"https:\/\/archives.regards.fr\/index.php?rest_route=%2Fwp%2Fv2%2Fcategories&post=6052"},{"taxonomy":"post_tag","embeddable":true,"href":"https:\/\/archives.regards.fr\/index.php?rest_route=%2Fwp%2Fv2%2Ftags&post=6052"}],"curies":[{"name":"wp","href":"https:\/\/api.w.org\/{rel}","templated":true}]}}