{"id":6049,"date":"2012-12-07T19:55:00","date_gmt":"2012-12-07T18:55:00","guid":{"rendered":"https:\/\/wp.muchomaas.com\/pour-une-gauche-digne-du-non6049\/"},"modified":"2012-12-07T19:55:00","modified_gmt":"2012-12-07T18:55:00","slug":"pour-une-gauche-digne-du-non6049","status":"publish","type":"post","link":"https:\/\/archives.regards.fr\/?p=6049","title":{"rendered":"Pour une gauche digne du non !"},"content":{"rendered":"<p class=\"post_excerpt\">FN en embuscade, UMP en miettes, PS au centre\u2026<br \/>\nLa politique tangue. Comment le gauche va-t-elle<br \/>\nse ressaisir ?<\/p>\n<p>La politique fran\u00e7aise se restructure<br \/>\n\u00e0 grande vitesse.<br \/>\nQuels que soient les p\u00e9rip\u00e9ties<br \/>\nde l\u2019UMP et les<br \/>\nespoirs de l\u2019UDI centriste,<br \/>\nla droite continue de se radicaliser en<br \/>\nson coeur, autour d\u2019un projet combinant<br \/>\nl\u2019ultralib\u00e9ralisme \u00e9conomique et l\u2019autoritarisme<br \/>\ns\u00e9curitaire, largement inspir\u00e9<br \/>\npar la composante extr\u00eame du Front<br \/>\nnational. Quant au socialisme fran\u00e7ais,<br \/>\nil semble pr\u00eat \u00e0 s\u2019engager ouvertement<br \/>\ndans la voie d\u2019un social-lib\u00e9ralisme<br \/>\njusqu\u2019alors repouss\u00e9.<\/p>\n<p>Ce n\u2019est certes pas la premi\u00e8re fois<br \/>\nque la social-d\u00e9mocratie fran\u00e7aise se<br \/>\nlivre \u00e0 un recentrage de son action.<br \/>\nMais, jusqu\u2019\u00e0 ce jour, elle s\u2019\u00e9tait toujours<br \/>\nrefus\u00e9e \u00e0 lui donner la coh\u00e9rence<br \/>\nd\u2019un projet. En Europe, le mod\u00e8le de la<br \/>\nsocial-d\u00e9mocratie acceptant les normes<br \/>\n\u00e9conomiques fondamentales du capital<br \/>\nest rest\u00e9 longtemps celui du socialisme<br \/>\nallemand. En 1959, au congr\u00e8s de Bad<br \/>\nGodesberg, la social-d\u00e9mocratie d\u00e9cida<br \/>\nde renoncer \u00e0 la r\u00e9f\u00e9rence historique<br \/>\nqu\u2019elle faisait au marxisme et se fixa sur<br \/>\nune formule destin\u00e9e \u00e0 faire flor\u00e8s : <em>\u00ab Le<br \/>\nmarch\u00e9 autant que possible, l\u2019intervention<br \/>\npublique autant que n\u00e9cessaire. \u00bb<\/em><\/p>\n<p>Dans le discours, le socialisme fran\u00e7ais<br \/>\ns\u2019est longtemps attach\u00e9 \u00e0 refuser<br \/>\nofficiellement ce mod\u00e8le. Au d\u00e9but des<br \/>\nann\u00e9es 1970, le socialisme mitterrandien<br \/>\naffichait un anticapitalisme qui l\u2019opposait<br \/>\naux social-d\u00e9mocraties d\u2019Europe<br \/>\ndu Nord. En 1997, encore, Lionel Jospin<br \/>\nr\u00e9cusait vivement le social-lib\u00e9ralisme<br \/>\nde Tony Blair et de Gerhard Schr\u00f6der,<br \/>\narguant de son d\u00e9dain d\u2019une \u00ab soci\u00e9t\u00e9<br \/>\nde march\u00e9 \u00bb. Or, pour la plupart des<br \/>\nobservateurs, Fran\u00e7ois Hollande est d\u00e9sormais<br \/>\ninfiniment plus proche du sociallib\u00e9ralisme<br \/>\nallemand ou britannique que<br \/>\ndu \u00ab Changer la vie \u00bb socialiste de 1972.<br \/>\nLes primaires organis\u00e9es par le Parti<br \/>\nsocialiste il y a quelques mois ont, il est<br \/>\nvrai, fig\u00e9 le jeu d\u00e8s le d\u00e9part. La candidature<br \/>\nde Fran\u00e7ois Hollande s\u2019opposait<br \/>\n\u00e0 deux candidatures r\u00e9put\u00e9es plus \u00e0<br \/>\ngauche (Arnaud Montebourg et Martine<br \/>\nAubry), Manuel Valls occupant alors la<br \/>\nfonction du faire-valoir n\u00e9gatif \u00e0 droite.<br \/>\nCe d\u00e9s\u00e9quilibre initial poussait <em>de facto<\/em> Hollande vers le centre et sugg\u00e9rait,<br \/>\n\u00e0 mots couverts, qu\u2019il n\u2019y avait pas<br \/>\nd\u2019alternative \u00e0 l\u2019acceptation fondamentale<br \/>\ndes \u00ab forces obscures du march\u00e9 \u00bb.<br \/>\nMais la pression exerc\u00e9e par sa gauche<br \/>\net, davantage encore, l\u2019entrain du Front<br \/>\nde gauche obligeaient le candidat \u00ab central<br \/>\n\u00bb \u00e0 pr\u00e9server prudemment la tonalit\u00e9<br \/>\n\u00ab gauche \u00bb du discours officiel (c\u2019est<br \/>\nl\u2019\u00e9quilibre de son discours inaugural du<br \/>\nBourget). \u00ab Normal \u00bb : une fa\u00e7on ramass\u00e9e<br \/>\nde dire \u00ab pas trop \u00e0 gauche, pas<br \/>\ntrop \u00e0 droite \u00bb. Une fois au sommet de<br \/>\nl\u2019\u00c9tat, la vivacit\u00e9 de la crise aidant, les<br \/>\nprudences discursives sont renvoy\u00e9es<br \/>\nau vestiaire. Et plus question de disserter,<br \/>\ncomme le malheureux Jospin, sur le<br \/>\n<em>\u00ab oui \u00e0 l\u2019\u00e9conomie de march\u00e9, non \u00e0 la<br \/>\nsoci\u00e9t\u00e9 de march\u00e9 \u00bb<\/em>. Fran\u00e7ois Hollande<br \/>\na finalement assimil\u00e9 la conviction que,<br \/>\nen pratique, l\u2019une ne va pas sans l\u2019autre.<\/p>\n<h2>Rassembler sans exclure<\/h2>\n<p>Ce n\u2019est pas une bonne nouvelle.<br \/>\nD\u2019abord parce que le choix de la double<br \/>\nr\u00e9duction des d\u00e9ficits et du co\u00fbt du travail<br \/>\nest \u00e9conomiquement irr\u00e9aliste et<br \/>\nsocialement d\u00e9sastreux. Ensuite parce<br \/>\nque l\u2019\u00e9chec de la gauche \u00ab molle \u00bb risque<br \/>\ndavantage de d\u00e9boucher sur la victoire<br \/>\nd\u2019une droite \u00ab dure \u00bb que sur l\u2019affirmation<br \/>\nmajoritaire d\u2019une gauche \u00ab radicale \u00bb. En<br \/>\nbref, le plus redoutable serait que la capitulation<br \/>\nd\u00e9bouche sur une contre-r\u00e9volution,<br \/>\ndavantage que sur une insurrection.<br \/>\nCe sc\u00e9nario est-il \u00e9vitable ? Sur le papier,<br \/>\noui. Des luttes, partielles ou plus<br \/>\nglobales, un effort collectif pour formuler<br \/>\net promouvoir une m\u00e9thode et un projet<br \/>\nalternatifs et un regroupement suffisamment large de forces critiques et alternatives :<br \/>\nl\u2019\u00e9nonc\u00e9 g\u00e9n\u00e9ral des exigences n\u2019est<br \/>\npas si compliqu\u00e9. Mais si le choix de<br \/>\nce regroupement est le seul pertinent, il<br \/>\nexclut tout ce qui pourrait l\u2019emp\u00eacher ou<br \/>\nle retarder. Pas question, par exemple,<br \/>\nd\u2019imaginer qu\u2019il pourrait provenir du \u00ab ralliement<br \/>\n\u00bb progressif, au Front de gauche,<br \/>\ndes forces qui en sont pour l\u2019instant<br \/>\n\u00e9cart\u00e9es. Extr\u00eame gauche, socialistes de<br \/>\ngauche, \u00e9cologistes : nul ne devrait \u00eatre<br \/>\ntenu de se rallier \u00e0 qui que ce soit. Nul n\u2019a<br \/>\n\u00e0 battre sa coulpe, ni sur des choix tactiques<br \/>\n\u00e0 l\u2019int\u00e9rieur d\u2019une organisation (la<br \/>\ngauche socialiste), ni sur ses anath\u00e8mes<br \/>\npass\u00e9s (le NPA), ni sur ses tactiques l\u00e9gislatives<br \/>\nou m\u00eame ses choix europ\u00e9ens<br \/>\nr\u00e9cents (les \u00e9cologistes). Tout individu,<br \/>\ntoute force qui s\u2019\u00e9carte d\u00e9sormais de<br \/>\nl\u2019option sociale-lib\u00e9rale a vocation \u00e0 faire<br \/>\npartie d\u2019une majorit\u00e9 de gauche \u00e0 venir.<br \/>\nLe choix des sommets de l\u2019\u00c9tat n\u2019est pas<br \/>\nsans cons\u00e9quence pour toute la gauche.<br \/>\nD\u00e8s l\u2019instant o\u00f9 la coh\u00e9rence gouvernementale<br \/>\nest tir\u00e9e officiellement dans une<br \/>\ndirection sociale-lib\u00e9rale, le temps n\u2019est<br \/>\nplus au \u00ab ni oui ni non \u00bb. L\u2019abstention<br \/>\nn\u2019est plus de mise et la seule r\u00e9ponse<br \/>\nlisible est le non. Mais, pour que ce non<br \/>\ndevienne une \u00e9vidence \u00e0 gauche, et pour<br \/>\nqu\u2019il ne fasse pas le jeu d\u2019une droite<br \/>\nagressive et aux aguets, ce qui compte<br \/>\nd\u00e9sormais est la mani\u00e8re de dire non.<br \/>\nOu plut\u00f4t, elle est dans la mani\u00e8re de<br \/>\nfaire comprendre que le non a un seul<br \/>\nobjectif : \u00e9viter que, une nouvelle fois, la<br \/>\ncapitulation sociale-d\u00e9mocrate ne d\u00e9bouche<br \/>\nsur une d\u00e9moralisation populaire<br \/>\naccentu\u00e9e, ouvrant un boulevard \u00e0 une<br \/>\ncontre-r\u00e9volution lib\u00e9rale-s\u00e9curitaire.<\/p>\n<p>Pour une gauche digne de ce nom, il y<br \/>\na aujourd\u2019hui une double impasse : une<br \/>\nobsession du refus qui peut porter \u00e0 la<br \/>\nsolitude ; une prudence dans la critique<br \/>\nqui brouille la clart\u00e9 de tout message.<br \/>\nLa surench\u00e8re antisocialiste est sans<br \/>\neffet ; l\u2019indulgence pour les choix du<br \/>\nparti majoritaire est une faute\u2026 Mettre<br \/>\nen garde les gouvernants contre les<br \/>\ncons\u00e9quences de leurs choix, le faire au<br \/>\nParlement ou dans la rue est sans doute<br \/>\nune n\u00e9cessit\u00e9. Cela pourrait toutefois<br \/>\n\u00eatre de pi\u00e8tre efficacit\u00e9 face \u00e0 une logique<br \/>\ninstall\u00e9e, qui a toutes les chances<br \/>\nde se peaufiner. Cr\u00e9er en revanche les<br \/>\nconditions d\u2019une majorit\u00e9 de rechange \u00e0<br \/>\nvenir, faire montre en ce sens de la plus<br \/>\ngrande ouverture, du sens le plus aigu<br \/>\nde la tol\u00e9rance et de la mesure, voil\u00e0<br \/>\nqui devient la cl\u00e9, aupr\u00e8s de tout ce qui<br \/>\nest \u00e0 gauche et qui ne se reconna\u00eet pas<br \/>\ndans l\u2019orientation officielle. Que le Front<br \/>\nde gauche ait \u00e0 son actif l\u2019ant\u00e9riorit\u00e9 de<br \/>\nses choix est \u00e0 son honneur ; son utilit\u00e9<br \/>\nsera jug\u00e9e toutefois \u00e0 l\u2019aune seule de sa<br \/>\ncapacit\u00e9 \u00e0 rassembler sans exclusive.<br \/>\nEt, pour cela, de sa capacit\u00e9 \u00e0 innover<br \/>\ndans la d\u00e9signation d\u2019une alternative<br \/>\nde soci\u00e9t\u00e9. Il n\u2019y a pas de raccourci<br \/>\nqui permettrait de faire l\u2019\u00e9conomie<br \/>\nde cette voie.<\/p>\n","protected":false},"excerpt":{"rendered":"<p>FN en embuscade, UMP en miettes, PS au centre\u2026<br \/>\nLa politique tangue. Comment le gauche va-t-elle<br \/>\nse ressaisir ?<\/p>\n","protected":false},"author":328,"featured_media":0,"comment_status":"open","ping_status":"open","sticky":false,"template":"","format":"standard","meta":{"_themeisle_gutenberg_block_has_review":false,"footnotes":""},"categories":[1],"tags":[291,438,390],"class_list":["post-6049","post","type-post","status-publish","format-standard","hentry","category-non-classe","tag-analyse","tag-les-republicains","tag-parti-socialiste"],"_links":{"self":[{"href":"https:\/\/archives.regards.fr\/index.php?rest_route=\/wp\/v2\/posts\/6049","targetHints":{"allow":["GET"]}}],"collection":[{"href":"https:\/\/archives.regards.fr\/index.php?rest_route=\/wp\/v2\/posts"}],"about":[{"href":"https:\/\/archives.regards.fr\/index.php?rest_route=\/wp\/v2\/types\/post"}],"author":[{"embeddable":true,"href":"https:\/\/archives.regards.fr\/index.php?rest_route=\/wp\/v2\/users\/328"}],"replies":[{"embeddable":true,"href":"https:\/\/archives.regards.fr\/index.php?rest_route=%2Fwp%2Fv2%2Fcomments&post=6049"}],"version-history":[{"count":0,"href":"https:\/\/archives.regards.fr\/index.php?rest_route=\/wp\/v2\/posts\/6049\/revisions"}],"wp:attachment":[{"href":"https:\/\/archives.regards.fr\/index.php?rest_route=%2Fwp%2Fv2%2Fmedia&parent=6049"}],"wp:term":[{"taxonomy":"category","embeddable":true,"href":"https:\/\/archives.regards.fr\/index.php?rest_route=%2Fwp%2Fv2%2Fcategories&post=6049"},{"taxonomy":"post_tag","embeddable":true,"href":"https:\/\/archives.regards.fr\/index.php?rest_route=%2Fwp%2Fv2%2Ftags&post=6049"}],"curies":[{"name":"wp","href":"https:\/\/api.w.org\/{rel}","templated":true}]}}