{"id":6043,"date":"2013-01-04T16:17:22","date_gmt":"2013-01-04T15:17:22","guid":{"rendered":"https:\/\/wp.muchomaas.com\/vive-les-soviets-et-mort-aux6043\/"},"modified":"2013-01-04T16:17:22","modified_gmt":"2013-01-04T15:17:22","slug":"vive-les-soviets-et-mort-aux6043","status":"publish","type":"post","link":"https:\/\/archives.regards.fr\/?p=6043","title":{"rendered":"Vive les Soviets et Mort aux bolchos"},"content":{"rendered":"<p class=\"post_excerpt\">Affiches communistes et anticommunistes<\/p>\n<p>La bataille des id\u00e9es s&#8217;av\u00e9ra \u00e9galement, au vingti\u00e8me si\u00e8cle, une guerre d\u2019images. Les Bolcheviques firent ainsi de l\u2019agit-prop et de l\u2019iconographie une arme redoutable face \u00e0 leurs adversaires, de l\u2019extr\u00eame-droite \u00e0 l\u2019extr\u00eame-gauche, qui relev\u00e8rent \u00e9galement le gant. Le rapprochement des camps souvent oppos\u00e9s de \u00ab\u00a0l\u2019anticommunisme\u00a0\u00bb peut par ailleurs pr\u00eater \u00e0 d\u00e9bat dans le second ouvrage, m\u00eame s\u2019ils ne sont jamais m\u00e9lang\u00e9s&#8230; Ces deux livres pr\u00e9sentent donc les diverses facettes de ce combat pour la conqu\u00eate des yeux du peuple fran\u00e7ais et l\u2019h\u00e9g\u00e9monie sur les murs des villes du pays. Y figurent les grands moments de l\u2019histoire de France &#8211; les ann\u00e9es trente et la grande peur de la contamination du \u00ab\u00a0virus rouge\u00a0\u00bb , l\u2019occupation et la R\u00e9sistance, la Guerre froide et les chars de l\u2019arm\u00e9e rouge&#8230; &#8211; ainsi que les grandes th\u00e9matiques autour desquels s\u2019affront\u00e8rent les protagonistes\u00a0: la paix, le patriotisme, la classe ouvri\u00e8re, Staline, le progr\u00e8s social&#8230; Difficile de r\u00e9sumer avec des mots ce th\u00e9\u00e2tre visuel, comme la surcharge \u00e9motionnelle des affiches du PCF contre le \u00ab\u00a0r\u00e9armement allemand\u00a0\u00bb  ou la sobri\u00e9t\u00e9 gla\u00e7ante de celle de la f\u00e9d\u00e9ration anarchiste qui assimilait les Jeux de Moscou en 1980 \u00e0 ceux de Berlin en 1936. L\u2019histoire politique peut-\u00eatre si belle et terrifiante \u00e0 contempler.<\/p>\n<p><em>Vive les Soviets &#8211; Un si\u00e8cle d&#8217;affiches communistes<\/em>\u00a0 de Romain Ducoulombier, Les Echapp\u00e9s, 34\u20ac et <em>Mort aux bolchos &#8211; Un si\u00e8cle d&#8217;affiches anticommunistes<\/em> de Nicolas Lebourg, Les \u00e9chapp\u00e9s, 34\u20ac.<\/p>\n","protected":false},"excerpt":{"rendered":"<p>Affiches communistes et anticommunistes<\/p>\n","protected":false},"author":579,"featured_media":17539,"comment_status":"open","ping_status":"open","sticky":false,"template":"","format":"standard","meta":{"_themeisle_gutenberg_block_has_review":false,"footnotes":""},"categories":[111],"tags":[396],"class_list":["post-6043","post","type-post","status-publish","format-standard","has-post-thumbnail","hentry","category-nos-selections","tag-livre"],"_links":{"self":[{"href":"https:\/\/archives.regards.fr\/index.php?rest_route=\/wp\/v2\/posts\/6043","targetHints":{"allow":["GET"]}}],"collection":[{"href":"https:\/\/archives.regards.fr\/index.php?rest_route=\/wp\/v2\/posts"}],"about":[{"href":"https:\/\/archives.regards.fr\/index.php?rest_route=\/wp\/v2\/types\/post"}],"author":[{"embeddable":true,"href":"https:\/\/archives.regards.fr\/index.php?rest_route=\/wp\/v2\/users\/579"}],"replies":[{"embeddable":true,"href":"https:\/\/archives.regards.fr\/index.php?rest_route=%2Fwp%2Fv2%2Fcomments&post=6043"}],"version-history":[{"count":0,"href":"https:\/\/archives.regards.fr\/index.php?rest_route=\/wp\/v2\/posts\/6043\/revisions"}],"wp:featuredmedia":[{"embeddable":true,"href":"https:\/\/archives.regards.fr\/index.php?rest_route=\/wp\/v2\/media\/17539"}],"wp:attachment":[{"href":"https:\/\/archives.regards.fr\/index.php?rest_route=%2Fwp%2Fv2%2Fmedia&parent=6043"}],"wp:term":[{"taxonomy":"category","embeddable":true,"href":"https:\/\/archives.regards.fr\/index.php?rest_route=%2Fwp%2Fv2%2Fcategories&post=6043"},{"taxonomy":"post_tag","embeddable":true,"href":"https:\/\/archives.regards.fr\/index.php?rest_route=%2Fwp%2Fv2%2Ftags&post=6043"}],"curies":[{"name":"wp","href":"https:\/\/api.w.org\/{rel}","templated":true}]}}